{"id":11868,"date":"2025-12-02T09:41:28","date_gmt":"2025-12-02T12:41:28","guid":{"rendered":"https:\/\/opinionpublica.com.ar\/index\/?p=11868"},"modified":"2025-12-02T09:41:28","modified_gmt":"2025-12-02T12:41:28","slug":"argentina-exportara-gas-de-vaca-muerta-a-europa-durante-ocho-anos","status":"publish","type":"post","link":"https:\/\/opinionpublica.com.ar\/index\/argentina-exportara-gas-de-vaca-muerta-a-europa-durante-ocho-anos\/","title":{"rendered":"Argentina exportar\u00e1 gas de Vaca Muerta a Europa durante ocho a\u00f1os"},"content":{"rendered":"<header class=\"main-header col\">\n<div class=\"row\">\n<div class=\"max-width-md main-header__wrapper\">\n<h3 id=\"paywall-login-container\" class=\"pw-suscripcion\">Argentina exportar\u00e1 gas de Vaca Muerta a Europa durante ocho a\u00f1os, tras un acuerdo energ\u00e9tico hist\u00f3rico<\/h3>\n<\/div>\n<\/div>\n<\/header>\n<div id=\"page\" class=\"row economia\">\n<article id=\"noticia\" class=\"article container\">\n<div class=\"article__header max-width-md\">\n<p class=\"article__headline\">La sociedad de empresas locales que vender\u00e1n v\u00eda buques hicieron un acuerdo por 8 a\u00f1os con la principal una de las empresas energ\u00e9ticas m\u00e1s poderosas del mundo. Ya est\u00e1 vendido casi todo el gas que saldr\u00e1 v\u00eda barco desde la Argentina<\/p>\n<p><a href=\"https:\/\/opinionpublica.com.ar\/index\/wp-content\/uploads\/2025\/12\/buque-de-gnl-de-pae-y-golar-1882326.webp\"><img fetchpriority=\"high\" decoding=\"async\" class=\"alignnone size-full wp-image-11869\" src=\"https:\/\/opinionpublica.com.ar\/index\/wp-content\/uploads\/2025\/12\/buque-de-gnl-de-pae-y-golar-1882326.webp\" alt=\"\" width=\"570\" height=\"321\" srcset=\"https:\/\/opinionpublica.com.ar\/index\/wp-content\/uploads\/2025\/12\/buque-de-gnl-de-pae-y-golar-1882326.webp 570w, https:\/\/opinionpublica.com.ar\/index\/wp-content\/uploads\/2025\/12\/buque-de-gnl-de-pae-y-golar-1882326-300x169.webp 300w\" sizes=\"(max-width: 570px) 100vw, 570px\" \/><\/a><\/p>\n<\/div>\n<\/article>\n<\/div>\n<p>Southern Energy (SESA), la sociedad que re\u00fane a un pool de empresas energ\u00e9ticas que vender\u00e1 GNL de Vaca Muerta al mundo, firm\u00f3 un acuerdo marco hist\u00f3rico con la empresa internacional alemana, Securing Energy for Europe (SEFE), para proveerle gas natural a Europa. Ser\u00e1n 2 millones de toneladas anuales, lo que significa que casi toda la capacidad de uno de los dos buques que estar\u00e1n operables para exportar desde septiembre de 2027 estar\u00e1 vendida durante los siguientes ocho a\u00f1os.<\/p>\n<p>&nbsp;<\/p>\n<p>El acuerdo, que deber\u00e1 ser ratificado \u201clos pr\u00f3ximos meses\u201d cuando se haga la firma final, contiene un triple significado: el \u00e9xito del negocio que iniciaron las empresas que apostaron por la exportaci\u00f3n v\u00eda buques, encabezadas por PAE, para acelerar las ventas al mundo; la generaci\u00f3n de divisas para el pa\u00eds de manera sostenida, para lograr un equilibrio financiero; y la diversificaci\u00f3n europea en su abastecimiento energ\u00e9tico, que hab\u00eda mostrado inestabilidad en el contexto b\u00e9lico entre Rusia y Ucrania, entre otros.<\/p>\n<p>&nbsp;<\/p>\n<p>Dependiendo de las cotizaciones mundiales del gas, que es un commodity y su precio fluct\u00faa de acuerdo al mercado, las exportaciones podr\u00edan alcanzar un valor superior a los USD 7.000 millones durante la vigencia del acuerdo, seg\u00fan el c\u00e1lculo que hacen las empresas. Ese negocio generar\u00e1 una fuente de divisas genuina para Argentina y una contribuci\u00f3n a la seguridad energ\u00e9tica en Europa.<\/p>\n<p>&nbsp;<\/p>\n<p><strong>Se exportar\u00e1n 2 M de toneladas anuales por 8 a\u00f1os<\/strong><\/p>\n<p>\u201cSouthern Energy, conformada por PAE, YPF, Pampa Energ\u00eda, Harbour Energy y Golar LNG, y SEFE Securing Energy for Europe, reconocida compa\u00f1\u00eda internacional propiedad del Gobierno Federal de Alemania, firmaron un acuerdo marco para la venta de 2 millones de toneladas anuales de GNL durante 8 a\u00f1os. La operaci\u00f3n ser\u00eda la mayor venta de GNL desde Argentina al mundo en t\u00e9rminos de volumen y de plazo\u201d, sostuvo un comunicado de prensa.<\/p>\n<p><a href=\"https:\/\/opinionpublica.com.ar\/index\/wp-content\/uploads\/2024\/03\/vaca-muerta.jpg\"><img decoding=\"async\" class=\"size-full wp-image-879\" src=\"https:\/\/opinionpublica.com.ar\/index\/wp-content\/uploads\/2024\/03\/vaca-muerta.jpg\" alt=\"\" width=\"1403\" height=\"693\" srcset=\"https:\/\/opinionpublica.com.ar\/index\/wp-content\/uploads\/2024\/03\/vaca-muerta.jpg 1403w, https:\/\/opinionpublica.com.ar\/index\/wp-content\/uploads\/2024\/03\/vaca-muerta-300x148.jpg 300w, https:\/\/opinionpublica.com.ar\/index\/wp-content\/uploads\/2024\/03\/vaca-muerta-1024x506.jpg 1024w, https:\/\/opinionpublica.com.ar\/index\/wp-content\/uploads\/2024\/03\/vaca-muerta-768x379.jpg 768w\" sizes=\"(max-width: 1403px) 100vw, 1403px\" \/><\/a><\/p>\n<p>El buque que llevar\u00e1 el GNL de Vaca Muerta a Europa ser\u00e1 el \u201cHilli Episeyo\u201d, el primero de los dos buques de licuefacci\u00f3n que ser\u00e1n instalados por SESA en el rionegrino Golfo San Mat\u00edas. La demanda europea, firmada con la empresa estatal alemana, representa m\u00e1s del 80% del volumen de gas licuado que ese buque tiene capacidad de producci\u00f3n (2,45 millones de toneladas anuales de GNL). Si se compara con los dos barcos que estar\u00e1n operables, la proporci\u00f3n del peso europeo en s\u00f3lo esta operaci\u00f3n ser de m\u00e1s del 30% de la capacidad de producci\u00f3n conjunta (6 millones de toneladas anuales de GNL).<\/p>\n<p>&nbsp;<\/p>\n<h4>YPF firm\u00f3 un acuerdo clave para exportar GNL desde Vaca Muerta<\/h4>\n<p>Seg\u00fan se\u00f1alaron fuentes de las empresas, el acuerdo marco que se firm\u00f3 ahora deber\u00e1 finalizarse con un acuerdo final de venta entre las partes previsto para los pr\u00f3ximos meses. Pero, de acuerdo a las condiciones de los t\u00e9rminos acordados, la ratificaci\u00f3n ser\u00e1 la formalidad de un negocio que dejar\u00e1 a todas las partes en condiciones de estabilidad durante casi una d\u00e9cada.<\/p>\n<p>&nbsp;<\/p>\n","protected":false},"excerpt":{"rendered":"<p>Argentina exportar\u00e1 gas de Vaca Muerta a Europa durante ocho a\u00f1os, tras un acuerdo energ\u00e9tico hist\u00f3rico La sociedad<\/p>\n","protected":false},"author":5,"featured_media":879,"comment_status":"open","ping_status":"open","sticky":false,"template":"","format":"standard","meta":{"footnotes":""},"categories":[3],"tags":[66,2817,272],"class_list":["post-11868","post","type-post","status-publish","format-standard","has-post-thumbnail","hentry","category-nacionales","tag-gas","tag-gnl","tag-vaca-muerta"],"featured_image_urls":{"full":["https:\/\/opinionpublica.com.ar\/index\/wp-content\/uploads\/2024\/03\/vaca-muerta.jpg",1403,693,false],"thumbnail":["https:\/\/opinionpublica.com.ar\/index\/wp-content\/uploads\/2024\/03\/vaca-muerta-150x150.jpg",150,150,true],"medium":["https:\/\/opinionpublica.com.ar\/index\/wp-content\/uploads\/2024\/03\/vaca-muerta-300x148.jpg",300,148,true],"medium_large":["https:\/\/opinionpublica.com.ar\/index\/wp-content\/uploads\/2024\/03\/vaca-muerta-768x379.jpg",640,316,true],"large":["https:\/\/opinionpublica.com.ar\/index\/wp-content\/uploads\/2024\/03\/vaca-muerta-1024x506.jpg",640,316,true],"1536x1536":["https:\/\/opinionpublica.com.ar\/index\/wp-content\/uploads\/2024\/03\/vaca-muerta.jpg",1403,693,false],"2048x2048":["https:\/\/opinionpublica.com.ar\/index\/wp-content\/uploads\/2024\/03\/vaca-muerta.jpg",1403,693,false],"morenews-large":["https:\/\/opinionpublica.com.ar\/index\/wp-content\/uploads\/2024\/03\/vaca-muerta-825x575.jpg",825,575,true],"morenews-medium":["https:\/\/opinionpublica.com.ar\/index\/wp-content\/uploads\/2024\/03\/vaca-muerta-590x410.jpg",590,410,true]},"author_info":{"display_name":"Hal","author_link":"https:\/\/opinionpublica.com.ar\/index\/author\/hal\/"},"category_info":"<a href=\"https:\/\/opinionpublica.com.ar\/index\/category\/nacionales\/\" rel=\"category tag\">Nacionales<\/a>","tag_info":"Nacionales","comment_count":"0","_links":{"self":[{"href":"https:\/\/opinionpublica.com.ar\/index\/wp-json\/wp\/v2\/posts\/11868","targetHints":{"allow":["GET"]}}],"collection":[{"href":"https:\/\/opinionpublica.com.ar\/index\/wp-json\/wp\/v2\/posts"}],"about":[{"href":"https:\/\/opinionpublica.com.ar\/index\/wp-json\/wp\/v2\/types\/post"}],"author":[{"embeddable":true,"href":"https:\/\/opinionpublica.com.ar\/index\/wp-json\/wp\/v2\/users\/5"}],"replies":[{"embeddable":true,"href":"https:\/\/opinionpublica.com.ar\/index\/wp-json\/wp\/v2\/comments?post=11868"}],"version-history":[{"count":1,"href":"https:\/\/opinionpublica.com.ar\/index\/wp-json\/wp\/v2\/posts\/11868\/revisions"}],"predecessor-version":[{"id":11870,"href":"https:\/\/opinionpublica.com.ar\/index\/wp-json\/wp\/v2\/posts\/11868\/revisions\/11870"}],"wp:featuredmedia":[{"embeddable":true,"href":"https:\/\/opinionpublica.com.ar\/index\/wp-json\/wp\/v2\/media\/879"}],"wp:attachment":[{"href":"https:\/\/opinionpublica.com.ar\/index\/wp-json\/wp\/v2\/media?parent=11868"}],"wp:term":[{"taxonomy":"category","embeddable":true,"href":"https:\/\/opinionpublica.com.ar\/index\/wp-json\/wp\/v2\/categories?post=11868"},{"taxonomy":"post_tag","embeddable":true,"href":"https:\/\/opinionpublica.com.ar\/index\/wp-json\/wp\/v2\/tags?post=11868"}],"curies":[{"name":"wp","href":"https:\/\/api.w.org\/{rel}","templated":true}]}}