{"id":11871,"date":"2025-12-02T09:46:42","date_gmt":"2025-12-02T12:46:42","guid":{"rendered":"https:\/\/opinionpublica.com.ar\/index\/?p=11871"},"modified":"2025-12-02T09:46:42","modified_gmt":"2025-12-02T12:46:42","slug":"terra-ignis-yo-veo-que-esto-es-poco-transparente","status":"publish","type":"post","link":"https:\/\/opinionpublica.com.ar\/index\/terra-ignis-yo-veo-que-esto-es-poco-transparente\/","title":{"rendered":"Terra Ignis: \u201cYo veo que esto es poco transparente\u201d"},"content":{"rendered":"<h3 style=\"text-align: left;\">Terra Ignis: \u201cYo veo que esto es poco transparente\u201d<\/h3>\n<p><a href=\"https:\/\/opinionpublica.com.ar\/index\/wp-content\/uploads\/2024\/06\/petroleo-produccion-pozo-petrolero-1920-1.jpg\"><img fetchpriority=\"high\" decoding=\"async\" class=\"alignnone size-full wp-image-4208\" src=\"https:\/\/opinionpublica.com.ar\/index\/wp-content\/uploads\/2024\/06\/petroleo-produccion-pozo-petrolero-1920-1.jpg\" alt=\"\" width=\"1920\" height=\"1080\" srcset=\"https:\/\/opinionpublica.com.ar\/index\/wp-content\/uploads\/2024\/06\/petroleo-produccion-pozo-petrolero-1920-1.jpg 1920w, https:\/\/opinionpublica.com.ar\/index\/wp-content\/uploads\/2024\/06\/petroleo-produccion-pozo-petrolero-1920-1-300x169.jpg 300w, https:\/\/opinionpublica.com.ar\/index\/wp-content\/uploads\/2024\/06\/petroleo-produccion-pozo-petrolero-1920-1-1024x576.jpg 1024w, https:\/\/opinionpublica.com.ar\/index\/wp-content\/uploads\/2024\/06\/petroleo-produccion-pozo-petrolero-1920-1-768x432.jpg 768w, https:\/\/opinionpublica.com.ar\/index\/wp-content\/uploads\/2024\/06\/petroleo-produccion-pozo-petrolero-1920-1-1536x864.jpg 1536w\" sizes=\"(max-width: 1920px) 100vw, 1920px\" \/><\/a><\/p>\n<p>Un ingeniero especialista cuestion\u00f3 la falta de datos en la cesi\u00f3n de \u00e1reas de YPF y advirti\u00f3 que el estatal provincial no podr\u00eda operar solo.<\/p>\n<p>&nbsp;<\/p>\n<p>El ingeniero Oscar Su\u00e1rez, referente en materia de hidrocarburos, advirti\u00f3 serias inconsistencias y falta de informaci\u00f3n en el proceso de traspaso de \u00e1reas de YPF a Terra Ignis. \u201cEsto es poco transparente\u201d, afirm\u00f3 en di\u00e1logo con FM Master\u2019s, y subray\u00f3 que sin datos t\u00e9cnicos m\u00ednimos es imposible evaluar la viabilidad del proyecto.<\/p>\n<p>&nbsp;<\/p>\n<p>Su\u00e1rez explic\u00f3 que los activos en discusi\u00f3n requieren un manejo complejo. \u201cEstamos hablando de yacimientos maduros con una curva de declinaci\u00f3n de producci\u00f3n. Son yacimientos convencionales, con altos costos operativos\u201d, detall\u00f3.<\/p>\n<p>&nbsp;<\/p>\n<p>Para sostener esa producci\u00f3n \u2014indic\u00f3\u2014 se necesitan inversiones significativas: \u201cEn los convencionales hay que invertir en recuperaci\u00f3n primaria y secundaria. Mantenimiento, pozos de 2.000 metros. Hay que hacer pulling, y un pulling puede salir dos millones de d\u00f3lares. \u00bfQui\u00e9n lo va a hacer?\u201d.<\/p>\n<p>&nbsp;<\/p>\n<p>\u201cEn una petrolera lo que vale son las reservas, y ac\u00e1 no las conocemos\u201d<\/p>\n<p>&nbsp;<\/p>\n<p>El especialista se\u00f1al\u00f3 que el punto cr\u00edtico es la ausencia de datos sobre los vol\u00famenes reales de los yacimientos.<\/p>\n<p>&nbsp;<\/p>\n<p>\u201cNo podemos saber si Terra Ignis se puede hacer cargo si no se sabe qu\u00e9 reservas hay: probables, posibles y recursos. Una empresa petrolera no vale por las m\u00e1quinas ya amortizadas. En una petrolera lo que vale son las reservas, y ac\u00e1 no sabemos si hay ni de qu\u00e9 tipo\u201d, remarc\u00f3.<\/p>\n<p>&nbsp;<\/p>\n<p>Tambi\u00e9n compar\u00f3 el proceso con negociaciones m\u00e1s ventajosas realizadas por otras provincias.<\/p>\n<p>&nbsp;<\/p>\n<p>\u201cChubut negoci\u00f3 la baja de retenciones del petr\u00f3leo, lo que mejora el valor de venta. Santa Cruz tambi\u00e9n lo hizo. Tierra del Fuego podr\u00eda haber explorado caminos similares\u201d, sostuvo.<\/p>\n<p>&nbsp;<\/p>\n<h4>Incertidumbre operativa y la salida de un actor clave<\/h4>\n<p>El ingeniero destac\u00f3 adem\u00e1s un indicador preocupante del sector: \u201cRoch, una de las empresas que m\u00e1s ha invertido en Tierra del Fuego, posiblemente no solicite la pr\u00f3rroga de sus \u00e1reas. Naturalmente deber\u00eda haber sido una de las interesadas\u201d, observ\u00f3.<\/p>\n<p>&nbsp;<\/p>\n<p>En el plano log\u00edstico, advirti\u00f3 que existen problemas no resueltos: \u201c\u00bfC\u00f3mo sacar el petr\u00f3leo si no tenemos boyas funcionando? Las que est\u00e1n son usadas y no dieron resultados. La producci\u00f3n de hoy es pr\u00e1cticamente m\u00ednima\u201d.<\/p>\n<p>&nbsp;<\/p>\n<p>\u201cSi le piden a Terra Ignis que se haga cargo sola, es una locura\u201d<\/p>\n<p>&nbsp;<\/p>\n<p>Su\u00e1rez cuestion\u00f3 adem\u00e1s la capacidad t\u00e9cnica de la empresa estatal: \u201cPreocupa que Terra Ignis sepa o no con qu\u00e9 se va a encontrar. Hoy hay directores pol\u00edticos y, como no hay informaci\u00f3n, uno no sabe qu\u00e9 saben y qu\u00e9 no\u201d.<\/p>\n<p>&nbsp;<\/p>\n<p>Al analizar el impacto econ\u00f3mico, tambi\u00e9n record\u00f3 que las regal\u00edas est\u00e1n muy por debajo de su potencial hist\u00f3rico. \u201cCon los valores actuales, las regal\u00edas deber\u00edan estar en menos de un mill\u00f3n\u201d, estim\u00f3.<\/p>\n<p>&nbsp;<\/p>\n<p>Finalmente, fue categ\u00f3rico sobre el modelo de gesti\u00f3n: \u201cCuando me hablan de Terra Ignis, quiero pensar que ir\u00e1 de socio. Porque si a Terra Ignis le est\u00e1n pidiendo que se haga cargo sola, es una locura\u201d.<\/p>\n<p>&nbsp;<\/p>\n","protected":false},"excerpt":{"rendered":"<p>Terra Ignis: \u201cYo veo que esto es poco transparente\u201d Un ingeniero especialista cuestion\u00f3 la falta de datos en<\/p>\n","protected":false},"author":5,"featured_media":2002,"comment_status":"open","ping_status":"open","sticky":false,"template":"","format":"standard","meta":{"footnotes":""},"categories":[2],"tags":[747],"class_list":["post-11871","post","type-post","status-publish","format-standard","has-post-thumbnail","hentry","category-tierra-del-fuego","tag-terra-ignis"],"featured_image_urls":{"full":["https:\/\/opinionpublica.com.ar\/index\/wp-content\/uploads\/2024\/04\/pozo-petrolero.jpg",1500,870,false],"thumbnail":["https:\/\/opinionpublica.com.ar\/index\/wp-content\/uploads\/2024\/04\/pozo-petrolero-150x150.jpg",150,150,true],"medium":["https:\/\/opinionpublica.com.ar\/index\/wp-content\/uploads\/2024\/04\/pozo-petrolero-300x174.jpg",300,174,true],"medium_large":["https:\/\/opinionpublica.com.ar\/index\/wp-content\/uploads\/2024\/04\/pozo-petrolero-768x445.jpg",640,371,true],"large":["https:\/\/opinionpublica.com.ar\/index\/wp-content\/uploads\/2024\/04\/pozo-petrolero-1024x594.jpg",640,371,true],"1536x1536":["https:\/\/opinionpublica.com.ar\/index\/wp-content\/uploads\/2024\/04\/pozo-petrolero.jpg",1500,870,false],"2048x2048":["https:\/\/opinionpublica.com.ar\/index\/wp-content\/uploads\/2024\/04\/pozo-petrolero.jpg",1500,870,false],"morenews-large":["https:\/\/opinionpublica.com.ar\/index\/wp-content\/uploads\/2024\/04\/pozo-petrolero-825x575.jpg",825,575,true],"morenews-medium":["https:\/\/opinionpublica.com.ar\/index\/wp-content\/uploads\/2024\/04\/pozo-petrolero-590x410.jpg",590,410,true]},"author_info":{"display_name":"Hal","author_link":"https:\/\/opinionpublica.com.ar\/index\/author\/hal\/"},"category_info":"<a href=\"https:\/\/opinionpublica.com.ar\/index\/category\/tierra-del-fuego\/\" rel=\"category tag\">Tierra del Fuego<\/a>","tag_info":"Tierra del Fuego","comment_count":"0","_links":{"self":[{"href":"https:\/\/opinionpublica.com.ar\/index\/wp-json\/wp\/v2\/posts\/11871","targetHints":{"allow":["GET"]}}],"collection":[{"href":"https:\/\/opinionpublica.com.ar\/index\/wp-json\/wp\/v2\/posts"}],"about":[{"href":"https:\/\/opinionpublica.com.ar\/index\/wp-json\/wp\/v2\/types\/post"}],"author":[{"embeddable":true,"href":"https:\/\/opinionpublica.com.ar\/index\/wp-json\/wp\/v2\/users\/5"}],"replies":[{"embeddable":true,"href":"https:\/\/opinionpublica.com.ar\/index\/wp-json\/wp\/v2\/comments?post=11871"}],"version-history":[{"count":1,"href":"https:\/\/opinionpublica.com.ar\/index\/wp-json\/wp\/v2\/posts\/11871\/revisions"}],"predecessor-version":[{"id":11872,"href":"https:\/\/opinionpublica.com.ar\/index\/wp-json\/wp\/v2\/posts\/11871\/revisions\/11872"}],"wp:featuredmedia":[{"embeddable":true,"href":"https:\/\/opinionpublica.com.ar\/index\/wp-json\/wp\/v2\/media\/2002"}],"wp:attachment":[{"href":"https:\/\/opinionpublica.com.ar\/index\/wp-json\/wp\/v2\/media?parent=11871"}],"wp:term":[{"taxonomy":"category","embeddable":true,"href":"https:\/\/opinionpublica.com.ar\/index\/wp-json\/wp\/v2\/categories?post=11871"},{"taxonomy":"post_tag","embeddable":true,"href":"https:\/\/opinionpublica.com.ar\/index\/wp-json\/wp\/v2\/tags?post=11871"}],"curies":[{"name":"wp","href":"https:\/\/api.w.org\/{rel}","templated":true}]}}