{"id":11873,"date":"2025-12-02T10:01:23","date_gmt":"2025-12-02T13:01:23","guid":{"rendered":"https:\/\/opinionpublica.com.ar\/index\/?p=11873"},"modified":"2025-12-02T10:01:23","modified_gmt":"2025-12-02T13:01:23","slug":"gustavo-ventura-dante-gebel-es-lo-que-argentina-necesita","status":"publish","type":"post","link":"https:\/\/opinionpublica.com.ar\/index\/gustavo-ventura-dante-gebel-es-lo-que-argentina-necesita\/","title":{"rendered":"Gustavo Ventura: Dante Gebel es lo que Argentina necesita"},"content":{"rendered":"<h3>Gustavo Ventura se suma al pedido de dirigentes nacionales: \u201cDante Gebel es lo que Argentina necesita por eso queremos que asuma el desaf\u00edo presidencial en 2027\u201d<\/h3>\n<p><a href=\"https:\/\/opinionpublica.com.ar\/index\/wp-content\/uploads\/2025\/12\/IMG-20251202-WA0000.jpg\"><img fetchpriority=\"high\" decoding=\"async\" class=\"alignnone size-full wp-image-11874\" src=\"https:\/\/opinionpublica.com.ar\/index\/wp-content\/uploads\/2025\/12\/IMG-20251202-WA0000.jpg\" alt=\"\" width=\"1200\" height=\"800\" srcset=\"https:\/\/opinionpublica.com.ar\/index\/wp-content\/uploads\/2025\/12\/IMG-20251202-WA0000.jpg 1200w, https:\/\/opinionpublica.com.ar\/index\/wp-content\/uploads\/2025\/12\/IMG-20251202-WA0000-300x200.jpg 300w, https:\/\/opinionpublica.com.ar\/index\/wp-content\/uploads\/2025\/12\/IMG-20251202-WA0000-1024x683.jpg 1024w, https:\/\/opinionpublica.com.ar\/index\/wp-content\/uploads\/2025\/12\/IMG-20251202-WA0000-768x512.jpg 768w\" sizes=\"(max-width: 1200px) 100vw, 1200px\" \/><\/a><\/p>\n<p>En un giro destacado dentro del escenario pol\u00edtico de cara a 2027, el dirigente fueguino Gustavo Ventura (PAR) afirm\u00f3 su respaldo al comunicador y conferencista Dante Gebel, poniendo el foco en su perfil de valores, solidaridad y convocatoria transversal, y posicion\u00e1ndolo como una alternativa con capacidad de \u201cunir a todos los argentinos es por eso que me sumo a lo expresado por Juan Pablo Brey, quien impulsa la candidatura de Dante\u201d.<\/p>\n<p>\u201cArgentina necesita, sin lugar a dudas, una persona como Dante Gebel para ser conducida \u2014y necesita de todos nosotros para eso\u201d, declar\u00f3 Ventura en una radio.<\/p>\n<p>Solidaridad, fe y compromiso social<\/p>\n<p>Ventura subray\u00f3 que en la reciente visita de Gebel a Ushuaia se vivi\u00f3 un gesto ejemplar: el total del monto recaudado por las entradas fue donado a organizaciones sociales, demostrando que el respaldo no es solo ret\u00f3rico, sino tambi\u00e9n concreto. En ese contexto, tambi\u00e9n se produjo un encuentro entre Ventura y Gebel, en el que conversaron sobre la realidad del pa\u00eds, la necesidad de renovar las formas de hacer pol\u00edtica \u2014m\u00e1s cerca de la gente, basada en valores y honestidad\u2014 y la posibilidad de construir una base para un proyecto nacional.<\/p>\n<p>Adem\u00e1s, desde el armado pol\u00edtico de Ventura en Tierra del Fuego ya confluyen m\u00faltiples organizaciones cristianas e iglesias de distintas corrientes, lo que refuerza el perfil comunitario, religioso y de redes sociales que buscan combinar tradici\u00f3n, compromiso social y pol\u00edtica no convencional.<\/p>\n<p>Cr\u00edtica al actual sistema pol\u00edtico: \u201cNecesitamos nuevos caminos\u201d<\/p>\n<p>Seg\u00fan Ventura, la Argentina atraviesa una crisis de valores, de representatividad y de liderazgo. Para \u00e9l, figuras tradicionales de la pol\u00edtica quedaron desgastadas, y lo que la sociedad demanda hoy es un liderazgo genuino, con convicciones, credibilidad y capacidad de unir m\u00e1s all\u00e1 de viejas etiquetas. En ese sentido, Gebel re\u00fane esas condiciones: su trayectoria como conferencista, su historial de ayudas sociales \u2014como las donaciones realizadas por su fundaci\u00f3n en distintos puntos del pa\u00eds\u2014, y su perfil medi\u00e1tico con llegada transversal le dan a Ventura la convicci\u00f3n de que \u201cpuede ser una opci\u00f3n real para 2027\u201d.<\/p>\n<p><a href=\"https:\/\/opinionpublica.com.ar\/index\/wp-content\/uploads\/2025\/05\/6a3bcfce-8408-401a-bc5b-80280fe51d17-gustavo-ventura.jpg\"><img decoding=\"async\" class=\"alignnone size-full wp-image-9748\" src=\"https:\/\/opinionpublica.com.ar\/index\/wp-content\/uploads\/2025\/05\/6a3bcfce-8408-401a-bc5b-80280fe51d17-gustavo-ventura.jpg\" alt=\"\" width=\"1170\" height=\"772\" srcset=\"https:\/\/opinionpublica.com.ar\/index\/wp-content\/uploads\/2025\/05\/6a3bcfce-8408-401a-bc5b-80280fe51d17-gustavo-ventura.jpg 1170w, https:\/\/opinionpublica.com.ar\/index\/wp-content\/uploads\/2025\/05\/6a3bcfce-8408-401a-bc5b-80280fe51d17-gustavo-ventura-300x198.jpg 300w, https:\/\/opinionpublica.com.ar\/index\/wp-content\/uploads\/2025\/05\/6a3bcfce-8408-401a-bc5b-80280fe51d17-gustavo-ventura-1024x676.jpg 1024w, https:\/\/opinionpublica.com.ar\/index\/wp-content\/uploads\/2025\/05\/6a3bcfce-8408-401a-bc5b-80280fe51d17-gustavo-ventura-768x507.jpg 768w\" sizes=\"(max-width: 1170px) 100vw, 1170px\" \/><\/a><\/p>\n<p>Una propuesta diferente desde el Sur<\/p>\n<p>Con esta declaraci\u00f3n, Ventura pone sobre la mesa una alternativa pol\u00edtica distinta a las tradicionales estructuras provinciales y nacionales: desde Tierra del Fuego, con el PAR, busca canalizar un proyecto de arraigo, identidad local, compromiso productivo y social, que \u2014dijo\u2014 tenga la capacidad de expandirse a nivel nacional si se articula con liderazgos como el de Gebel. La incorporaci\u00f3n de iglesias y organizaciones cristianas ampl\u00eda el marco de lo que podr\u00eda ser un nuevo bloque de base social, m\u00e1s all\u00e1 de las l\u00f3gicas partidarias tradicionales.<\/p>\n<p>Para Ventura, este intento no significa \u201cperonismo, kirchnerismo, liberalismo o lo que fue\u201d, sino una reconfiguraci\u00f3n hacia lo que hoy \u2014asegura\u2014 pide la gente: honestidad, valores, solidaridad, fe, y un liderazgo que conecte con la gente de verdad.<\/p>\n<p>Una invitaci\u00f3n a \u201csumarse todos\u201d<\/p>\n<p>Con su llamado, Ventura busca convocar no solo a quienes comparten su visi\u00f3n en Tierra del Fuego, sino tambi\u00e9n a referentes sociales, religiosos, comunitarios, dirigentes locales, y ciudadanos comunes que sienten que las alternativas tradicionales ya no representan lo que la Argentina necesita. Con Gebel como figura de referencia y con el PAR como estructura, propone construir \u201cuna nueva esperanza\u201d de cara a 2027.<\/p>\n","protected":false},"excerpt":{"rendered":"<p>Gustavo Ventura se suma al pedido de dirigentes nacionales: \u201cDante Gebel es lo que Argentina necesita por eso<\/p>\n","protected":false},"author":5,"featured_media":11874,"comment_status":"open","ping_status":"open","sticky":false,"template":"","format":"standard","meta":{"footnotes":""},"categories":[27],"tags":[4034],"class_list":["post-11873","post","type-post","status-publish","format-standard","has-post-thumbnail","hentry","category-politica","tag-dante-gebel"],"featured_image_urls":{"full":["https:\/\/opinionpublica.com.ar\/index\/wp-content\/uploads\/2025\/12\/IMG-20251202-WA0000.jpg",1200,800,false],"thumbnail":["https:\/\/opinionpublica.com.ar\/index\/wp-content\/uploads\/2025\/12\/IMG-20251202-WA0000-150x150.jpg",150,150,true],"medium":["https:\/\/opinionpublica.com.ar\/index\/wp-content\/uploads\/2025\/12\/IMG-20251202-WA0000-300x200.jpg",300,200,true],"medium_large":["https:\/\/opinionpublica.com.ar\/index\/wp-content\/uploads\/2025\/12\/IMG-20251202-WA0000-768x512.jpg",640,427,true],"large":["https:\/\/opinionpublica.com.ar\/index\/wp-content\/uploads\/2025\/12\/IMG-20251202-WA0000-1024x683.jpg",640,427,true],"1536x1536":["https:\/\/opinionpublica.com.ar\/index\/wp-content\/uploads\/2025\/12\/IMG-20251202-WA0000.jpg",1200,800,false],"2048x2048":["https:\/\/opinionpublica.com.ar\/index\/wp-content\/uploads\/2025\/12\/IMG-20251202-WA0000.jpg",1200,800,false],"morenews-large":["https:\/\/opinionpublica.com.ar\/index\/wp-content\/uploads\/2025\/12\/IMG-20251202-WA0000-825x575.jpg",825,575,true],"morenews-medium":["https:\/\/opinionpublica.com.ar\/index\/wp-content\/uploads\/2025\/12\/IMG-20251202-WA0000-590x410.jpg",590,410,true]},"author_info":{"display_name":"Hal","author_link":"https:\/\/opinionpublica.com.ar\/index\/author\/hal\/"},"category_info":"<a href=\"https:\/\/opinionpublica.com.ar\/index\/category\/politica\/\" rel=\"category tag\">Politica<\/a>","tag_info":"Politica","comment_count":"0","_links":{"self":[{"href":"https:\/\/opinionpublica.com.ar\/index\/wp-json\/wp\/v2\/posts\/11873","targetHints":{"allow":["GET"]}}],"collection":[{"href":"https:\/\/opinionpublica.com.ar\/index\/wp-json\/wp\/v2\/posts"}],"about":[{"href":"https:\/\/opinionpublica.com.ar\/index\/wp-json\/wp\/v2\/types\/post"}],"author":[{"embeddable":true,"href":"https:\/\/opinionpublica.com.ar\/index\/wp-json\/wp\/v2\/users\/5"}],"replies":[{"embeddable":true,"href":"https:\/\/opinionpublica.com.ar\/index\/wp-json\/wp\/v2\/comments?post=11873"}],"version-history":[{"count":1,"href":"https:\/\/opinionpublica.com.ar\/index\/wp-json\/wp\/v2\/posts\/11873\/revisions"}],"predecessor-version":[{"id":11875,"href":"https:\/\/opinionpublica.com.ar\/index\/wp-json\/wp\/v2\/posts\/11873\/revisions\/11875"}],"wp:featuredmedia":[{"embeddable":true,"href":"https:\/\/opinionpublica.com.ar\/index\/wp-json\/wp\/v2\/media\/11874"}],"wp:attachment":[{"href":"https:\/\/opinionpublica.com.ar\/index\/wp-json\/wp\/v2\/media?parent=11873"}],"wp:term":[{"taxonomy":"category","embeddable":true,"href":"https:\/\/opinionpublica.com.ar\/index\/wp-json\/wp\/v2\/categories?post=11873"},{"taxonomy":"post_tag","embeddable":true,"href":"https:\/\/opinionpublica.com.ar\/index\/wp-json\/wp\/v2\/tags?post=11873"}],"curies":[{"name":"wp","href":"https:\/\/api.w.org\/{rel}","templated":true}]}}