{"id":11876,"date":"2025-12-03T10:31:34","date_gmt":"2025-12-03T13:31:34","guid":{"rendered":"https:\/\/opinionpublica.com.ar\/index\/?p=11876"},"modified":"2025-12-03T10:31:34","modified_gmt":"2025-12-03T13:31:34","slug":"clinica-san-jorge-corto-la-atencion-a-afiliados-de-osef","status":"publish","type":"post","link":"https:\/\/opinionpublica.com.ar\/index\/clinica-san-jorge-corto-la-atencion-a-afiliados-de-osef\/","title":{"rendered":"Cl\u00ednica San Jorge cort\u00f3 la atenci\u00f3n a afiliados de OSEF"},"content":{"rendered":"<h3>Cl\u00ednica San Jorge cort\u00f3 la atenci\u00f3n a afiliados de OSEF<\/h3>\n<p><a href=\"https:\/\/opinionpublica.com.ar\/index\/wp-content\/uploads\/2025\/07\/clinica-san-jorge-jpg.png\"><img fetchpriority=\"high\" decoding=\"async\" class=\"alignnone size-full wp-image-10379\" src=\"https:\/\/opinionpublica.com.ar\/index\/wp-content\/uploads\/2025\/07\/clinica-san-jorge-jpg.png\" alt=\"\" width=\"792\" height=\"492\" srcset=\"https:\/\/opinionpublica.com.ar\/index\/wp-content\/uploads\/2025\/07\/clinica-san-jorge-jpg.png 792w, https:\/\/opinionpublica.com.ar\/index\/wp-content\/uploads\/2025\/07\/clinica-san-jorge-jpg-300x186.png 300w, https:\/\/opinionpublica.com.ar\/index\/wp-content\/uploads\/2025\/07\/clinica-san-jorge-jpg-768x477.png 768w\" sizes=\"(max-width: 792px) 100vw, 792px\" \/><\/a><\/p>\n<p>La medida extrema, atribuida a la deuda millonaria y al desfinanciamiento cr\u00f3nico, suspende incluso tratamientos complejos y genera incertidumbre en los afiliados.<\/p>\n<p>&nbsp;<\/p>\n<p>La cl\u00ednica San Jorge suspendi\u00f3 desde este lunes la atenci\u00f3n a los afiliados de la Obra Social del Estado Fueguino (OSEF). El titular del establecimiento, Dr. Carlos S\u00e1nchez Posleman, explic\u00f3 que la decisi\u00f3n responde a una deuda insostenible y a la falta cr\u00f3nica de fondos del sistema de salud provincial. \u00abLamentablemente durante el mes de noviembre (OSEF) no pudo afrontar el pago de las prestaciones tanto de los m\u00e9dicos como de los gastos sanatoriales, eso ha hecho que haya incrementado mucho la deuda que tiene con nosotros y nos vea imposibilitados de seguir sosteniendo el sistema\u00bb, afirm\u00f3 en FM Master\u2019s.<\/p>\n<p>&nbsp;<\/p>\n<p>El profesional detall\u00f3 la situaci\u00f3n financiera que atraviesa la instituci\u00f3n, con obligaciones urgentes y facturas impagas de varios meses. \u00abEn los primeros de diciembre tenemos que pagar los sueldos de noviembre, tenemos que pagar partes de honorarios de guardias de noviembre, tenemos que pagar los insumos de noviembre y estamos reclamando facturas de julio, aunque algunas de febrero y otras del a\u00f1o pasado\u00bb, se\u00f1al\u00f3.<\/p>\n<p>&nbsp;<\/p>\n<p>S\u00e1nchez Posleman atribuy\u00f3 el problema central a un desfinanciamiento estructural de OSEF: \u00abRealmente la obra social no tiene fondos porque hay un desfinanciamiento tambi\u00e9n a nivel provincial con los ingresos de la provincia\u00bb.<\/p>\n<p>&nbsp;<\/p>\n<p>Respecto al alcance de la medida, el m\u00e9dico fue claro: el corte es general. \u00abEl corte incluye todo, salvo enfermedades con riesgo de vida que nosotros seamos los \u00fanicos que lo podamos resolver\u00bb, explic\u00f3.<\/p>\n<p>&nbsp;<\/p>\n<p>Esto implica que pacientes con tratamientos de quimioterapia o parturientas deber\u00e1n ser derivados al hospital p\u00fablico, un escenario que llena de preocupaci\u00f3n al director. \u00abRealmente son cosas que uno como m\u00e9dico y despu\u00e9s de tantos a\u00f1os de estar al frente de la instituci\u00f3n, realmente no me causan gracia, me generan mucha angustia\u00bb, confes\u00f3.<\/p>\n<p>&nbsp;<\/p>\n<p>Para revertir la situaci\u00f3n, S\u00e1nchez Posleman indic\u00f3 que se requiere un pago inmediato y sustancial. \u00abNecesitamos cobrar dos meses \u00edntegros que m\u00e1s o menos rondan entre los $4.500 y 5.000 millones, en el transcurso del mes\u00bb, especific\u00f3.<\/p>\n<p>&nbsp;<\/p>\n<p>Finalmente, critic\u00f3 la falta de una soluci\u00f3n pol\u00edtica de fondo, afirmando que el problema trasciende a su cl\u00ednica y que la clase pol\u00edtica est\u00e1 ignorando al afiliado, el eslab\u00f3n m\u00e1s perjudicado en esta crisis.<\/p>\n","protected":false},"excerpt":{"rendered":"<p>Cl\u00ednica San Jorge cort\u00f3 la atenci\u00f3n a afiliados de OSEF La medida extrema, atribuida a la deuda millonaria<\/p>\n","protected":false},"author":5,"featured_media":8998,"comment_status":"open","ping_status":"open","sticky":false,"template":"","format":"standard","meta":{"footnotes":""},"categories":[21],"tags":[3312,2759,317],"class_list":["post-11876","post","type-post","status-publish","format-standard","has-post-thumbnail","hentry","category-ushuaia","tag-clinica-san-jorge","tag-corte-de-servicio","tag-osef"],"featured_image_urls":{"full":["https:\/\/opinionpublica.com.ar\/index\/wp-content\/uploads\/2025\/03\/SAN-820x360-san-jorge.jpg",820,360,false],"thumbnail":["https:\/\/opinionpublica.com.ar\/index\/wp-content\/uploads\/2025\/03\/SAN-820x360-san-jorge-150x150.jpg",150,150,true],"medium":["https:\/\/opinionpublica.com.ar\/index\/wp-content\/uploads\/2025\/03\/SAN-820x360-san-jorge-300x132.jpg",300,132,true],"medium_large":["https:\/\/opinionpublica.com.ar\/index\/wp-content\/uploads\/2025\/03\/SAN-820x360-san-jorge-768x337.jpg",640,281,true],"large":["https:\/\/opinionpublica.com.ar\/index\/wp-content\/uploads\/2025\/03\/SAN-820x360-san-jorge.jpg",640,281,false],"1536x1536":["https:\/\/opinionpublica.com.ar\/index\/wp-content\/uploads\/2025\/03\/SAN-820x360-san-jorge.jpg",820,360,false],"2048x2048":["https:\/\/opinionpublica.com.ar\/index\/wp-content\/uploads\/2025\/03\/SAN-820x360-san-jorge.jpg",820,360,false],"morenews-large":["https:\/\/opinionpublica.com.ar\/index\/wp-content\/uploads\/2025\/03\/SAN-820x360-san-jorge.jpg",820,360,false],"morenews-medium":["https:\/\/opinionpublica.com.ar\/index\/wp-content\/uploads\/2025\/03\/SAN-820x360-san-jorge-590x360.jpg",590,360,true]},"author_info":{"display_name":"Hal","author_link":"https:\/\/opinionpublica.com.ar\/index\/author\/hal\/"},"category_info":"<a href=\"https:\/\/opinionpublica.com.ar\/index\/category\/ushuaia\/\" rel=\"category tag\">Ushuaia<\/a>","tag_info":"Ushuaia","comment_count":"0","_links":{"self":[{"href":"https:\/\/opinionpublica.com.ar\/index\/wp-json\/wp\/v2\/posts\/11876","targetHints":{"allow":["GET"]}}],"collection":[{"href":"https:\/\/opinionpublica.com.ar\/index\/wp-json\/wp\/v2\/posts"}],"about":[{"href":"https:\/\/opinionpublica.com.ar\/index\/wp-json\/wp\/v2\/types\/post"}],"author":[{"embeddable":true,"href":"https:\/\/opinionpublica.com.ar\/index\/wp-json\/wp\/v2\/users\/5"}],"replies":[{"embeddable":true,"href":"https:\/\/opinionpublica.com.ar\/index\/wp-json\/wp\/v2\/comments?post=11876"}],"version-history":[{"count":1,"href":"https:\/\/opinionpublica.com.ar\/index\/wp-json\/wp\/v2\/posts\/11876\/revisions"}],"predecessor-version":[{"id":11877,"href":"https:\/\/opinionpublica.com.ar\/index\/wp-json\/wp\/v2\/posts\/11876\/revisions\/11877"}],"wp:featuredmedia":[{"embeddable":true,"href":"https:\/\/opinionpublica.com.ar\/index\/wp-json\/wp\/v2\/media\/8998"}],"wp:attachment":[{"href":"https:\/\/opinionpublica.com.ar\/index\/wp-json\/wp\/v2\/media?parent=11876"}],"wp:term":[{"taxonomy":"category","embeddable":true,"href":"https:\/\/opinionpublica.com.ar\/index\/wp-json\/wp\/v2\/categories?post=11876"},{"taxonomy":"post_tag","embeddable":true,"href":"https:\/\/opinionpublica.com.ar\/index\/wp-json\/wp\/v2\/tags?post=11876"}],"curies":[{"name":"wp","href":"https:\/\/api.w.org\/{rel}","templated":true}]}}