{"id":11878,"date":"2025-12-03T10:38:06","date_gmt":"2025-12-03T13:38:06","guid":{"rendered":"https:\/\/opinionpublica.com.ar\/index\/?p=11878"},"modified":"2025-12-03T10:38:06","modified_gmt":"2025-12-03T13:38:06","slug":"cierre-legislativo-crece-la-incertidumbre-por-el-presupuesto","status":"publish","type":"post","link":"https:\/\/opinionpublica.com.ar\/index\/cierre-legislativo-crece-la-incertidumbre-por-el-presupuesto\/","title":{"rendered":"Cierre legislativo: Crece la incertidumbre por el Presupuesto"},"content":{"rendered":"<h3 style=\"text-align: left;\">A dos semanas del cierre legislativo, crece la incertidumbre por el Presupuesto, la moratoria, Terra Ignis y el escenario petrolero<\/h3>\n<p><a href=\"https:\/\/opinionpublica.com.ar\/index\/wp-content\/uploads\/2024\/04\/legislatura-provincial-tdf.jpg\"><img fetchpriority=\"high\" decoding=\"async\" class=\"alignnone size-full wp-image-2478\" src=\"https:\/\/opinionpublica.com.ar\/index\/wp-content\/uploads\/2024\/04\/legislatura-provincial-tdf.jpg\" alt=\"\" width=\"750\" height=\"500\" srcset=\"https:\/\/opinionpublica.com.ar\/index\/wp-content\/uploads\/2024\/04\/legislatura-provincial-tdf.jpg 750w, https:\/\/opinionpublica.com.ar\/index\/wp-content\/uploads\/2024\/04\/legislatura-provincial-tdf-300x200.jpg 300w\" sizes=\"(max-width: 750px) 100vw, 750px\" \/><\/a><\/p>\n<p>D\u00e9ficit acumulado de $83.713 millones y sin convocatorias a sesi\u00f3n, la Legislatura fueguina entra en los \u00faltimos d\u00edas del per\u00edodo ordinario con los principales temas sin tratamiento: Presupuesto 2025, moratoria y un complejo panorama en materia hidrocarbur\u00edfera. Antes del 10 debe tratarse la renuncia de Coto y el 16 vence el per\u00edodo ordinario.<\/p>\n<p>&nbsp;<\/p>\n<h4>Econom\u00eda provincial: n\u00fameros que no cierran<\/h4>\n<p>&nbsp;<\/p>\n<p>El contexto financiero de Tierra del Fuego es cada vez m\u00e1s cr\u00edtico. El d\u00e9ficit proyectado para 2025 \u2014ya elevado en el presupuesto aprobado\u2014 fue ampliamente superado en su ejecuci\u00f3n real, duplicando las estimaciones iniciales. A septiembre de 2025, la provincia acumula un d\u00e9ficit de $83.713 millones, un dato que refleja el deterioro acelerado de las cuentas p\u00fablicas y anticipa un cierre de a\u00f1o sin margen de maniobra.<\/p>\n<p>&nbsp;<\/p>\n<p>Moratoria comercial: sin estado parlamentario y con expectativa de tratamiento sobre tablas<\/p>\n<p>&nbsp;<\/p>\n<p>El paquete normativo que busca establecer una moratoria para aliviar la crisis del sector comercial todav\u00eda no ingres\u00f3 formalmente a la Legislatura. A pesar de ello, comerciantes y c\u00e1maras empresarias conf\u00edan en que pueda impulsarse un tratamiento sobre tablas, motivado por la urgencia del contexto y la ca\u00edda sostenida del consumo.<\/p>\n<p>&nbsp;<\/p>\n<p>Presupuesto 2025: cero avances en comisiones y el fantasma de la reconducci\u00f3n<\/p>\n<p>&nbsp;<\/p>\n<p>El proyecto de Presupuesto 2025 tampoco tiene estado parlamentario ni inici\u00f3 su debate en comisiones. Con n\u00fameros dif\u00edciles de defender pol\u00edticamente y un escenario fiscal complejo, crece la lectura de que el oficialismo podr\u00eda optar por una reconducci\u00f3n autom\u00e1tica para evitar un debate que no parece tener margen favorable. El tiempo legislativo ya juega en contra.<\/p>\n<p>&nbsp;<\/p>\n<h4>OSEF: el parche que no funcion\u00f3<\/h4>\n<p>&nbsp;<\/p>\n<p>La crisis de OSEF contin\u00faa siendo un s\u00edntoma de la fragilidad estructural del sistema provincial. La ley aprobada en junio no logr\u00f3 estabilizar el organismo. Proveedores retomaron los cortes de servicios por facturas impagas y las prestaciones exhiben deterioro creciente.<\/p>\n<p>&nbsp;<\/p>\n<h4>Petr\u00f3leo, YPF y Terra Ignis: incertidumbre y ca\u00edda de regal\u00edas<\/h4>\n<p>&nbsp;<\/p>\n<p>El sector hidrocarbur\u00edfero mira con preocupaci\u00f3n la falta de definiciones sobre Terra Ignis y sobre el supuesto convenio entre el Gobierno provincial e YPF. La baja en la producci\u00f3n y el retiro progresivo de la petrolera en \u00e1reas claves generaron una fuerte merma en la coparticipaci\u00f3n de regal\u00edas, golpeando a\u00fan m\u00e1s las finanzas provinciales.<\/p>\n<p>&nbsp;<\/p>\n<p>\u00bfSesi\u00f3n esta semana? El tiempo apremia y el calendario es implacable<\/p>\n<p>&nbsp;<\/p>\n<p>Aunque algunos legisladores mencionan la posibilidad de sesionar este viernes 5, solo hay dos fechas firmes:<\/p>\n<p>&nbsp;<\/p>\n<p>Antes del 10 de diciembre debe tratarse la renuncia del legislador Coto y asumir su reemplazante.<\/p>\n<p>El 16 de diciembre vence el per\u00edodo ordinario.<\/p>\n<p>En los pasillos, crece la versi\u00f3n de que \u201cprobablemente haya sesi\u00f3n reci\u00e9n la semana que viene\u201d, mientras los temas centrales siguen sin debate ni informaci\u00f3n suficiente para avanzar.<\/p>\n","protected":false},"excerpt":{"rendered":"<p>A dos semanas del cierre legislativo, crece la incertidumbre por el Presupuesto, la moratoria, Terra Ignis y el<\/p>\n","protected":false},"author":5,"featured_media":2478,"comment_status":"open","ping_status":"open","sticky":false,"template":"","format":"standard","meta":{"footnotes":""},"categories":[2],"tags":[2275,317,881,747],"class_list":["post-11878","post","type-post","status-publish","format-standard","has-post-thumbnail","hentry","category-tierra-del-fuego","tag-legislatura-fueguina","tag-osef","tag-presupuesto","tag-terra-ignis"],"featured_image_urls":{"full":["https:\/\/opinionpublica.com.ar\/index\/wp-content\/uploads\/2024\/04\/legislatura-provincial-tdf.jpg",750,500,false],"thumbnail":["https:\/\/opinionpublica.com.ar\/index\/wp-content\/uploads\/2024\/04\/legislatura-provincial-tdf-150x150.jpg",150,150,true],"medium":["https:\/\/opinionpublica.com.ar\/index\/wp-content\/uploads\/2024\/04\/legislatura-provincial-tdf-300x200.jpg",300,200,true],"medium_large":["https:\/\/opinionpublica.com.ar\/index\/wp-content\/uploads\/2024\/04\/legislatura-provincial-tdf.jpg",640,427,false],"large":["https:\/\/opinionpublica.com.ar\/index\/wp-content\/uploads\/2024\/04\/legislatura-provincial-tdf.jpg",640,427,false],"1536x1536":["https:\/\/opinionpublica.com.ar\/index\/wp-content\/uploads\/2024\/04\/legislatura-provincial-tdf.jpg",750,500,false],"2048x2048":["https:\/\/opinionpublica.com.ar\/index\/wp-content\/uploads\/2024\/04\/legislatura-provincial-tdf.jpg",750,500,false],"morenews-large":["https:\/\/opinionpublica.com.ar\/index\/wp-content\/uploads\/2024\/04\/legislatura-provincial-tdf.jpg",750,500,false],"morenews-medium":["https:\/\/opinionpublica.com.ar\/index\/wp-content\/uploads\/2024\/04\/legislatura-provincial-tdf-590x410.jpg",590,410,true]},"author_info":{"display_name":"Hal","author_link":"https:\/\/opinionpublica.com.ar\/index\/author\/hal\/"},"category_info":"<a href=\"https:\/\/opinionpublica.com.ar\/index\/category\/tierra-del-fuego\/\" rel=\"category tag\">Tierra del Fuego<\/a>","tag_info":"Tierra del Fuego","comment_count":"0","_links":{"self":[{"href":"https:\/\/opinionpublica.com.ar\/index\/wp-json\/wp\/v2\/posts\/11878","targetHints":{"allow":["GET"]}}],"collection":[{"href":"https:\/\/opinionpublica.com.ar\/index\/wp-json\/wp\/v2\/posts"}],"about":[{"href":"https:\/\/opinionpublica.com.ar\/index\/wp-json\/wp\/v2\/types\/post"}],"author":[{"embeddable":true,"href":"https:\/\/opinionpublica.com.ar\/index\/wp-json\/wp\/v2\/users\/5"}],"replies":[{"embeddable":true,"href":"https:\/\/opinionpublica.com.ar\/index\/wp-json\/wp\/v2\/comments?post=11878"}],"version-history":[{"count":1,"href":"https:\/\/opinionpublica.com.ar\/index\/wp-json\/wp\/v2\/posts\/11878\/revisions"}],"predecessor-version":[{"id":11879,"href":"https:\/\/opinionpublica.com.ar\/index\/wp-json\/wp\/v2\/posts\/11878\/revisions\/11879"}],"wp:featuredmedia":[{"embeddable":true,"href":"https:\/\/opinionpublica.com.ar\/index\/wp-json\/wp\/v2\/media\/2478"}],"wp:attachment":[{"href":"https:\/\/opinionpublica.com.ar\/index\/wp-json\/wp\/v2\/media?parent=11878"}],"wp:term":[{"taxonomy":"category","embeddable":true,"href":"https:\/\/opinionpublica.com.ar\/index\/wp-json\/wp\/v2\/categories?post=11878"},{"taxonomy":"post_tag","embeddable":true,"href":"https:\/\/opinionpublica.com.ar\/index\/wp-json\/wp\/v2\/tags?post=11878"}],"curies":[{"name":"wp","href":"https:\/\/api.w.org\/{rel}","templated":true}]}}