{"id":11880,"date":"2025-12-03T10:42:44","date_gmt":"2025-12-03T13:42:44","guid":{"rendered":"https:\/\/opinionpublica.com.ar\/index\/?p=11880"},"modified":"2025-12-03T10:42:44","modified_gmt":"2025-12-03T13:42:44","slug":"salmonicultura-es-una-actividad-danina-para-el-ambiente-y-para-las-especies-del-lugar","status":"publish","type":"post","link":"https:\/\/opinionpublica.com.ar\/index\/salmonicultura-es-una-actividad-danina-para-el-ambiente-y-para-las-especies-del-lugar\/","title":{"rendered":"Salmonicultura: Es una actividad da\u00f1ina para el ambiente y para las especies del lugar"},"content":{"rendered":"<h3>Salmonicultura: \u00abEs una actividad da\u00f1ina para el ambiente y para las especies del lugar\u00bb<\/h3>\n<p><a href=\"https:\/\/opinionpublica.com.ar\/index\/wp-content\/uploads\/2025\/07\/No-a-las-salmoneras.jpg.webp\"><img fetchpriority=\"high\" decoding=\"async\" class=\"alignnone size-full wp-image-10251\" src=\"https:\/\/opinionpublica.com.ar\/index\/wp-content\/uploads\/2025\/07\/No-a-las-salmoneras.jpg.webp\" alt=\"\" width=\"987\" height=\"555\" srcset=\"https:\/\/opinionpublica.com.ar\/index\/wp-content\/uploads\/2025\/07\/No-a-las-salmoneras.jpg.webp 987w, https:\/\/opinionpublica.com.ar\/index\/wp-content\/uploads\/2025\/07\/No-a-las-salmoneras.jpg-300x169.webp 300w, https:\/\/opinionpublica.com.ar\/index\/wp-content\/uploads\/2025\/07\/No-a-las-salmoneras.jpg-768x432.webp 768w\" sizes=\"(max-width: 987px) 100vw, 987px\" \/><\/a><\/p>\n<p>En el marco de una nueva conmemoraci\u00f3n del genocidio selk\u2019nam (25 de noviembre) la comunidad llev\u00f3 adelante una serie de vigilias en Ushuaia, Tolhuin y R\u00edo Grande para honrar a sus ancestros, visibilizar la historia silenciada del pueblo originario y, a la vez, sumar un mensaje expl\u00edcito: un no rotundo a la salmonicultura en la provincia<\/p>\n<p>&nbsp;<\/p>\n<p>La vicepresidenta de la comunidad selk\u2019nam, Antonela Guevara, habl\u00f3 sobre el sentido de las jornadas y el posicionamiento ambiental del pueblo, que considera inseparable de su propia continuidad territorial.<\/p>\n<p>&nbsp;<\/p>\n<p>Durante las vigilias, la comunidad incorpor\u00f3 de forma expl\u00edcita el reclamo contra la salmonicultura. Guevara fue contundente: \u201cLe decimos no a la salmonicultura ni en el mar, ni en lagos, ni r\u00edos. Es una actividad no amigable y completamente da\u00f1ina para el ambiente y para las especies del lugar\u201d.<\/p>\n<p>&nbsp;<\/p>\n<p>\u201cUna actividad da\u00f1ina para el ambiente\u201d: el rechazo a las salmoneras<\/p>\n<p>&nbsp;<\/p>\n<p>La comunidad selk\u2019nam fund\u00f3 esta postura no s\u00f3lo en principios de protecci\u00f3n ambiental, sino tambi\u00e9n en la experiencia internacional: \u201cChile es un ejemplo enorme. No se est\u00e1n renovando concesiones por incumplimientos. No hay capacidad de fiscalizaci\u00f3n: las empresas controlan sus propios informes y siempre dan bien. Cuando una fundaci\u00f3n independiente investiga, aparecen los da\u00f1os: falta de ox\u00edgeno, especies que desaparecen, destrucci\u00f3n del fondo marino\u201d.<\/p>\n<p>&nbsp;<\/p>\n<p>Guevara sostuvo que estos da\u00f1os se vuelven visibles reci\u00e9n cuando ya son irreversibles y advirti\u00f3 que la provincia no puede exponerse a repetir ese modelo. Para la dirigenta selk\u2019nam, el rechazo a las salmoneras est\u00e1 profundamente ligado al derecho de los pueblos originarios \u2014y de toda la sociedad fueguina\u2014 a decidir c\u00f3mo producir, para qu\u00e9 y a qui\u00e9n beneficiar. \u201cNos preguntamos para qu\u00e9 y para qui\u00e9n vamos a dar estas \u00e1reas de sacrificio. La sociedad no se va a ver beneficiada\u201d, afirm\u00f3. Tambi\u00e9n record\u00f3 que la propia comunidad de pescadores artesanales de Almanza rechaza la actividad, ya que los desplazar\u00eda de sus territorios.<\/p>\n<p>&nbsp;<\/p>\n<p>La dirigente aclar\u00f3 adem\u00e1s que la legislaci\u00f3n provincial vigente -la Ley 1.355 que el Poder Ejecutivo pretende modificar- no proh\u00edbe la salmonicultura, sino que establece restricciones a la producci\u00f3n con el objetivo de asegurar su sostenibilidad. Guevara calific\u00f3 de \u00ablocura\u00bb que, a pesar de los conocidos impactos de las especies ex\u00f3ticas y de la millonaria inversi\u00f3n provincial en remediaci\u00f3n ambiental (como en el caso del castor), se permita su ingreso. \u201cPodemos potenciar a los productores artesanales de Almanza, darles seguridad jur\u00eddica, acompa\u00f1arlos. Hoy son considerados usurpadores por el Estado, pero s\u00ed se habilitan concesiones enormes para multinacionales\u201d. Y agreg\u00f3 una imagen potente: \u201cNo me imagino el lago Yehuin, el lago Fagnano o el Khami con jaulas de salmones. Son aguas que consumimos, que protegemos. No podemos contaminarlas. Es nuestra casa\u201d.<\/p>\n<p>&nbsp;<\/p>\n<p>Cada noviembre, la comunidad profundiza sus acciones de memoria \u201cpara que la sociedad no tome el 25 como un feriado m\u00e1s, sino como un momento de reflexi\u00f3n\u201d, se\u00f1al\u00f3 Guevara y record\u00f3 que el reconocimiento de la fecha fue una conquista del pueblo selk\u2019nam. Adem\u00e1s, enfatiz\u00f3 en la necesidad de que los visitantes de la provincia aprendan sobre la historia de los pueblos originarios. En sus palabras: \u00abEsta provincia recibe gente de todo el pa\u00eds y del mundo. Siempre es importante refrescar la memoria de quienes est\u00e1n y de los que reci\u00e9n llegan\u00bb.<\/p>\n<p>&nbsp;<\/p>\n","protected":false},"excerpt":{"rendered":"<p>Salmonicultura: \u00abEs una actividad da\u00f1ina para el ambiente y para las especies del lugar\u00bb En el marco de<\/p>\n","protected":false},"author":5,"featured_media":4527,"comment_status":"open","ping_status":"open","sticky":false,"template":"","format":"standard","meta":{"footnotes":""},"categories":[29,2],"tags":[1783,3598],"class_list":["post-11880","post","type-post","status-publish","format-standard","has-post-thumbnail","hentry","category-interes-general","category-tierra-del-fuego","tag-cria-de-salmones","tag-industria-salmonera"],"featured_image_urls":{"full":["https:\/\/opinionpublica.com.ar\/index\/wp-content\/uploads\/2024\/07\/Centro-de-cultivo-de-salmon-balsa-jaula-sur-de-Chile-nieve-Patagonia-foto-SalmonChile_ONG-Canales.jpg",1280,865,false],"thumbnail":["https:\/\/opinionpublica.com.ar\/index\/wp-content\/uploads\/2024\/07\/Centro-de-cultivo-de-salmon-balsa-jaula-sur-de-Chile-nieve-Patagonia-foto-SalmonChile_ONG-Canales-150x150.jpg",150,150,true],"medium":["https:\/\/opinionpublica.com.ar\/index\/wp-content\/uploads\/2024\/07\/Centro-de-cultivo-de-salmon-balsa-jaula-sur-de-Chile-nieve-Patagonia-foto-SalmonChile_ONG-Canales-300x203.jpg",300,203,true],"medium_large":["https:\/\/opinionpublica.com.ar\/index\/wp-content\/uploads\/2024\/07\/Centro-de-cultivo-de-salmon-balsa-jaula-sur-de-Chile-nieve-Patagonia-foto-SalmonChile_ONG-Canales-768x519.jpg",640,433,true],"large":["https:\/\/opinionpublica.com.ar\/index\/wp-content\/uploads\/2024\/07\/Centro-de-cultivo-de-salmon-balsa-jaula-sur-de-Chile-nieve-Patagonia-foto-SalmonChile_ONG-Canales-1024x692.jpg",640,433,true],"1536x1536":["https:\/\/opinionpublica.com.ar\/index\/wp-content\/uploads\/2024\/07\/Centro-de-cultivo-de-salmon-balsa-jaula-sur-de-Chile-nieve-Patagonia-foto-SalmonChile_ONG-Canales.jpg",1280,865,false],"2048x2048":["https:\/\/opinionpublica.com.ar\/index\/wp-content\/uploads\/2024\/07\/Centro-de-cultivo-de-salmon-balsa-jaula-sur-de-Chile-nieve-Patagonia-foto-SalmonChile_ONG-Canales.jpg",1280,865,false],"morenews-large":["https:\/\/opinionpublica.com.ar\/index\/wp-content\/uploads\/2024\/07\/Centro-de-cultivo-de-salmon-balsa-jaula-sur-de-Chile-nieve-Patagonia-foto-SalmonChile_ONG-Canales-825x575.jpg",825,575,true],"morenews-medium":["https:\/\/opinionpublica.com.ar\/index\/wp-content\/uploads\/2024\/07\/Centro-de-cultivo-de-salmon-balsa-jaula-sur-de-Chile-nieve-Patagonia-foto-SalmonChile_ONG-Canales-590x410.jpg",590,410,true]},"author_info":{"display_name":"Hal","author_link":"https:\/\/opinionpublica.com.ar\/index\/author\/hal\/"},"category_info":"<a href=\"https:\/\/opinionpublica.com.ar\/index\/category\/interes-general\/\" rel=\"category tag\">Interes General<\/a> <a href=\"https:\/\/opinionpublica.com.ar\/index\/category\/tierra-del-fuego\/\" rel=\"category tag\">Tierra del Fuego<\/a>","tag_info":"Tierra del Fuego","comment_count":"0","_links":{"self":[{"href":"https:\/\/opinionpublica.com.ar\/index\/wp-json\/wp\/v2\/posts\/11880","targetHints":{"allow":["GET"]}}],"collection":[{"href":"https:\/\/opinionpublica.com.ar\/index\/wp-json\/wp\/v2\/posts"}],"about":[{"href":"https:\/\/opinionpublica.com.ar\/index\/wp-json\/wp\/v2\/types\/post"}],"author":[{"embeddable":true,"href":"https:\/\/opinionpublica.com.ar\/index\/wp-json\/wp\/v2\/users\/5"}],"replies":[{"embeddable":true,"href":"https:\/\/opinionpublica.com.ar\/index\/wp-json\/wp\/v2\/comments?post=11880"}],"version-history":[{"count":1,"href":"https:\/\/opinionpublica.com.ar\/index\/wp-json\/wp\/v2\/posts\/11880\/revisions"}],"predecessor-version":[{"id":11881,"href":"https:\/\/opinionpublica.com.ar\/index\/wp-json\/wp\/v2\/posts\/11880\/revisions\/11881"}],"wp:featuredmedia":[{"embeddable":true,"href":"https:\/\/opinionpublica.com.ar\/index\/wp-json\/wp\/v2\/media\/4527"}],"wp:attachment":[{"href":"https:\/\/opinionpublica.com.ar\/index\/wp-json\/wp\/v2\/media?parent=11880"}],"wp:term":[{"taxonomy":"category","embeddable":true,"href":"https:\/\/opinionpublica.com.ar\/index\/wp-json\/wp\/v2\/categories?post=11880"},{"taxonomy":"post_tag","embeddable":true,"href":"https:\/\/opinionpublica.com.ar\/index\/wp-json\/wp\/v2\/tags?post=11880"}],"curies":[{"name":"wp","href":"https:\/\/api.w.org\/{rel}","templated":true}]}}