{"id":11886,"date":"2025-12-04T09:08:17","date_gmt":"2025-12-04T12:08:17","guid":{"rendered":"https:\/\/opinionpublica.com.ar\/index\/?p=11886"},"modified":"2025-12-04T09:08:17","modified_gmt":"2025-12-04T12:08:17","slug":"el-avion-de-mirgor-sufrio-danos-importantes-y-postergarian-la-campana-antartica","status":"publish","type":"post","link":"https:\/\/opinionpublica.com.ar\/index\/el-avion-de-mirgor-sufrio-danos-importantes-y-postergarian-la-campana-antartica\/","title":{"rendered":"El avi\u00f3n de Mirgor sufri\u00f3 da\u00f1os importantes y postergar\u00edan la campa\u00f1a ant\u00e1rtica"},"content":{"rendered":"<h3>El avi\u00f3n de Mirgor sufri\u00f3 da\u00f1os importantes y postergar\u00edan la campa\u00f1a ant\u00e1rtica<\/h3>\n<p>Im\u00e1genes de la m\u00e1quina luego del incidente dejan ver perjuicios severos en h\u00e9lices y tren de aterrizaje. Estaban preparando vuelos al continente blanco que deber\u00edan postergarse m\u00e1s all\u00e1 del pr\u00f3ximo verano.<\/p>\n<p><a href=\"https:\/\/opinionpublica.com.ar\/index\/wp-content\/uploads\/2025\/12\/despiste-ala.jpg\"><img fetchpriority=\"high\" decoding=\"async\" class=\"alignnone size-full wp-image-11887\" src=\"https:\/\/opinionpublica.com.ar\/index\/wp-content\/uploads\/2025\/12\/despiste-ala.jpg\" alt=\"\" width=\"780\" height=\"308\" srcset=\"https:\/\/opinionpublica.com.ar\/index\/wp-content\/uploads\/2025\/12\/despiste-ala.jpg 780w, https:\/\/opinionpublica.com.ar\/index\/wp-content\/uploads\/2025\/12\/despiste-ala-300x118.jpg 300w, https:\/\/opinionpublica.com.ar\/index\/wp-content\/uploads\/2025\/12\/despiste-ala-768x303.jpg 768w\" sizes=\"(max-width: 780px) 100vw, 780px\" \/><\/a><\/p>\n<p>&nbsp;<\/p>\n<p>El despiste en el aeropuerto de R\u00edo Grande del avi\u00f3n de carga recientemente adquirido por el grupo Mirgor provoc\u00f3 perjuicios importantes (muy a pesar de lo informado por la empresa) y obligar\u00eda a postergar por un tiempo la campa\u00f1a ant\u00e1rtica que hab\u00eda sido anunciada semanas atr\u00e1s.<\/p>\n<p>&nbsp;<\/p>\n<p>El Basler BT-67 matr\u00edcula LV-VYL, sufri\u00f3 este lunes una excursi\u00f3n de pista (como se llama al despiste en la jerga aeron\u00e1utica) en el Aeropuerto Internacional Ram\u00f3n Trejo Noel durante un vuelo de entrenamiento.<\/p>\n<p><a href=\"https:\/\/opinionpublica.com.ar\/index\/wp-content\/uploads\/2025\/12\/692e223bae070-screen-and-max-width480px_880_880.webp\"><img decoding=\"async\" class=\"alignnone size-full wp-image-11857\" src=\"https:\/\/opinionpublica.com.ar\/index\/wp-content\/uploads\/2025\/12\/692e223bae070-screen-and-max-width480px_880_880.webp\" alt=\"\" width=\"880\" height=\"880\" srcset=\"https:\/\/opinionpublica.com.ar\/index\/wp-content\/uploads\/2025\/12\/692e223bae070-screen-and-max-width480px_880_880.webp 880w, https:\/\/opinionpublica.com.ar\/index\/wp-content\/uploads\/2025\/12\/692e223bae070-screen-and-max-width480px_880_880-300x300.webp 300w, https:\/\/opinionpublica.com.ar\/index\/wp-content\/uploads\/2025\/12\/692e223bae070-screen-and-max-width480px_880_880-150x150.webp 150w, https:\/\/opinionpublica.com.ar\/index\/wp-content\/uploads\/2025\/12\/692e223bae070-screen-and-max-width480px_880_880-768x768.webp 768w\" sizes=\"(max-width: 880px) 100vw, 880px\" \/><\/a><\/p>\n<p>El incidente ocurri\u00f3 al mediod\u00eda, durante la carrera de despegue, luego de una rotaci\u00f3n previa desde Ushuaia. La aeronave era operada por tripulaciones civiles, integradas por pilotos ex-Fuerza A\u00e9rea Argentina, en el marco del programa de vuelos de corte log\u00edstico hacia la Ant\u00e1rtida que la compa\u00f1\u00eda ten\u00eda previsto iniciar esta temporada.<\/p>\n<p>&nbsp;<\/p>\n<p>Im\u00e1genes captadas segundos despu\u00e9s del siniestro permiten observar da\u00f1os severos, tanto en las h\u00e9lices como en el tren de aterrizaje del avi\u00f3n.<\/p>\n<p>&nbsp;<\/p>\n<p>Seg\u00fan describe el portal infotec.com.ar el avi\u00f3n de Mirgor \u00abrealizaba maniobras de despegue cuando perdi\u00f3 el control y sali\u00f3 de pista. Tras atravesar el \u00e1rea de seguridad, ingres\u00f3 a terreno blando, se enterr\u00f3, sus trenes colapsaron y ambas h\u00e9lices se clavaron violentamente en la tierra, destruy\u00e9ndose junto a los turboh\u00e9lice. A simple vista, los da\u00f1os en la estructura alar son graves.\u00bb<\/p>\n<p>&nbsp;<\/p>\n<p>Como dato preocupante, agrega que \u00abantes de llegar a la Argentina, la aeronave hab\u00eda mostrado dificultades operativas: durante un aterrizaje en Miami qued\u00f3 registrado en video c\u00f3mo los pilotos luchaban para llevarla al eje de pista y c\u00f3mo, ante un leve toque de frenos, la nariz descend\u00eda de forma brusca hacia el pavimento\u00bb.<\/p>\n","protected":false},"excerpt":{"rendered":"<p>El avi\u00f3n de Mirgor sufri\u00f3 da\u00f1os importantes y postergar\u00edan la campa\u00f1a ant\u00e1rtica Im\u00e1genes de la m\u00e1quina luego del<\/p>\n","protected":false},"author":5,"featured_media":11887,"comment_status":"open","ping_status":"open","sticky":false,"template":"","format":"standard","meta":{"footnotes":""},"categories":[25],"tags":[],"class_list":["post-11886","post","type-post","status-publish","format-standard","has-post-thumbnail","hentry","category-rio-grande"],"featured_image_urls":{"full":["https:\/\/opinionpublica.com.ar\/index\/wp-content\/uploads\/2025\/12\/despiste-ala.jpg",780,308,false],"thumbnail":["https:\/\/opinionpublica.com.ar\/index\/wp-content\/uploads\/2025\/12\/despiste-ala-150x150.jpg",150,150,true],"medium":["https:\/\/opinionpublica.com.ar\/index\/wp-content\/uploads\/2025\/12\/despiste-ala-300x118.jpg",300,118,true],"medium_large":["https:\/\/opinionpublica.com.ar\/index\/wp-content\/uploads\/2025\/12\/despiste-ala-768x303.jpg",640,253,true],"large":["https:\/\/opinionpublica.com.ar\/index\/wp-content\/uploads\/2025\/12\/despiste-ala.jpg",640,253,false],"1536x1536":["https:\/\/opinionpublica.com.ar\/index\/wp-content\/uploads\/2025\/12\/despiste-ala.jpg",780,308,false],"2048x2048":["https:\/\/opinionpublica.com.ar\/index\/wp-content\/uploads\/2025\/12\/despiste-ala.jpg",780,308,false],"morenews-large":["https:\/\/opinionpublica.com.ar\/index\/wp-content\/uploads\/2025\/12\/despiste-ala.jpg",780,308,false],"morenews-medium":["https:\/\/opinionpublica.com.ar\/index\/wp-content\/uploads\/2025\/12\/despiste-ala-590x308.jpg",590,308,true]},"author_info":{"display_name":"Hal","author_link":"https:\/\/opinionpublica.com.ar\/index\/author\/hal\/"},"category_info":"<a href=\"https:\/\/opinionpublica.com.ar\/index\/category\/rio-grande\/\" rel=\"category tag\">Rio Grande<\/a>","tag_info":"Rio Grande","comment_count":"0","_links":{"self":[{"href":"https:\/\/opinionpublica.com.ar\/index\/wp-json\/wp\/v2\/posts\/11886","targetHints":{"allow":["GET"]}}],"collection":[{"href":"https:\/\/opinionpublica.com.ar\/index\/wp-json\/wp\/v2\/posts"}],"about":[{"href":"https:\/\/opinionpublica.com.ar\/index\/wp-json\/wp\/v2\/types\/post"}],"author":[{"embeddable":true,"href":"https:\/\/opinionpublica.com.ar\/index\/wp-json\/wp\/v2\/users\/5"}],"replies":[{"embeddable":true,"href":"https:\/\/opinionpublica.com.ar\/index\/wp-json\/wp\/v2\/comments?post=11886"}],"version-history":[{"count":1,"href":"https:\/\/opinionpublica.com.ar\/index\/wp-json\/wp\/v2\/posts\/11886\/revisions"}],"predecessor-version":[{"id":11888,"href":"https:\/\/opinionpublica.com.ar\/index\/wp-json\/wp\/v2\/posts\/11886\/revisions\/11888"}],"wp:featuredmedia":[{"embeddable":true,"href":"https:\/\/opinionpublica.com.ar\/index\/wp-json\/wp\/v2\/media\/11887"}],"wp:attachment":[{"href":"https:\/\/opinionpublica.com.ar\/index\/wp-json\/wp\/v2\/media?parent=11886"}],"wp:term":[{"taxonomy":"category","embeddable":true,"href":"https:\/\/opinionpublica.com.ar\/index\/wp-json\/wp\/v2\/categories?post=11886"},{"taxonomy":"post_tag","embeddable":true,"href":"https:\/\/opinionpublica.com.ar\/index\/wp-json\/wp\/v2\/tags?post=11886"}],"curies":[{"name":"wp","href":"https:\/\/api.w.org\/{rel}","templated":true}]}}