{"id":11889,"date":"2025-12-04T09:14:16","date_gmt":"2025-12-04T12:14:16","guid":{"rendered":"https:\/\/opinionpublica.com.ar\/index\/?p=11889"},"modified":"2025-12-04T09:14:16","modified_gmt":"2025-12-04T12:14:16","slug":"el-recupero-de-ypf-depende-de-la-legislatura","status":"publish","type":"post","link":"https:\/\/opinionpublica.com.ar\/index\/el-recupero-de-ypf-depende-de-la-legislatura\/","title":{"rendered":"El recupero de YPF depende de la Legislatura"},"content":{"rendered":"<h3>El recupero de YPF depende de la Legislatura<a href=\"https:\/\/opinionpublica.com.ar\/index\/wp-content\/uploads\/2025\/12\/2025120311153768d5e0a8b37f7242838c3440d777afb7_min.jpg\"><img fetchpriority=\"high\" decoding=\"async\" class=\"alignnone size-full wp-image-11890\" src=\"https:\/\/opinionpublica.com.ar\/index\/wp-content\/uploads\/2025\/12\/2025120311153768d5e0a8b37f7242838c3440d777afb7_min.jpg\" alt=\"\" width=\"500\" height=\"281\" srcset=\"https:\/\/opinionpublica.com.ar\/index\/wp-content\/uploads\/2025\/12\/2025120311153768d5e0a8b37f7242838c3440d777afb7_min.jpg 500w, https:\/\/opinionpublica.com.ar\/index\/wp-content\/uploads\/2025\/12\/2025120311153768d5e0a8b37f7242838c3440d777afb7_min-300x169.jpg 300w\" sizes=\"(max-width: 500px) 100vw, 500px\" \/><\/a><\/h3>\n<p>Terra Ignis asumir\u00e1 la explotaci\u00f3n de las \u00e1reas petroleras que YPF dejar\u00e1 en Tierra del Fuego. La ministra Gabriela Castillo destac\u00f3 que el acuerdo garantiza la continuidad laboral y permitir\u00e1 recuperar inversiones y producci\u00f3n en los yacimientos fueguinos. Solo resta que el parlamento provincial ratifique el convenio.<\/p>\n<p>&nbsp;<\/p>\n<p>La ministra de Obras y Servicios P\u00fablicos, Gabriela Castillo, confirm\u00f3 que el Gobierno de Tierra del Fuego asumir\u00e1 el control de la explotaci\u00f3n hidrocarbur\u00edfera a trav\u00e9s de la empresa estatal Terra Ignis. \u201cSi no firm\u00e1bamos este convenio, YPF se iba igual. En julio del a\u00f1o que viene los trabajadores hubiesen quedado en la calle\u201d, sostuvo.<\/p>\n<p>&nbsp;<\/p>\n<p>El acuerdo, ya refrendado por decreto del gobernador Gustavo Melella y pendiente de ratificaci\u00f3n legislativa, transfiere a Terra Ignis las \u00e1reas petroleras Lago Fuego y San Sebasti\u00e1n, hasta ahora en manos de YPF. Tambi\u00e9n contempla la extensi\u00f3n por diez a\u00f1os de las concesiones de explotaci\u00f3n, que venc\u00edan entre 2024 y 2027. \u201cNo solo se trata de la continuidad operativa, sino de que la provincia pueda decidir sobre su propio recurso\u201d, explic\u00f3 Castillo.<\/p>\n<p>&nbsp;<\/p>\n<p>La ministra subray\u00f3 que el convenio fija responsabilidades diferenciadas sobre los pasivos ambientales. \u201cYPF mantiene la obligaci\u00f3n de remediar los pozos m\u00e1s complejos y costosos, mientras que Terra Ignis asume los activos productivos. Ya est\u00e1n trabajando en la zona, con subcontratistas que realizan los reabandonos de pozos\u201d, indic\u00f3.<\/p>\n<p>&nbsp;<\/p>\n<p>Castillo remarc\u00f3 que la salida de YPF se dio en un contexto en el que la empresa nacional \u201cya hab\u00eda dejado de invertir\u201d. \u201cHace m\u00e1s de un a\u00f1o que sab\u00edan que se iban, y eso se not\u00f3: baj\u00f3 la producci\u00f3n, cayeron las regal\u00edas y la provincia perdi\u00f3 recursos. Ahora, con Terra Ignis, podemos invertir y recuperar el nivel de explotaci\u00f3n\u201d, afirm\u00f3.<\/p>\n<p>&nbsp;<\/p>\n<p>Seg\u00fan explic\u00f3, el objetivo es modernizar los yacimientos convencionales mediante nuevas tecnolog\u00edas y asociar a Terra Ignis con otras empresas nacionales e internacionales. \u201cTenemos inter\u00e9s de firmas de distintas provincias y tambi\u00e9n del exterior. Queremos que la provincia tenga participaci\u00f3n directa en la definici\u00f3n de inversiones, no como simple concesionaria, sino como socia\u201d, se\u00f1al\u00f3.<\/p>\n<p>&nbsp;<\/p>\n<p>La funcionaria destac\u00f3 que la iniciativa tambi\u00e9n busca agregar valor dentro de la provincia. \u201cDurante d\u00e9cadas el petr\u00f3leo y el gas salieron crudos, sin procesos adicionales. La idea es generar industrias secundarias y actividades petroqu\u00edmicas locales, que permitan diversificar la matriz productiva y generar empleo\u201d, plante\u00f3.<\/p>\n<p>&nbsp;<\/p>\n<p>En relaci\u00f3n con el panorama energ\u00e9tico, Castillo mencion\u00f3 los avances en la construcci\u00f3n de la nueva usina termoel\u00e9ctrica de Ushuaia, desarrollada con participaci\u00f3n de una empresa china. \u201cYa se realizaron los estudios de suelo y comenzar\u00e1 el movimiento de terreno. Los equipos est\u00e1n en producci\u00f3n en China y los primeros anclajes est\u00e1n listos para su traslado\u201d, detall\u00f3.<\/p>\n<p>&nbsp;<\/p>\n<p>Finalmente, insisti\u00f3 en la importancia de que la Legislatura provincial ratifique el convenio con YPF. \u201cEst\u00e1 en juego la soberan\u00eda energ\u00e9tica, los puestos de trabajo y la posibilidad de definir nuestro propio futuro productivo. Tierra del Fuego tiene la oportunidad de dar un salto hist\u00f3rico\u201d, concluy\u00f3.<\/p>\n<p>&nbsp;<\/p>\n<p>&nbsp;<\/p>\n","protected":false},"excerpt":{"rendered":"<p>El recupero de YPF depende de la Legislatura Terra Ignis asumir\u00e1 la explotaci\u00f3n de las \u00e1reas petroleras que<\/p>\n","protected":false},"author":5,"featured_media":2442,"comment_status":"open","ping_status":"open","sticky":false,"template":"","format":"standard","meta":{"footnotes":""},"categories":[2],"tags":[747,379],"class_list":["post-11889","post","type-post","status-publish","format-standard","has-post-thumbnail","hentry","category-tierra-del-fuego","tag-terra-ignis","tag-ypf"],"featured_image_urls":{"full":["https:\/\/opinionpublica.com.ar\/index\/wp-content\/uploads\/2024\/04\/ypf-yacimiento.jpg",900,600,false],"thumbnail":["https:\/\/opinionpublica.com.ar\/index\/wp-content\/uploads\/2024\/04\/ypf-yacimiento-150x150.jpg",150,150,true],"medium":["https:\/\/opinionpublica.com.ar\/index\/wp-content\/uploads\/2024\/04\/ypf-yacimiento-300x200.jpg",300,200,true],"medium_large":["https:\/\/opinionpublica.com.ar\/index\/wp-content\/uploads\/2024\/04\/ypf-yacimiento-768x512.jpg",640,427,true],"large":["https:\/\/opinionpublica.com.ar\/index\/wp-content\/uploads\/2024\/04\/ypf-yacimiento.jpg",640,427,false],"1536x1536":["https:\/\/opinionpublica.com.ar\/index\/wp-content\/uploads\/2024\/04\/ypf-yacimiento.jpg",900,600,false],"2048x2048":["https:\/\/opinionpublica.com.ar\/index\/wp-content\/uploads\/2024\/04\/ypf-yacimiento.jpg",900,600,false],"morenews-large":["https:\/\/opinionpublica.com.ar\/index\/wp-content\/uploads\/2024\/04\/ypf-yacimiento-825x575.jpg",825,575,true],"morenews-medium":["https:\/\/opinionpublica.com.ar\/index\/wp-content\/uploads\/2024\/04\/ypf-yacimiento-590x410.jpg",590,410,true]},"author_info":{"display_name":"Hal","author_link":"https:\/\/opinionpublica.com.ar\/index\/author\/hal\/"},"category_info":"<a href=\"https:\/\/opinionpublica.com.ar\/index\/category\/tierra-del-fuego\/\" rel=\"category tag\">Tierra del Fuego<\/a>","tag_info":"Tierra del Fuego","comment_count":"0","_links":{"self":[{"href":"https:\/\/opinionpublica.com.ar\/index\/wp-json\/wp\/v2\/posts\/11889","targetHints":{"allow":["GET"]}}],"collection":[{"href":"https:\/\/opinionpublica.com.ar\/index\/wp-json\/wp\/v2\/posts"}],"about":[{"href":"https:\/\/opinionpublica.com.ar\/index\/wp-json\/wp\/v2\/types\/post"}],"author":[{"embeddable":true,"href":"https:\/\/opinionpublica.com.ar\/index\/wp-json\/wp\/v2\/users\/5"}],"replies":[{"embeddable":true,"href":"https:\/\/opinionpublica.com.ar\/index\/wp-json\/wp\/v2\/comments?post=11889"}],"version-history":[{"count":1,"href":"https:\/\/opinionpublica.com.ar\/index\/wp-json\/wp\/v2\/posts\/11889\/revisions"}],"predecessor-version":[{"id":11891,"href":"https:\/\/opinionpublica.com.ar\/index\/wp-json\/wp\/v2\/posts\/11889\/revisions\/11891"}],"wp:featuredmedia":[{"embeddable":true,"href":"https:\/\/opinionpublica.com.ar\/index\/wp-json\/wp\/v2\/media\/2442"}],"wp:attachment":[{"href":"https:\/\/opinionpublica.com.ar\/index\/wp-json\/wp\/v2\/media?parent=11889"}],"wp:term":[{"taxonomy":"category","embeddable":true,"href":"https:\/\/opinionpublica.com.ar\/index\/wp-json\/wp\/v2\/categories?post=11889"},{"taxonomy":"post_tag","embeddable":true,"href":"https:\/\/opinionpublica.com.ar\/index\/wp-json\/wp\/v2\/tags?post=11889"}],"curies":[{"name":"wp","href":"https:\/\/api.w.org\/{rel}","templated":true}]}}