{"id":11892,"date":"2025-12-04T09:19:33","date_gmt":"2025-12-04T12:19:33","guid":{"rendered":"https:\/\/opinionpublica.com.ar\/index\/?p=11892"},"modified":"2025-12-04T09:19:33","modified_gmt":"2025-12-04T12:19:33","slug":"el-stj-afirmo-que-la-conducta-atribuida-a-melella-no-configura-abuso-sexual-coactivo","status":"publish","type":"post","link":"https:\/\/opinionpublica.com.ar\/index\/el-stj-afirmo-que-la-conducta-atribuida-a-melella-no-configura-abuso-sexual-coactivo\/","title":{"rendered":"El STJ afirm\u00f3 que la conducta atribuida a Melella \u201cno configura\u201d abuso sexual coactivo"},"content":{"rendered":"<h3>El STJ afirm\u00f3 que la conducta atribuida a Melella \u201cno configura\u201d abuso sexual coactivo<\/h3>\n<p><a href=\"https:\/\/opinionpublica.com.ar\/index\/wp-content\/uploads\/2024\/05\/gustavo-melella-1.jpg\"><img fetchpriority=\"high\" decoding=\"async\" class=\"alignnone size-full wp-image-3114\" src=\"https:\/\/opinionpublica.com.ar\/index\/wp-content\/uploads\/2024\/05\/gustavo-melella-1.jpg\" alt=\"\" width=\"900\" height=\"640\" srcset=\"https:\/\/opinionpublica.com.ar\/index\/wp-content\/uploads\/2024\/05\/gustavo-melella-1.jpg 900w, https:\/\/opinionpublica.com.ar\/index\/wp-content\/uploads\/2024\/05\/gustavo-melella-1-300x213.jpg 300w, https:\/\/opinionpublica.com.ar\/index\/wp-content\/uploads\/2024\/05\/gustavo-melella-1-768x546.jpg 768w\" sizes=\"(max-width: 900px) 100vw, 900px\" \/><\/a><\/p>\n<p>La mayor\u00eda del tribunal rechaz\u00f3 el recurso de los denunciantes, al entender que los hechos no encuadran en el tipo penal. Tambi\u00e9n se\u00f1al\u00f3 posibles irregularidades administrativas en contrataciones de la \u00e9poca. Muchnik coincidi\u00f3 en rechazar el recurso, pero por fundamentos distintos y sin analizar el fondo.<\/p>\n<p>&nbsp;<\/p>\n<p>El Superior Tribunal de Justicia de Tierra del Fuego rechaz\u00f3 el recurso de casaci\u00f3n presentado por los denunciantes de abuso sexual contra el entonces intendente y actual gobernador Gustavo Melella. Con esta decisi\u00f3n, se mantuvo la resoluci\u00f3n de la C\u00e1mara de Apelaciones que hab\u00eda confirmado el criterio del juez de instrucci\u00f3n: la conducta denunciada \u201cno configura\u201d el delito de abuso sexual coactivo contemplado en el art\u00edculo 119 del C\u00f3digo Penal.<\/p>\n<p>&nbsp;<\/p>\n<p>La mayor\u00eda \u2014integrada por Carlos Sagastume, Mar\u00eda del Carmen Battaini y Alejandro Fern\u00e1ndez\u2014 concluy\u00f3 que no se acreditaron elementos que permitan sostener que Melella ejerci\u00f3 coacci\u00f3n sexual sobre los denunciantes. Seg\u00fan el tribunal, no existi\u00f3 una relaci\u00f3n de dependencia, autoridad o subordinaci\u00f3n capaz de anular su capacidad de autodeterminaci\u00f3n, y tampoco se verificaron actos dirigidos a afectar su libertad sexual.<\/p>\n<p>&nbsp;<\/p>\n<p>Los jueces remarcaron que los denunciantes eran adultos, que los encuentros se desarrollaron en un marco interpretado como voluntario, y que hab\u00eda contradicciones significativas en los testimonios, particularmente en la ampliaci\u00f3n en la que uno de ellos introdujo por primera vez la presencia de violencia f\u00edsica. Esa variaci\u00f3n fue considerada un elemento que afect\u00f3 la credibilidad del relato.<\/p>\n<p>&nbsp;<\/p>\n<p>No obstante, la sentencia se\u00f1al\u00f3 que en el expediente aparecen referencias a irregularidades administrativas vinculadas a contrataciones informales y transferencias bancarias relacionadas con obras municipales durante la gesti\u00f3n de Melella como intendente. El tribunal puntualiz\u00f3 que, si bien esos datos podr\u00edan eventualmente tener relevancia en otras v\u00edas, no son indicativos de coacci\u00f3n sexual, y por lo tanto no modifican la conclusi\u00f3n penal.<\/p>\n<p>&nbsp;<\/p>\n<p>El juez Javier Dar\u00edo Muchnik acompa\u00f1\u00f3 el rechazo del recurso, pero con un voto propio. Consider\u00f3 que la decisi\u00f3n apelada no constituye una sentencia definitiva ni equiparable, y que por esa raz\u00f3n la casaci\u00f3n deb\u00eda declararse inadmisible. A diferencia de la mayor\u00eda, no ingres\u00f3 a analizar el fondo del caso, limit\u00e1ndose a cuestiones estrictamente procesales.<\/p>\n<p>&nbsp;<\/p>\n<p>Con esta resoluci\u00f3n, el Superior Tribunal confirm\u00f3 la validez de lo resuelto por la C\u00e1mara en relaci\u00f3n al tipo penal investigado. El fallo establece que, con la prueba actualmente evaluada, los hechos denunciados no encuadran en abuso sexual coactivo, aunque deja se\u00f1alado que eventuales irregularidades administrativas podr\u00edan corresponder a otros \u00e1mbitos de revisi\u00f3n ajenos al proceso penal sobre el que se expidi\u00f3 el tribunal.<\/p>\n","protected":false},"excerpt":{"rendered":"<p>El STJ afirm\u00f3 que la conducta atribuida a Melella \u201cno configura\u201d abuso sexual coactivo La mayor\u00eda del tribunal<\/p>\n","protected":false},"author":5,"featured_media":3414,"comment_status":"open","ping_status":"open","sticky":false,"template":"","format":"standard","meta":{"footnotes":""},"categories":[2],"tags":[134],"class_list":["post-11892","post","type-post","status-publish","format-standard","has-post-thumbnail","hentry","category-tierra-del-fuego","tag-gustavo-melella"],"featured_image_urls":{"full":["https:\/\/opinionpublica.com.ar\/index\/wp-content\/uploads\/2024\/05\/melella-1.jpg",1280,720,false],"thumbnail":["https:\/\/opinionpublica.com.ar\/index\/wp-content\/uploads\/2024\/05\/melella-1-150x150.jpg",150,150,true],"medium":["https:\/\/opinionpublica.com.ar\/index\/wp-content\/uploads\/2024\/05\/melella-1-300x169.jpg",300,169,true],"medium_large":["https:\/\/opinionpublica.com.ar\/index\/wp-content\/uploads\/2024\/05\/melella-1-768x432.jpg",640,360,true],"large":["https:\/\/opinionpublica.com.ar\/index\/wp-content\/uploads\/2024\/05\/melella-1-1024x576.jpg",640,360,true],"1536x1536":["https:\/\/opinionpublica.com.ar\/index\/wp-content\/uploads\/2024\/05\/melella-1.jpg",1280,720,false],"2048x2048":["https:\/\/opinionpublica.com.ar\/index\/wp-content\/uploads\/2024\/05\/melella-1.jpg",1280,720,false],"morenews-large":["https:\/\/opinionpublica.com.ar\/index\/wp-content\/uploads\/2024\/05\/melella-1-825x575.jpg",825,575,true],"morenews-medium":["https:\/\/opinionpublica.com.ar\/index\/wp-content\/uploads\/2024\/05\/melella-1-590x410.jpg",590,410,true]},"author_info":{"display_name":"Hal","author_link":"https:\/\/opinionpublica.com.ar\/index\/author\/hal\/"},"category_info":"<a href=\"https:\/\/opinionpublica.com.ar\/index\/category\/tierra-del-fuego\/\" rel=\"category tag\">Tierra del Fuego<\/a>","tag_info":"Tierra del Fuego","comment_count":"0","_links":{"self":[{"href":"https:\/\/opinionpublica.com.ar\/index\/wp-json\/wp\/v2\/posts\/11892","targetHints":{"allow":["GET"]}}],"collection":[{"href":"https:\/\/opinionpublica.com.ar\/index\/wp-json\/wp\/v2\/posts"}],"about":[{"href":"https:\/\/opinionpublica.com.ar\/index\/wp-json\/wp\/v2\/types\/post"}],"author":[{"embeddable":true,"href":"https:\/\/opinionpublica.com.ar\/index\/wp-json\/wp\/v2\/users\/5"}],"replies":[{"embeddable":true,"href":"https:\/\/opinionpublica.com.ar\/index\/wp-json\/wp\/v2\/comments?post=11892"}],"version-history":[{"count":1,"href":"https:\/\/opinionpublica.com.ar\/index\/wp-json\/wp\/v2\/posts\/11892\/revisions"}],"predecessor-version":[{"id":11893,"href":"https:\/\/opinionpublica.com.ar\/index\/wp-json\/wp\/v2\/posts\/11892\/revisions\/11893"}],"wp:featuredmedia":[{"embeddable":true,"href":"https:\/\/opinionpublica.com.ar\/index\/wp-json\/wp\/v2\/media\/3414"}],"wp:attachment":[{"href":"https:\/\/opinionpublica.com.ar\/index\/wp-json\/wp\/v2\/media?parent=11892"}],"wp:term":[{"taxonomy":"category","embeddable":true,"href":"https:\/\/opinionpublica.com.ar\/index\/wp-json\/wp\/v2\/categories?post=11892"},{"taxonomy":"post_tag","embeddable":true,"href":"https:\/\/opinionpublica.com.ar\/index\/wp-json\/wp\/v2\/tags?post=11892"}],"curies":[{"name":"wp","href":"https:\/\/api.w.org\/{rel}","templated":true}]}}