{"id":119,"date":"2024-03-08T13:17:39","date_gmt":"2024-03-08T13:17:39","guid":{"rendered":"https:\/\/opinionpublica.com.ar\/index\/?p=119"},"modified":"2024-03-12T17:49:07","modified_gmt":"2024-03-12T17:49:07","slug":"jose-luis-espert-pidio-eliminar-el-regimen-de-promocion-industrial-de-tierra-del-fuego-es-una-manera-corrupta-de-hacerte-millonario","status":"publish","type":"post","link":"https:\/\/opinionpublica.com.ar\/index\/jose-luis-espert-pidio-eliminar-el-regimen-de-promocion-industrial-de-tierra-del-fuego-es-una-manera-corrupta-de-hacerte-millonario\/","title":{"rendered":"Jos\u00e9 Luis Espert pidi\u00f3 eliminar el r\u00e9gimen de promoci\u00f3n industrial de Tierra del Fuego: \u201cEs una manera corrupta de hacerte millonario\u201d"},"content":{"rendered":"\r\n<p>El diputado aliado del Gobierno asegur\u00f3 que ese sistema impidi\u00f3 a la provincia tener otras actividades que le generar\u00edan ingresos genuinos<\/p>\r\n\r\n\r\n\r\n<p>El economista afirm\u00f3 que \u201chay tres corporaciones, que hoy el presidente llama \u2018la casta\u2019, que se han fumado en pipa un pa\u00eds entero: la pol\u00edtica, la sindical y parte de la empresaria\u201d, y advirti\u00f3 que \u201c<strong>ac\u00e1 la manera de hacerte\u00a0 millonario en la Argentina es una gran cagada para el pa\u00eds porque es una manera prebendaria, corrupta, de negocios truchos como Tierra del Fuego\u201d.<\/strong><\/p>\r\n\r\n\r\n\r\n<p><strong>\u201c\u00bfHasta cu\u00e1ndo vamos a promocionar Tierra del Fuego?\u201d,<\/strong>\u00a0se pregunt\u00f3 el economista, y agreg\u00f3 que \u201ca los habitantes de Tierra del Fuego les ir\u00eda mucho mejor de lo que les va sin la promoci\u00f3n industrial que con la promoci\u00f3n industrial\u201d.<\/p>\r\n\r\n\r\n\r\n<p>\u201cPor culpa de la promoci\u00f3n, Tierra del Fuego se dio el lujo de prohibir una actividad que le generar\u00eda mucha plata de manera genuina como es\u00a0<strong>la cr\u00eda de salmones.<\/strong>\u00a0Sab\u00e9s la promoci\u00f3n hidrocarbur\u00edfera y minera que tendr\u00eda Tierra del Fuego sin la putrefacci\u00f3n de la promoci\u00f3n industrial que tiene? Y as\u00ed pod\u00e9s agarrar todo\u201d, subray\u00f3 Espert durante una entrevista con el periodista\u00a0<em>Marcelo Longobardi\u00a0<\/em>en\u00a0<em>Radio Rivadavia.<\/em><\/p>\r\n\r\n\r\n\r\n<p>Espert tambi\u00e9n pidi\u00f3 poner fin a \u201c<strong>la protecci\u00f3n que gozan los textiles, autos, cauchos, cart\u00f3n, cartulina, que es una cosa incre\u00edble. Ac\u00e1 un calz\u00f3n te sale como un BMW y un auto, que son cuatro chapas y cuatro gomas, te sale como un transatl\u00e1ntico. Estas cosas hay que terminarlas\u201d.<\/strong><\/p>\r\n\r\n\r\n\r\n<p>Entre otras cosas, Espert, quien es el titular de la comisi\u00f3n de Presupuesto y Hacienda en la C\u00e1mara de Diputados, tambi\u00e9n asegur\u00f3 que hay que \u201celiminar con el tiempo\u201d las retenciones al campo, y tambi\u00e9n se refiri\u00f3 a la situaci\u00f3n en la provincia de Buenos Aires.<\/p>\r\n\r\n\r\n\r\n<p>\u201cOtra cosa que hay que eliminar es, en la provincia de Buenos Aires, este delirio del complementario del impuesto inmobiliario rural que cre\u00f3 Scioli en su momento. Hay que eliminarlo. Denle la coparticipaci\u00f3n que le corresponde a Buenos Aires, que en Formosa y Chaco el Estado haga el ajuste que tenga que hacer, perdiendo el privilegio que tienen hoy por la ley de coparticipaci\u00f3n, que es una verg\u00fcenza lo que reciben. Formosa y Chaco reciben por coparticipaci\u00f3n tres o cuatro veces lo que aportan, y los cag\u00e1s a los bonaerenses, a los santafesinos, a los mendocinos, a los cordobeses\u201d, apunt\u00f3.<\/p>\r\n\r\n\r\n\r\n<p>El llamado \u201cR\u00e9gimen\u201d de Tierra del Fuego naci\u00f3 en 1972 y estableci\u00f3 un esquema especial d<strong>e beneficios fiscales y aduaneros para el territorio<\/strong>\u00a0con el objetivo de fomentar el aumento de la poblaci\u00f3n y el empleo en una regi\u00f3n distante y aislada del resto del pa\u00eds, pero de gran importancia estrat\u00e9gica.<\/p>\r\n\r\n\r\n\r\n<p>La Ley establec\u00eda un conjunto de beneficios destinados a disminuir el costo de vida en ese territorio; y un subconjunto de incentivos econ\u00f3micos asociado al denominado\u00a0<strong>\u201csubr\u00e9gimen industrial<\/strong>\u201d, que regula a\u00fan hoy la entrada al territorio continental de productos fabricados en la provincia.<\/p>\r\n\r\n\r\n\r\n<p>El principal est\u00edmulo que reciben las empresas bajo el subr\u00e9gimen industrial es el cr\u00e9dito fiscal por IVA por cada venta en el resto del pa\u00eds. Como la venta en el continente no est\u00e1 exenta de IVA, este impuesto debe ser discriminado y cobrado en la factura de forma que la empresa compradora lo pueda descontar como cr\u00e9dito en su propia declaraci\u00f3n de IVA.<\/p>\r\n\r\n\r\n\r\n<p><img fetchpriority=\"high\" decoding=\"async\" src=\"https:\/\/www.infobae.com\/new-resizer\/Z6gHCrz6JMOYV6Ykpo5bSlnyrag=\/420x236\/filters:format(webp):quality(85)\/cloudfront-us-east-1.images.arcpublishing.com\/infobae\/Q4XAILC56RFSHPGYQPSED4Q3JU.jpg%20420w\" srcset=\"https:\/\/www.infobae.com\/new-resizer\/Z6gHCrz6JMOYV6Ykpo5bSlnyrag=\/420x236\/filters:format(webp):quality(85)\/cloudfront-us-east-1.images.arcpublishing.com\/infobae\/Q4XAILC56RFSHPGYQPSED4Q3JU.jpg 420w,https:\/\/www.infobae.com\/new-resizer\/p89Dx667zCqMlYStLDCc3dsPf0Y=\/768x432\/filters:format(webp):quality(85)\/cloudfront-us-east-1.images.arcpublishing.com\/infobae\/Q4XAILC56RFSHPGYQPSED4Q3JU.jpg 768w,https:\/\/www.infobae.com\/new-resizer\/n6H8qCWrq10jOUa2Aj84ZQeYdh4=\/992x558\/filters:format(webp):quality(85)\/cloudfront-us-east-1.images.arcpublishing.com\/infobae\/Q4XAILC56RFSHPGYQPSED4Q3JU.jpg 992w,https:\/\/www.infobae.com\/new-resizer\/px0ZmPwTF9WKdEQBwJsVFPuPMdQ=\/1200x675\/filters:format(webp):quality(85)\/cloudfront-us-east-1.images.arcpublishing.com\/infobae\/Q4XAILC56RFSHPGYQPSED4Q3JU.jpg 1200w,https:\/\/www.infobae.com\/new-resizer\/oE34aqhGyQvlQqV0bBCnzn03KL4=\/1440x810\/filters:format(webp):quality(85)\/cloudfront-us-east-1.images.arcpublishing.com\/infobae\/Q4XAILC56RFSHPGYQPSED4Q3JU.jpg 1440w\" alt=\"El empresario Nicol\u00e1s Caputo, uno de los beneficiarios del r\u00e9gimen de promoci\u00f3n industrial de Tierra del Fuego. \" width=\"1920\" height=\"1080\" \/>El empresario Nicol\u00e1s Caputo, uno de los beneficiarios del r\u00e9gimen de promoci\u00f3n industrial de Tierra del Fuego.<\/p>\r\n\r\n\r\n\r\n<p>Uno de los principales aspectos en los que se centra la discusi\u00f3n p\u00fablica es cu\u00e1nto deja de recaudar el Estado al otorgar los beneficios fiscales del subr\u00e9gimen industrial. Actualmente esta cifra se estima en<a href=\"https:\/\/www.infobae.com\/economia\/2023\/06\/14\/electronica-en-tierra-del-fuego-proponen-cambiar-el-regimen-porque-no-suma-valor-agregado-y-cuesta-mas-de-usd-1000-millones-por-ano\/#:~:text=El%20llamado%20%E2%80%9CR%C3%A9gimen%E2%80%9D%20de%20Tierra%20del%20Fuego%20naci%C3%B3%20en%201972,pero%20de%20gran%20importancia%20estrat%C3%A9gica.\" target=\"_blank\" rel=\"noreferrer noopener\">\u00a01.567 millones de d\u00f3lares por a\u00f1o<\/a>\u00a0y corresponde al monto de ingresos que el fisco deja de percibir al otorgar este tratamiento impositivo. Sin embargo, este c\u00e1lculo no contempla el cambio de comportamiento de los principales agentes econ\u00f3micos involucrados en el caso de haber modificaciones de los incentivos que hoy componen el subr\u00e9gimen.<\/p>\r\n\r\n\r\n\r\n<p><strong>Cabe destacar que uno de los beneficiarios del R\u00e9gimen de beneficios impositivos en Tierra del Fuego es el empresario Nicol\u00e1s Caputo, \u00edntimo amigo de Mauricio Macri.<\/strong><\/p>\r\n\r\n\r\n\r\n<h2 class=\"wp-block-heading\">El proyecto de la Coalici\u00f3n C\u00edvica<\/h2>\r\n\r\n\r\n\r\n<p>Hacce algunos d\u00edas, el diputado de la Coalici\u00f3n C\u00edvica,\u00a0<strong>Juan Manuel L\u00f3pez<\/strong>,\u00a0<a href=\"https:\/\/www.infobae.com\/politica\/2024\/02\/22\/buscan-bajar-los-precios-de-los-productos-tecnologicos-un-iphone-en-argentina-sale-300-o-400-mas-caro-que-en-eeuu\/\" target=\"_blank\" rel=\"noreferrer noopener\">present\u00f3 un proyecto<\/a>\u00a0que habilita\u00a0<strong>la compra en el exterior, por ejemplo, de tel\u00e9fonos o computadoras por hasta 1500 d\u00f3lares<\/strong>\u00a0sin pagar impuestos, y apunt\u00f3 contra el r\u00e9gimen de promoci\u00f3n de Tierra del Fuego.<\/p>\r\n\r\n\r\n\r\n<p>\u201cLos consumidores argentinos est\u00e1n s\u00faper desprotegidos. Por eso hay que ser creativos para desarmar los privilegios que no se quieren tocar. Hay que abrir el comercio h\u00edpercerrado de nuestro pa\u00eds. Celulares, indumentaria, cualquier repuesto es car\u00edsimo o ni siquiera se consigue. Con esta propuesta mejoraremos un poco cuestiones b\u00e1sicas de consumo de todos\u201d, sostuvo ante la consulta de\u00a0<strong>Infobae<\/strong>.<\/p>\r\n\r\n\r\n\r\n<p><img decoding=\"async\" src=\"https:\/\/www.infobae.com\/new-resizer\/guFCynrCh7uWlFO0q22qyVihofk=\/420x236\/filters:format(webp):quality(85)\/cloudfront-us-east-1.images.arcpublishing.com\/infobae\/X4KIUSJZABFVBAQUDRO6ZFPWVI.jpg%20420w\" srcset=\"https:\/\/www.infobae.com\/new-resizer\/guFCynrCh7uWlFO0q22qyVihofk=\/420x236\/filters:format(webp):quality(85)\/cloudfront-us-east-1.images.arcpublishing.com\/infobae\/X4KIUSJZABFVBAQUDRO6ZFPWVI.jpg 420w,https:\/\/www.infobae.com\/new-resizer\/2CnCCAbzyds6PWoV2D17MR9unlY=\/768x432\/filters:format(webp):quality(85)\/cloudfront-us-east-1.images.arcpublishing.com\/infobae\/X4KIUSJZABFVBAQUDRO6ZFPWVI.jpg 768w,https:\/\/www.infobae.com\/new-resizer\/JD4dkLL5hjwnffKcnU-QQq1ZPrI=\/992x558\/filters:format(webp):quality(85)\/cloudfront-us-east-1.images.arcpublishing.com\/infobae\/X4KIUSJZABFVBAQUDRO6ZFPWVI.jpg 992w,https:\/\/www.infobae.com\/new-resizer\/tXeDk4FJE_aZKtJJZdKYjT_d-Os=\/1200x675\/filters:format(webp):quality(85)\/cloudfront-us-east-1.images.arcpublishing.com\/infobae\/X4KIUSJZABFVBAQUDRO6ZFPWVI.jpg 1200w,https:\/\/www.infobae.com\/new-resizer\/re2rr8YNRWlez8aneTVLeJv8rig=\/1440x810\/filters:format(webp):quality(85)\/cloudfront-us-east-1.images.arcpublishing.com\/infobae\/X4KIUSJZABFVBAQUDRO6ZFPWVI.jpg 1440w\" alt=\"Juan Manuel L\u00f3pez, diputado nacional de la Coalici\u00f3n C\u00edvica\" width=\"1920\" height=\"1080\" \/>Juan Manuel L\u00f3pez, diputado nacional de la Coalici\u00f3n C\u00edvica<\/p>\r\n\r\n\r\n\r\n<p>Para fundamentar la iniciativa, L\u00f3pez mencion\u00f3 las variaciones de precios entre la Argentina y otros pa\u00edses, como Espa\u00f1a o Estados Unidos, sobre todo por la incorporaci\u00f3n de grav\u00e1menes como el impuesto pa\u00eds.<\/p>\r\n\r\n\r\n\r\n<p>\u201cHemos hecho relevamientos. Notebooks que ac\u00e1 salen con impuesto pa\u00eds 1.180 d\u00f3lares, en Espa\u00f1a salen 1109 d\u00f3lares y en Estados Unidos esa misma 900 d\u00f3lares. Una marca de un celular conocido que se fabrica ac\u00e1, en Tierra del Fuego, sale 2.046 d\u00f3lares con impuesto pa\u00eds, en Espa\u00f1a sale 949 d\u00f3lares y en Estados Unidos 1.000 d\u00f3lares\u201d, grafic\u00f3, en tanto, en di\u00e1logo con\u00a0<em>Radio Mitre<\/em>.<\/p>\r\n\r\n\r\n\r\n<p>\u201cEn el R\u00e9gimen de Tierra del Fuego, donde sabemos que se ensamblan celulares caros, algunos quieren instalar que hay un derecho adquirido, que hay una especie de legalidad que no se puede tocar al r\u00e9gimen para adelante.\u00a0<strong>Compitan, se\u00f1ores, aunque sea de esta manera<\/strong>\u201d, agreg\u00f3 el diputado de la Coalici\u00f3n C\u00edvica.<\/p>\r\n","protected":false},"excerpt":{"rendered":"<p>El diputado aliado del Gobierno asegur\u00f3 que ese sistema impidi\u00f3 a la provincia tener otras actividades que le<\/p>\n","protected":false},"author":2,"featured_media":120,"comment_status":"open","ping_status":"open","sticky":false,"template":"","format":"standard","meta":{"footnotes":""},"categories":[3,27,25,2,22,21],"tags":[17,9,7,5,13,6],"class_list":["post-119","post","type-post","status-publish","format-standard","has-post-thumbnail","hentry","category-nacionales","category-politica","category-rio-grande","category-tierra-del-fuego","category-tolhuin","category-ushuaia","tag-politica-argentina","tag-politico-en-descenso","tag-rio-grande","tag-tierra-del-fuego","tag-tolhuin","tag-ushuaia"],"featured_image_urls":{"full":["https:\/\/opinionpublica.com.ar\/index\/wp-content\/uploads\/2024\/03\/descarga.jpeg",275,183,false],"thumbnail":["https:\/\/opinionpublica.com.ar\/index\/wp-content\/uploads\/2024\/03\/descarga-150x150.jpeg",150,150,true],"medium":["https:\/\/opinionpublica.com.ar\/index\/wp-content\/uploads\/2024\/03\/descarga.jpeg",275,183,false],"medium_large":["https:\/\/opinionpublica.com.ar\/index\/wp-content\/uploads\/2024\/03\/descarga.jpeg",275,183,false],"large":["https:\/\/opinionpublica.com.ar\/index\/wp-content\/uploads\/2024\/03\/descarga.jpeg",275,183,false],"1536x1536":["https:\/\/opinionpublica.com.ar\/index\/wp-content\/uploads\/2024\/03\/descarga.jpeg",275,183,false],"2048x2048":["https:\/\/opinionpublica.com.ar\/index\/wp-content\/uploads\/2024\/03\/descarga.jpeg",275,183,false],"morenews-large":["https:\/\/opinionpublica.com.ar\/index\/wp-content\/uploads\/2024\/03\/descarga.jpeg",275,183,false],"morenews-medium":["https:\/\/opinionpublica.com.ar\/index\/wp-content\/uploads\/2024\/03\/descarga.jpeg",275,183,false]},"author_info":{"display_name":"l0013136","author_link":"https:\/\/opinionpublica.com.ar\/index\/author\/l0013136\/"},"category_info":"<a href=\"https:\/\/opinionpublica.com.ar\/index\/category\/nacionales\/\" rel=\"category tag\">Nacionales<\/a> <a href=\"https:\/\/opinionpublica.com.ar\/index\/category\/politica\/\" rel=\"category tag\">Politica<\/a> <a href=\"https:\/\/opinionpublica.com.ar\/index\/category\/rio-grande\/\" rel=\"category tag\">Rio Grande<\/a> <a href=\"https:\/\/opinionpublica.com.ar\/index\/category\/tierra-del-fuego\/\" rel=\"category tag\">Tierra del Fuego<\/a> <a href=\"https:\/\/opinionpublica.com.ar\/index\/category\/tolhuin\/\" rel=\"category tag\">Tolhuin<\/a> <a href=\"https:\/\/opinionpublica.com.ar\/index\/category\/ushuaia\/\" rel=\"category tag\">Ushuaia<\/a>","tag_info":"Ushuaia","comment_count":"0","_links":{"self":[{"href":"https:\/\/opinionpublica.com.ar\/index\/wp-json\/wp\/v2\/posts\/119","targetHints":{"allow":["GET"]}}],"collection":[{"href":"https:\/\/opinionpublica.com.ar\/index\/wp-json\/wp\/v2\/posts"}],"about":[{"href":"https:\/\/opinionpublica.com.ar\/index\/wp-json\/wp\/v2\/types\/post"}],"author":[{"embeddable":true,"href":"https:\/\/opinionpublica.com.ar\/index\/wp-json\/wp\/v2\/users\/2"}],"replies":[{"embeddable":true,"href":"https:\/\/opinionpublica.com.ar\/index\/wp-json\/wp\/v2\/comments?post=119"}],"version-history":[{"count":2,"href":"https:\/\/opinionpublica.com.ar\/index\/wp-json\/wp\/v2\/posts\/119\/revisions"}],"predecessor-version":[{"id":208,"href":"https:\/\/opinionpublica.com.ar\/index\/wp-json\/wp\/v2\/posts\/119\/revisions\/208"}],"wp:featuredmedia":[{"embeddable":true,"href":"https:\/\/opinionpublica.com.ar\/index\/wp-json\/wp\/v2\/media\/120"}],"wp:attachment":[{"href":"https:\/\/opinionpublica.com.ar\/index\/wp-json\/wp\/v2\/media?parent=119"}],"wp:term":[{"taxonomy":"category","embeddable":true,"href":"https:\/\/opinionpublica.com.ar\/index\/wp-json\/wp\/v2\/categories?post=119"},{"taxonomy":"post_tag","embeddable":true,"href":"https:\/\/opinionpublica.com.ar\/index\/wp-json\/wp\/v2\/tags?post=119"}],"curies":[{"name":"wp","href":"https:\/\/api.w.org\/{rel}","templated":true}]}}