{"id":11955,"date":"2025-12-10T10:56:09","date_gmt":"2025-12-10T13:56:09","guid":{"rendered":"https:\/\/opinionpublica.com.ar\/index\/?p=11955"},"modified":"2025-12-10T10:56:09","modified_gmt":"2025-12-10T13:56:09","slug":"el-plan-antartico-chileno-aventaja-largamente-al-de-argentina","status":"publish","type":"post","link":"https:\/\/opinionpublica.com.ar\/index\/el-plan-antartico-chileno-aventaja-largamente-al-de-argentina\/","title":{"rendered":"El plan ant\u00e1rtico chileno aventaja largamente al de Argentina"},"content":{"rendered":"<h3>El plan ant\u00e1rtico chileno aventaja largamente al de Argentina<\/h3>\n<p>Aunque rara vez hay fondos, expertos ven en los intereses corporativos de las Fuerzas Armadas; el motivo de medio siglo de demora en desarrollar una base en Ushuaia. Reci\u00e9n desde 2022, se vislumbra incipiente apertura.<\/p>\n<p style=\"text-align: left;\"><a href=\"https:\/\/opinionpublica.com.ar\/index\/wp-content\/uploads\/2024\/10\/suit_8867-antartida.jpg\"><img fetchpriority=\"high\" decoding=\"async\" class=\"alignnone size-full wp-image-6552\" src=\"https:\/\/opinionpublica.com.ar\/index\/wp-content\/uploads\/2024\/10\/suit_8867-antartida.jpg\" alt=\"\" width=\"1499\" height=\"1000\" srcset=\"https:\/\/opinionpublica.com.ar\/index\/wp-content\/uploads\/2024\/10\/suit_8867-antartida.jpg 1499w, https:\/\/opinionpublica.com.ar\/index\/wp-content\/uploads\/2024\/10\/suit_8867-antartida-300x200.jpg 300w, https:\/\/opinionpublica.com.ar\/index\/wp-content\/uploads\/2024\/10\/suit_8867-antartida-1024x683.jpg 1024w, https:\/\/opinionpublica.com.ar\/index\/wp-content\/uploads\/2024\/10\/suit_8867-antartida-768x512.jpg 768w\" sizes=\"(max-width: 1499px) 100vw, 1499px\" \/><\/a><\/p>\n<p>Imagen publicada por El Diario del Fin del Mundo en junio de 2024, donde el unico cambio es el reciente anuncio de EE.UU. de dejar de operar en Punta Arenas.<\/p>\n<p>&nbsp;<\/p>\n<p>Un abismo de concepci\u00f3n estrat\u00e9gica separa hoy las pol\u00edticas ant\u00e1rticas de Chile y Argentina. Mientras el vecino pa\u00eds aprueba de manera un\u00e1nime su moderno Plan Estrat\u00e9gico Ant\u00e1rtico 2026-2030, Argentina contin\u00faa lidiando con las secuelas de lo que el ex presidente del Instituto Fueguino de Turismo, Daniel Leguizam\u00f3n, diagnosticara como \u00abd\u00e9cadas de continuismo castrense\u00bb en el remoto continente que s\u00f3lo generaron \u00abatraso y decadencia\u00bb.<\/p>\n<p>&nbsp;<\/p>\n<p>El plan chileno, aprobado recientemente por su Consejo de Pol\u00edtica Ant\u00e1rtica, no es una mera declaraci\u00f3n de intenciones. Es una hoja de ruta concreta que consolida a la regi\u00f3n de Magallanes como eje log\u00edstico y cient\u00edfico, \u00abla puerta de entrada\u00bb indiscutible al continente blanco.<\/p>\n<p>&nbsp;<\/p>\n<p>Su solvencia y previsibilidad se evidencian en proyectos clave: el avance del Centro Ant\u00e1rtico Internacional, mejoras en el Aer\u00f3dromo Teniente Marsh y estudios para un cable de fibra \u00f3ptica. Pero su modernidad trasciende la infraestructura: incluye formalmente al Ministerio de la Mujer y la Equidad de G\u00e9nero y al de Educaci\u00f3n, transversalizando enfoques de g\u00e9nero y conocimiento desde las aulas.<\/p>\n<p>&nbsp;<\/p>\n<p>Esta planificaci\u00f3n sist\u00e9mica explica, seg\u00fan Leguizam\u00f3n, por qu\u00e9 Punta Arenas opera regularmente con 22 pa\u00edses y organizaciones internacionales, con una aviaci\u00f3n privada consolidada como Aerov\u00edas DAP, mientras Ushuaia recibe apenas operaciones espor\u00e1dicas.<\/p>\n<p>&nbsp;<\/p>\n<p>&nbsp;<\/p>\n<p>&nbsp;<\/p>\n<p>El ex funcionario fueguino es contundente: Chile desarroll\u00f3 soluciones operativas eficientes para captar la lucrativa actividad ant\u00e1rtica internacional. Argentina, en cambio, apost\u00f3 hist\u00f3ricamente por \u00abla opci\u00f3n castrense\u00bb, neg\u00e1ndole al sector privado y a Ushuaia un papel trascendental.<\/p>\n<p>&nbsp;<\/p>\n<p>En este contexto, noticias como el retiro de buques cient\u00edficos estadounidenses de Punta Arenas, si bien abren una ventana de oportunidad, son a\u00fan muy incipientes y lentas frente a la maquinaria planificada chilena. En Ushuaia hay entusiasmo y algunas iniciativas privadas, pero destronar a Punta Arenas como puerta de entrada al continente blanco en materia log\u00edstica y cient\u00edfica, es un anhelo demasiado lejano.<\/p>\n<p>&nbsp;<\/p>\n<p>El n\u00facleo del problema argentino, seg\u00fan los an\u00e1lisis, radica en los intereses corporativos de las Fuerzas Armadas, que durante medio siglo bloquearon una base a nivel del mar por disputas internas, imponiendo una \u00abexclusividad de uso y operaci\u00f3n injustificada y retr\u00f3grada\u00bb. Reci\u00e9n ahora, y a rega\u00f1adientes, se vislumbra una incipiente apertura.<\/p>\n<p>&nbsp;<\/p>\n<p>Chile avanza con una estrategia de Estado moderna, interministerial y de largo plazo, afianzando su posici\u00f3n como verdadera puerta de entrada ant\u00e1rtica. Argentina, y especialmente la provincia de Tierra del Fuego; entrampada en viejas l\u00f3gicas corporativas, deber\u00eda persistir en quitarle poder de decisi\u00f3n y de veto a las fuerzas armadas sobre la Ant\u00e1rtida si pretende, alguna vez, capitalizar el extraordinario potencial de Ushuaia.<\/p>\n<p>&nbsp;<\/p>\n<p>El reloj ant\u00e1rtico sigue corriendo, y marca horarios diferentes a cada lado de la cordillera.<\/p>\n","protected":false},"excerpt":{"rendered":"<p>El plan ant\u00e1rtico chileno aventaja largamente al de Argentina Aunque rara vez hay fondos, expertos ven en los<\/p>\n","protected":false},"author":5,"featured_media":6550,"comment_status":"open","ping_status":"open","sticky":false,"template":"","format":"standard","meta":{"footnotes":""},"categories":[3],"tags":[80],"class_list":["post-11955","post","type-post","status-publish","format-standard","has-post-thumbnail","hentry","category-nacionales","tag-antartida"],"featured_image_urls":{"full":["https:\/\/opinionpublica.com.ar\/index\/wp-content\/uploads\/2024\/10\/Antartida.jpg",1120,630,false],"thumbnail":["https:\/\/opinionpublica.com.ar\/index\/wp-content\/uploads\/2024\/10\/Antartida-150x150.jpg",150,150,true],"medium":["https:\/\/opinionpublica.com.ar\/index\/wp-content\/uploads\/2024\/10\/Antartida-300x169.jpg",300,169,true],"medium_large":["https:\/\/opinionpublica.com.ar\/index\/wp-content\/uploads\/2024\/10\/Antartida-768x432.jpg",640,360,true],"large":["https:\/\/opinionpublica.com.ar\/index\/wp-content\/uploads\/2024\/10\/Antartida-1024x576.jpg",640,360,true],"1536x1536":["https:\/\/opinionpublica.com.ar\/index\/wp-content\/uploads\/2024\/10\/Antartida.jpg",1120,630,false],"2048x2048":["https:\/\/opinionpublica.com.ar\/index\/wp-content\/uploads\/2024\/10\/Antartida.jpg",1120,630,false],"morenews-large":["https:\/\/opinionpublica.com.ar\/index\/wp-content\/uploads\/2024\/10\/Antartida-825x575.jpg",825,575,true],"morenews-medium":["https:\/\/opinionpublica.com.ar\/index\/wp-content\/uploads\/2024\/10\/Antartida-590x410.jpg",590,410,true]},"author_info":{"display_name":"Hal","author_link":"https:\/\/opinionpublica.com.ar\/index\/author\/hal\/"},"category_info":"<a href=\"https:\/\/opinionpublica.com.ar\/index\/category\/nacionales\/\" rel=\"category tag\">Nacionales<\/a>","tag_info":"Nacionales","comment_count":"0","_links":{"self":[{"href":"https:\/\/opinionpublica.com.ar\/index\/wp-json\/wp\/v2\/posts\/11955","targetHints":{"allow":["GET"]}}],"collection":[{"href":"https:\/\/opinionpublica.com.ar\/index\/wp-json\/wp\/v2\/posts"}],"about":[{"href":"https:\/\/opinionpublica.com.ar\/index\/wp-json\/wp\/v2\/types\/post"}],"author":[{"embeddable":true,"href":"https:\/\/opinionpublica.com.ar\/index\/wp-json\/wp\/v2\/users\/5"}],"replies":[{"embeddable":true,"href":"https:\/\/opinionpublica.com.ar\/index\/wp-json\/wp\/v2\/comments?post=11955"}],"version-history":[{"count":1,"href":"https:\/\/opinionpublica.com.ar\/index\/wp-json\/wp\/v2\/posts\/11955\/revisions"}],"predecessor-version":[{"id":11956,"href":"https:\/\/opinionpublica.com.ar\/index\/wp-json\/wp\/v2\/posts\/11955\/revisions\/11956"}],"wp:featuredmedia":[{"embeddable":true,"href":"https:\/\/opinionpublica.com.ar\/index\/wp-json\/wp\/v2\/media\/6550"}],"wp:attachment":[{"href":"https:\/\/opinionpublica.com.ar\/index\/wp-json\/wp\/v2\/media?parent=11955"}],"wp:term":[{"taxonomy":"category","embeddable":true,"href":"https:\/\/opinionpublica.com.ar\/index\/wp-json\/wp\/v2\/categories?post=11955"},{"taxonomy":"post_tag","embeddable":true,"href":"https:\/\/opinionpublica.com.ar\/index\/wp-json\/wp\/v2\/tags?post=11955"}],"curies":[{"name":"wp","href":"https:\/\/api.w.org\/{rel}","templated":true}]}}