{"id":11960,"date":"2025-12-11T12:07:57","date_gmt":"2025-12-11T15:07:57","guid":{"rendered":"https:\/\/opinionpublica.com.ar\/index\/?p=11960"},"modified":"2025-12-11T12:07:57","modified_gmt":"2025-12-11T15:07:57","slug":"jorge-canals-es-el-nuevo-jefe-de-gabinete","status":"publish","type":"post","link":"https:\/\/opinionpublica.com.ar\/index\/jorge-canals-es-el-nuevo-jefe-de-gabinete\/","title":{"rendered":"Jorge Canals es el nuevo jefe de Gabinete"},"content":{"rendered":"<h3>Jorge Canals es el nuevo jefe de Gabinete<\/h3>\n<p><a href=\"https:\/\/opinionpublica.com.ar\/index\/wp-content\/uploads\/2025\/12\/20251210091757f147c97bc78390128fb3fa1ebd0437de_min.jpg\"><img fetchpriority=\"high\" decoding=\"async\" class=\"alignnone size-full wp-image-11961\" src=\"https:\/\/opinionpublica.com.ar\/index\/wp-content\/uploads\/2025\/12\/20251210091757f147c97bc78390128fb3fa1ebd0437de_min.jpg\" alt=\"\" width=\"500\" height=\"333\" srcset=\"https:\/\/opinionpublica.com.ar\/index\/wp-content\/uploads\/2025\/12\/20251210091757f147c97bc78390128fb3fa1ebd0437de_min.jpg 500w, https:\/\/opinionpublica.com.ar\/index\/wp-content\/uploads\/2025\/12\/20251210091757f147c97bc78390128fb3fa1ebd0437de_min-300x200.jpg 300w\" sizes=\"(max-width: 500px) 100vw, 500px\" \/><\/a><\/p>\n<p>El flamante ministro se ven\u00eda desempe\u00f1ando como Viceministro de Coordinaci\u00f3n de Gabinete. La decisi\u00f3n busca dar continuidad a la l\u00ednea de gesti\u00f3n que ven\u00eda llevando Agust\u00edn Tita, quien asumi\u00f3 una banca en la C\u00e1mara de Diputados de la Naci\u00f3n.<\/p>\n<p>&nbsp;<\/p>\n<p>El gobernador Gustavo Melella design\u00f3 ayer mi\u00e9rcoles a Jorge Canals como nuevo ministro Jefe de Gabinete. La medida apunta a dar continuidad al trabajo articulado entre los ministerios, manteniendo la misma l\u00ednea de gesti\u00f3n y coordinaci\u00f3n que ven\u00eda desarrollando Agust\u00edn Tita, recientemente incorporado a la C\u00e1mara de Diputados en representaci\u00f3n de la provincia.<\/p>\n<p>&nbsp;<\/p>\n<p>Desde el Ejecutivo destacaron que la designaci\u00f3n se enmarca en una estrategia de continuidad institucional, con foco en sostener el funcionamiento integrado del gabinete y la planificaci\u00f3n de pol\u00edticas p\u00fablicas de alcance transversal. En ese sentido, Melella expres\u00f3 su confianza en el nuevo titular del \u00e1rea y remarc\u00f3 que el objetivo ser\u00e1 profundizar el trabajo en marcha.<\/p>\n<p>&nbsp;<\/p>\n<p>\u201cJorge Canals asume con el compromiso de seguir trabajando en equipo, coordinando las pol\u00edticas p\u00fablicas que nuestra provincia necesita, con eficiencia, transparencia y una mirada puesta en el servicio a todos los fueguinos. Su experiencia y dedicaci\u00f3n ser\u00e1n pilares para profundizar el trabajo que venimos realizando\u201d, se\u00f1al\u00f3 el Gobernador.<\/p>\n<p>&nbsp;<\/p>\n<p>Por su parte, Canals agradeci\u00f3 la confianza y afirm\u00f3 que su gesti\u00f3n buscar\u00e1 fortalecer la articulaci\u00f3n entre \u00e1reas para garantizar una administraci\u00f3n coordinada. \u201cAsumo esta responsabilidad con el firme prop\u00f3sito de dar continuidad al trabajo ya iniciado, fortaleciendo la articulaci\u00f3n entre \u00e1reas y garantizando una gesti\u00f3n coordinada, eficiente y al servicio de la gente. Nuestro objetivo ser\u00e1 seguir construyendo desde el di\u00e1logo, el trabajo en equipo y el compromiso con cada fueguino y fueguina\u201d, expres\u00f3.<\/p>\n<p>&nbsp;<\/p>\n<p>Desde el Ejecutivo se indic\u00f3 que la designaci\u00f3n de Canals refleja la voluntad del Gobierno de mantener estabilidad en la coordinaci\u00f3n de la administraci\u00f3n p\u00fablica, optimizar recursos y promover una gesti\u00f3n unificada orientada al bienestar de la poblaci\u00f3n. En esa l\u00ednea, se plante\u00f3 tambi\u00e9n como meta sostener el avance de pol\u00edticas de Estado y la implementaci\u00f3n de proyectos estrat\u00e9gicos vinculados al desarrollo integral de Tierra del Fuego.<\/p>\n<p>&nbsp;<\/p>\n<p>&nbsp;<\/p>\n","protected":false},"excerpt":{"rendered":"<p>Jorge Canals es el nuevo jefe de Gabinete El flamante ministro se ven\u00eda desempe\u00f1ando como Viceministro de Coordinaci\u00f3n<\/p>\n","protected":false},"author":5,"featured_media":11961,"comment_status":"open","ping_status":"open","sticky":false,"template":"","format":"standard","meta":{"footnotes":""},"categories":[2],"tags":[1293,1025],"class_list":["post-11960","post","type-post","status-publish","format-standard","has-post-thumbnail","hentry","category-tierra-del-fuego","tag-jefe-de-gabinete","tag-jorge-canals"],"featured_image_urls":{"full":["https:\/\/opinionpublica.com.ar\/index\/wp-content\/uploads\/2025\/12\/20251210091757f147c97bc78390128fb3fa1ebd0437de_min.jpg",500,333,false],"thumbnail":["https:\/\/opinionpublica.com.ar\/index\/wp-content\/uploads\/2025\/12\/20251210091757f147c97bc78390128fb3fa1ebd0437de_min-150x150.jpg",150,150,true],"medium":["https:\/\/opinionpublica.com.ar\/index\/wp-content\/uploads\/2025\/12\/20251210091757f147c97bc78390128fb3fa1ebd0437de_min-300x200.jpg",300,200,true],"medium_large":["https:\/\/opinionpublica.com.ar\/index\/wp-content\/uploads\/2025\/12\/20251210091757f147c97bc78390128fb3fa1ebd0437de_min.jpg",500,333,false],"large":["https:\/\/opinionpublica.com.ar\/index\/wp-content\/uploads\/2025\/12\/20251210091757f147c97bc78390128fb3fa1ebd0437de_min.jpg",500,333,false],"1536x1536":["https:\/\/opinionpublica.com.ar\/index\/wp-content\/uploads\/2025\/12\/20251210091757f147c97bc78390128fb3fa1ebd0437de_min.jpg",500,333,false],"2048x2048":["https:\/\/opinionpublica.com.ar\/index\/wp-content\/uploads\/2025\/12\/20251210091757f147c97bc78390128fb3fa1ebd0437de_min.jpg",500,333,false],"morenews-large":["https:\/\/opinionpublica.com.ar\/index\/wp-content\/uploads\/2025\/12\/20251210091757f147c97bc78390128fb3fa1ebd0437de_min.jpg",500,333,false],"morenews-medium":["https:\/\/opinionpublica.com.ar\/index\/wp-content\/uploads\/2025\/12\/20251210091757f147c97bc78390128fb3fa1ebd0437de_min.jpg",500,333,false]},"author_info":{"display_name":"Hal","author_link":"https:\/\/opinionpublica.com.ar\/index\/author\/hal\/"},"category_info":"<a href=\"https:\/\/opinionpublica.com.ar\/index\/category\/tierra-del-fuego\/\" rel=\"category tag\">Tierra del Fuego<\/a>","tag_info":"Tierra del Fuego","comment_count":"0","_links":{"self":[{"href":"https:\/\/opinionpublica.com.ar\/index\/wp-json\/wp\/v2\/posts\/11960","targetHints":{"allow":["GET"]}}],"collection":[{"href":"https:\/\/opinionpublica.com.ar\/index\/wp-json\/wp\/v2\/posts"}],"about":[{"href":"https:\/\/opinionpublica.com.ar\/index\/wp-json\/wp\/v2\/types\/post"}],"author":[{"embeddable":true,"href":"https:\/\/opinionpublica.com.ar\/index\/wp-json\/wp\/v2\/users\/5"}],"replies":[{"embeddable":true,"href":"https:\/\/opinionpublica.com.ar\/index\/wp-json\/wp\/v2\/comments?post=11960"}],"version-history":[{"count":1,"href":"https:\/\/opinionpublica.com.ar\/index\/wp-json\/wp\/v2\/posts\/11960\/revisions"}],"predecessor-version":[{"id":11962,"href":"https:\/\/opinionpublica.com.ar\/index\/wp-json\/wp\/v2\/posts\/11960\/revisions\/11962"}],"wp:featuredmedia":[{"embeddable":true,"href":"https:\/\/opinionpublica.com.ar\/index\/wp-json\/wp\/v2\/media\/11961"}],"wp:attachment":[{"href":"https:\/\/opinionpublica.com.ar\/index\/wp-json\/wp\/v2\/media?parent=11960"}],"wp:term":[{"taxonomy":"category","embeddable":true,"href":"https:\/\/opinionpublica.com.ar\/index\/wp-json\/wp\/v2\/categories?post=11960"},{"taxonomy":"post_tag","embeddable":true,"href":"https:\/\/opinionpublica.com.ar\/index\/wp-json\/wp\/v2\/tags?post=11960"}],"curies":[{"name":"wp","href":"https:\/\/api.w.org\/{rel}","templated":true}]}}