{"id":11968,"date":"2025-12-12T09:05:35","date_gmt":"2025-12-12T12:05:35","guid":{"rendered":"https:\/\/opinionpublica.com.ar\/index\/?p=11968"},"modified":"2025-12-12T09:05:35","modified_gmt":"2025-12-12T12:05:35","slug":"la-senadora-lopez-abandono-el-grupo-de-whatsapp-del-pj","status":"publish","type":"post","link":"https:\/\/opinionpublica.com.ar\/index\/la-senadora-lopez-abandono-el-grupo-de-whatsapp-del-pj\/","title":{"rendered":"La senadora L\u00f3pez abandon\u00f3 el grupo de WhatsApp del PJ"},"content":{"rendered":"<h3>La senadora L\u00f3pez abandon\u00f3 el grupo de WhatsApp del PJ<\/h3>\n<p style=\"text-align: left;\"><a href=\"https:\/\/opinionpublica.com.ar\/index\/wp-content\/uploads\/2025\/07\/PHOTO-2025-07-30-21-50-232-660x365-cristina-lopez.jpg\"><img fetchpriority=\"high\" decoding=\"async\" class=\"alignnone size-full wp-image-10545\" src=\"https:\/\/opinionpublica.com.ar\/index\/wp-content\/uploads\/2025\/07\/PHOTO-2025-07-30-21-50-232-660x365-cristina-lopez.jpg\" alt=\"\" width=\"660\" height=\"365\" srcset=\"https:\/\/opinionpublica.com.ar\/index\/wp-content\/uploads\/2025\/07\/PHOTO-2025-07-30-21-50-232-660x365-cristina-lopez.jpg 660w, https:\/\/opinionpublica.com.ar\/index\/wp-content\/uploads\/2025\/07\/PHOTO-2025-07-30-21-50-232-660x365-cristina-lopez-300x166.jpg 300w\" sizes=\"(max-width: 660px) 100vw, 660px\" \/><\/a><\/p>\n<p>La senadora por Tierra del Fuego, C\u00e1ndida Cristina L\u00f3pez, dej\u00f3 en las \u00faltimas horas el grupo de WhatsApp que integraban los 24 miembros de Fuerza Patria bajo el nombre \u201cBloque Justicialista\u201d, creado por Jos\u00e9 Mayans y Juliana di Tullio tras la conformaci\u00f3n de la nueva C\u00e1mara Alta. Su salida sorprendi\u00f3 a los legisladores, que vieron en sus tel\u00e9fonos la notificaci\u00f3n de que L\u00f3pez hab\u00eda abandonado el espacio digital.<\/p>\n<p>El gesto, interpretado como una se\u00f1al pol\u00edtica clara, se suma al escenario de fragmentaci\u00f3n interna que atraviesa el peronismo luego del recambio parlamentario. Para Mayans, implica adem\u00e1s la posibilidad de perder otra banca dentro de un bloque ya reducido tras los resultados electorales de octubre.<\/p>\n<p>&nbsp;<\/p>\n<h4>Un clima de creciente tensi\u00f3n y distancias previas<\/h4>\n<p>La ausencia de L\u00f3pez en la reciente cena de fin de a\u00f1o del bloque \u2014realizada en el quincho del PJ nacional en Matheu\u2014 ya hab\u00eda despertado comentarios entre sus colegas, del mismo modo que su distanciamiento en las \u00faltimas semanas. La senadora fueguina arrastra diferencias pol\u00edticas con varios integrantes de la bancada y forma parte del grupo de legisladores que analiza su continuidad en la nueva configuraci\u00f3n del peronismo en la C\u00e1mara Alta.<\/p>\n<p>&nbsp;<\/p>\n<p>El panorama se complejiza por la indefinici\u00f3n de los cuatro senadores de Convicci\u00f3n Federal, quienes ni siquiera habr\u00edan sido incluidos en el grupo de WhatsApp y a\u00fan debaten si integrar\u00e1n un interbloque con Fuerza Patria o seguir\u00e1n otro camino.<\/p>\n<p>&nbsp;<\/p>\n<h4>El conflicto tras las agresiones en el Congreso profundiz\u00f3 la fractura<\/h4>\n<p>Desde el entorno de L\u00f3pez atribuyen su malestar a un episodio reciente: las agresiones sufridas por parte del personal de seguridad que responde a la vicepresidenta Victoria Villarruel, ocurridas cuando la senadora se present\u00f3 acompa\u00f1ada por un cerrajero para acceder a una oficina cuyos ingresos hab\u00edan sido restringidos tras un cambio de cerraduras.<\/p>\n<p>&nbsp;<\/p>\n<p>A ra\u00edz del hecho, L\u00f3pez radic\u00f3 una denuncia por lesiones leves y abuso sexual en primer grado. Seg\u00fan su equipo, solo \u201ccontadas excepciones\u201d dentro del peronismo se solidarizaron: entre ellos, Juliana di Tullio, Carlos Linares, Sandra Mendoza, Fernando Salino, Juan Manzur, Jos\u00e9 Neder, Mariano Recalde y la exsenadora Silvia Sapag. \u201cEl resto mir\u00f3 para otro lado\u201d, lamentaron.<\/p>\n<p>&nbsp;<\/p>\n<h4>Nueva presentaci\u00f3n judicial este jueves<\/h4>\n<p>La senadora fueguina se presentar\u00e1 este jueves en Comodoro Py para aportar m\u00e1s pruebas en la causa que investiga los hechos en su contra. Su salida del grupo interno, interpretada como un movimiento pol\u00edtico previsible, profundiza la tensi\u00f3n dentro del Bloque Justicialista y anticipa posibles reacomodamientos en la estructura parlamentaria.<\/p>\n<p>&nbsp;<\/p>\n<p>El escenario abre interrogantes sobre c\u00f3mo quedar\u00e1 conformado el nuevo mapa del peronismo en el Senado y cu\u00e1l ser\u00e1 finalmente el rol de L\u00f3pez dentro de la C\u00e1mara Alta en los pr\u00f3ximos meses.<\/p>\n<p>&nbsp;<\/p>\n<p>&nbsp;<\/p>\n","protected":false},"excerpt":{"rendered":"<p>La senadora L\u00f3pez abandon\u00f3 el grupo de WhatsApp del PJ La senadora por Tierra del Fuego, C\u00e1ndida Cristina<\/p>\n","protected":false},"author":5,"featured_media":3856,"comment_status":"open","ping_status":"open","sticky":false,"template":"","format":"standard","meta":{"footnotes":""},"categories":[3,27],"tags":[4047,4048,5,6,1065],"class_list":["post-11968","post","type-post","status-publish","format-standard","has-post-thumbnail","hentry","category-nacionales","category-politica","tag-bloque-justicialista","tag-lopez-cristina","tag-tierra-del-fuego","tag-ushuaia","tag-whatsapp"],"featured_image_urls":{"full":["https:\/\/opinionpublica.com.ar\/index\/wp-content\/uploads\/2024\/06\/senadora-cristina-lopez.jpg",900,505,false],"thumbnail":["https:\/\/opinionpublica.com.ar\/index\/wp-content\/uploads\/2024\/06\/senadora-cristina-lopez-150x150.jpg",150,150,true],"medium":["https:\/\/opinionpublica.com.ar\/index\/wp-content\/uploads\/2024\/06\/senadora-cristina-lopez-300x168.jpg",300,168,true],"medium_large":["https:\/\/opinionpublica.com.ar\/index\/wp-content\/uploads\/2024\/06\/senadora-cristina-lopez-768x431.jpg",640,359,true],"large":["https:\/\/opinionpublica.com.ar\/index\/wp-content\/uploads\/2024\/06\/senadora-cristina-lopez.jpg",640,359,false],"1536x1536":["https:\/\/opinionpublica.com.ar\/index\/wp-content\/uploads\/2024\/06\/senadora-cristina-lopez.jpg",900,505,false],"2048x2048":["https:\/\/opinionpublica.com.ar\/index\/wp-content\/uploads\/2024\/06\/senadora-cristina-lopez.jpg",900,505,false],"morenews-large":["https:\/\/opinionpublica.com.ar\/index\/wp-content\/uploads\/2024\/06\/senadora-cristina-lopez-825x505.jpg",825,505,true],"morenews-medium":["https:\/\/opinionpublica.com.ar\/index\/wp-content\/uploads\/2024\/06\/senadora-cristina-lopez-590x410.jpg",590,410,true]},"author_info":{"display_name":"Hal","author_link":"https:\/\/opinionpublica.com.ar\/index\/author\/hal\/"},"category_info":"<a href=\"https:\/\/opinionpublica.com.ar\/index\/category\/nacionales\/\" rel=\"category tag\">Nacionales<\/a> <a href=\"https:\/\/opinionpublica.com.ar\/index\/category\/politica\/\" rel=\"category tag\">Politica<\/a>","tag_info":"Politica","comment_count":"0","_links":{"self":[{"href":"https:\/\/opinionpublica.com.ar\/index\/wp-json\/wp\/v2\/posts\/11968","targetHints":{"allow":["GET"]}}],"collection":[{"href":"https:\/\/opinionpublica.com.ar\/index\/wp-json\/wp\/v2\/posts"}],"about":[{"href":"https:\/\/opinionpublica.com.ar\/index\/wp-json\/wp\/v2\/types\/post"}],"author":[{"embeddable":true,"href":"https:\/\/opinionpublica.com.ar\/index\/wp-json\/wp\/v2\/users\/5"}],"replies":[{"embeddable":true,"href":"https:\/\/opinionpublica.com.ar\/index\/wp-json\/wp\/v2\/comments?post=11968"}],"version-history":[{"count":1,"href":"https:\/\/opinionpublica.com.ar\/index\/wp-json\/wp\/v2\/posts\/11968\/revisions"}],"predecessor-version":[{"id":11969,"href":"https:\/\/opinionpublica.com.ar\/index\/wp-json\/wp\/v2\/posts\/11968\/revisions\/11969"}],"wp:featuredmedia":[{"embeddable":true,"href":"https:\/\/opinionpublica.com.ar\/index\/wp-json\/wp\/v2\/media\/3856"}],"wp:attachment":[{"href":"https:\/\/opinionpublica.com.ar\/index\/wp-json\/wp\/v2\/media?parent=11968"}],"wp:term":[{"taxonomy":"category","embeddable":true,"href":"https:\/\/opinionpublica.com.ar\/index\/wp-json\/wp\/v2\/categories?post=11968"},{"taxonomy":"post_tag","embeddable":true,"href":"https:\/\/opinionpublica.com.ar\/index\/wp-json\/wp\/v2\/tags?post=11968"}],"curies":[{"name":"wp","href":"https:\/\/api.w.org\/{rel}","templated":true}]}}