{"id":11972,"date":"2025-12-12T09:22:55","date_gmt":"2025-12-12T12:22:55","guid":{"rendered":"https:\/\/opinionpublica.com.ar\/index\/?p=11972"},"modified":"2025-12-12T09:22:55","modified_gmt":"2025-12-12T12:22:55","slug":"transfieren-315-millones-de-pesos-a-terra-ignis","status":"publish","type":"post","link":"https:\/\/opinionpublica.com.ar\/index\/transfieren-315-millones-de-pesos-a-terra-ignis\/","title":{"rendered":"Transfieren 315 millones de pesos a Terra Ignis"},"content":{"rendered":"<h3>Transfieren 315 millones de pesos a Terra Ignis<\/h3>\n<p>Emergencia en el Sistema de Servicio El\u00e9ctrico<\/p>\n<p><a href=\"https:\/\/opinionpublica.com.ar\/index\/wp-content\/uploads\/2024\/09\/5089569373298994369-900x600_c-usina.jpg\"><img fetchpriority=\"high\" decoding=\"async\" class=\"alignnone size-full wp-image-5378\" src=\"https:\/\/opinionpublica.com.ar\/index\/wp-content\/uploads\/2024\/09\/5089569373298994369-900x600_c-usina.jpg\" alt=\"\" width=\"900\" height=\"600\" srcset=\"https:\/\/opinionpublica.com.ar\/index\/wp-content\/uploads\/2024\/09\/5089569373298994369-900x600_c-usina.jpg 900w, https:\/\/opinionpublica.com.ar\/index\/wp-content\/uploads\/2024\/09\/5089569373298994369-900x600_c-usina-300x200.jpg 300w, https:\/\/opinionpublica.com.ar\/index\/wp-content\/uploads\/2024\/09\/5089569373298994369-900x600_c-usina-768x512.jpg 768w\" sizes=\"(max-width: 900px) 100vw, 900px\" \/><\/a><\/p>\n<p>El Ministerio de Energ\u00eda dispuso una transferencia no reembolsable por el monto equivalente a U$S 217.800 a la empresa Terra Ignis Energ\u00eda S.A. para cancelar servicios de alquiler y mantenimiento de equipos de generaci\u00f3n contratados a Sullair.<\/p>\n<p>&nbsp;<\/p>\n<p>El Gobierno provincial autoriz\u00f3 una transferencia no reembolsable por 314.721.000 pesos a la empresa Terra Ignis Energ\u00eda S.A., destinada a cubrir servicios vinculados al alquiler de equipos, mantenimiento in situ y horas de uso de maquinaria empleada en la provisi\u00f3n de energ\u00eda el\u00e9ctrica para la ciudad de Ushuaia.<\/p>\n<p>&nbsp;<\/p>\n<p>La operaci\u00f3n se enmarca en el Decreto Provincial 996\/2024, que declar\u00f3 en Emergencia al Sistema de Servicio El\u00e9ctrico y habilit\u00f3 la contrataci\u00f3n en julio del 2024 de 7 equipos m\u00f3viles de generaci\u00f3n a la empresa Sullair, por unos 70 mil d\u00f3lares por mes.<\/p>\n<p>&nbsp;<\/p>\n<p>La transferencia en cuesti\u00f3n responde a la factura presentada por la empresa por los trabajos realizados en acuerdo con Sullair Argentina, proveedora de la maquinaria.<\/p>\n<p>&nbsp;<\/p>\n<p>Los recursos utilizados para hacer frente a esa erogaci\u00f3n provienen del Fondo Subsidiario para Compensaciones Regionales de Tarifas a Usuarios Finales (FCT), administrado por la Provincia bajo lineamientos del Consejo Federal de Energ\u00eda El\u00e9ctrica (CFEE). Este mecanismo permite atender costos operativos del sistema el\u00e9ctrico en territorios con condiciones particulares.<\/p>\n<p>&nbsp;<\/p>\n<p>&nbsp;<\/p>\n","protected":false},"excerpt":{"rendered":"<p>Transfieren 315 millones de pesos a Terra Ignis Emergencia en el Sistema de Servicio El\u00e9ctrico El Ministerio de<\/p>\n","protected":false},"author":5,"featured_media":4080,"comment_status":"open","ping_status":"open","sticky":false,"template":"","format":"standard","meta":{"footnotes":""},"categories":[2],"tags":[190,49,747],"class_list":["post-11972","post","type-post","status-publish","format-standard","has-post-thumbnail","hentry","category-tierra-del-fuego","tag-electricidad","tag-emergencia","tag-terra-ignis"],"featured_image_urls":{"full":["https:\/\/opinionpublica.com.ar\/index\/wp-content\/uploads\/2024\/06\/usina-ushuaia.jpg",880,586,false],"thumbnail":["https:\/\/opinionpublica.com.ar\/index\/wp-content\/uploads\/2024\/06\/usina-ushuaia-150x150.jpg",150,150,true],"medium":["https:\/\/opinionpublica.com.ar\/index\/wp-content\/uploads\/2024\/06\/usina-ushuaia-300x200.jpg",300,200,true],"medium_large":["https:\/\/opinionpublica.com.ar\/index\/wp-content\/uploads\/2024\/06\/usina-ushuaia-768x511.jpg",640,426,true],"large":["https:\/\/opinionpublica.com.ar\/index\/wp-content\/uploads\/2024\/06\/usina-ushuaia.jpg",640,426,false],"1536x1536":["https:\/\/opinionpublica.com.ar\/index\/wp-content\/uploads\/2024\/06\/usina-ushuaia.jpg",880,586,false],"2048x2048":["https:\/\/opinionpublica.com.ar\/index\/wp-content\/uploads\/2024\/06\/usina-ushuaia.jpg",880,586,false],"morenews-large":["https:\/\/opinionpublica.com.ar\/index\/wp-content\/uploads\/2024\/06\/usina-ushuaia-825x575.jpg",825,575,true],"morenews-medium":["https:\/\/opinionpublica.com.ar\/index\/wp-content\/uploads\/2024\/06\/usina-ushuaia-590x410.jpg",590,410,true]},"author_info":{"display_name":"Hal","author_link":"https:\/\/opinionpublica.com.ar\/index\/author\/hal\/"},"category_info":"<a href=\"https:\/\/opinionpublica.com.ar\/index\/category\/tierra-del-fuego\/\" rel=\"category tag\">Tierra del Fuego<\/a>","tag_info":"Tierra del Fuego","comment_count":"0","_links":{"self":[{"href":"https:\/\/opinionpublica.com.ar\/index\/wp-json\/wp\/v2\/posts\/11972","targetHints":{"allow":["GET"]}}],"collection":[{"href":"https:\/\/opinionpublica.com.ar\/index\/wp-json\/wp\/v2\/posts"}],"about":[{"href":"https:\/\/opinionpublica.com.ar\/index\/wp-json\/wp\/v2\/types\/post"}],"author":[{"embeddable":true,"href":"https:\/\/opinionpublica.com.ar\/index\/wp-json\/wp\/v2\/users\/5"}],"replies":[{"embeddable":true,"href":"https:\/\/opinionpublica.com.ar\/index\/wp-json\/wp\/v2\/comments?post=11972"}],"version-history":[{"count":1,"href":"https:\/\/opinionpublica.com.ar\/index\/wp-json\/wp\/v2\/posts\/11972\/revisions"}],"predecessor-version":[{"id":11973,"href":"https:\/\/opinionpublica.com.ar\/index\/wp-json\/wp\/v2\/posts\/11972\/revisions\/11973"}],"wp:featuredmedia":[{"embeddable":true,"href":"https:\/\/opinionpublica.com.ar\/index\/wp-json\/wp\/v2\/media\/4080"}],"wp:attachment":[{"href":"https:\/\/opinionpublica.com.ar\/index\/wp-json\/wp\/v2\/media?parent=11972"}],"wp:term":[{"taxonomy":"category","embeddable":true,"href":"https:\/\/opinionpublica.com.ar\/index\/wp-json\/wp\/v2\/categories?post=11972"},{"taxonomy":"post_tag","embeddable":true,"href":"https:\/\/opinionpublica.com.ar\/index\/wp-json\/wp\/v2\/tags?post=11972"}],"curies":[{"name":"wp","href":"https:\/\/api.w.org\/{rel}","templated":true}]}}