{"id":11974,"date":"2025-12-12T09:29:53","date_gmt":"2025-12-12T12:29:53","guid":{"rendered":"https:\/\/opinionpublica.com.ar\/index\/?p=11974"},"modified":"2025-12-12T09:31:03","modified_gmt":"2025-12-12T12:31:03","slug":"que-cambiaria-la-modernizacion-labora","status":"publish","type":"post","link":"https:\/\/opinionpublica.com.ar\/index\/que-cambiaria-la-modernizacion-labora\/","title":{"rendered":"Qu\u00e9 cambiar\u00eda la modernizaci\u00f3n laboral"},"content":{"rendered":"<h3>Qu\u00e9 cambiar\u00eda la modernizaci\u00f3n laboral: menos conflictos judiciales y est\u00edmulos para el empleo<\/h3>\n<p><a href=\"https:\/\/opinionpublica.com.ar\/index\/wp-content\/uploads\/2024\/05\/senado-nacion.jpg\"><img fetchpriority=\"high\" decoding=\"async\" class=\"alignnone size-full wp-image-2643\" src=\"https:\/\/opinionpublica.com.ar\/index\/wp-content\/uploads\/2024\/05\/senado-nacion.jpg\" alt=\"\" width=\"600\" height=\"290\" srcset=\"https:\/\/opinionpublica.com.ar\/index\/wp-content\/uploads\/2024\/05\/senado-nacion.jpg 600w, https:\/\/opinionpublica.com.ar\/index\/wp-content\/uploads\/2024\/05\/senado-nacion-300x145.jpg 300w\" sizes=\"(max-width: 600px) 100vw, 600px\" \/><\/a><\/p>\n<p>Introduce cambios en la Ley de Contrato de Trabajo con foco en previsibilidad, reducci\u00f3n de la litigiosidad y nuevas herramientas para promover el empleo formal.<\/p>\n<p>&nbsp;<\/p>\n<p>El Proyecto de Ley de Modernizaci\u00f3n Laboral que se debate en el Congreso Nacional propone una serie de modificaciones a la Ley de Contrato de Trabajo con un objetivo central: reducir la conflictividad judicial y generar condiciones m\u00e1s previsibles para la creaci\u00f3n de empleo formal, manteniendo principios b\u00e1sicos de protecci\u00f3n al trabajador.<\/p>\n<p>&nbsp;<\/p>\n<h4>Clarificaci\u00f3n de los v\u00ednculos laborales<\/h4>\n<p>Uno de los cambios m\u00e1s relevantes apunta a ordenar los encuadres laborales. El proyecto aclara que no toda prestaci\u00f3n de servicios implica autom\u00e1ticamente una relaci\u00f3n de dependencia cuando existen contratos formales, pagos bancarizados y facturaci\u00f3n. La medida busca disminuir los conflictos judiciales derivados de reclamos por relaciones laborales discutidas, uno de los principales focos de litigiosidad del sistema actual.<\/p>\n<p>&nbsp;<\/p>\n<h4>Previsibilidad en las indemnizaciones<\/h4>\n<p>La iniciativa introduce mayor certeza en los costos de desvinculaci\u00f3n. Se redefine la base de c\u00e1lculo de la indemnizaci\u00f3n por despido, excluyendo conceptos no mensuales y estableciendo topes claros. Adem\u00e1s, se fija que la indemnizaci\u00f3n laboral constituye la \u00fanica reparaci\u00f3n, evitando la superposici\u00f3n de reclamos civiles y laborales.<\/p>\n<p>&nbsp;<\/p>\n<h4>Fondo de asistencia para despidos<\/h4>\n<p>Como complemento, el proyecto crea un Fondo de Asistencia Laboral, financiado mediante aportes mensuales del empleador. El objetivo es permitir que las empresas administren de forma anticipada el impacto econ\u00f3mico de eventuales despidos, especialmente en sectores con alta rotaci\u00f3n o ciclos productivos variables.<\/p>\n<p>&nbsp;<\/p>\n<h4>Flexibilidad con l\u00edmites legales<\/h4>\n<p>El texto incorpora herramientas como el banco de horas, la compensaci\u00f3n de jornadas y los promedios semanales, siempre bajo acuerdos voluntarios y respetando los descansos m\u00ednimos. Estos mecanismos buscan adaptar la organizaci\u00f3n del trabajo a actividades con estacionalidad, sin eliminar las protecciones legales vigentes.<\/p>\n<p><a href=\"https:\/\/opinionpublica.com.ar\/index\/wp-content\/uploads\/2024\/04\/senado.jpg\"><img decoding=\"async\" class=\"alignnone size-full wp-image-2388\" src=\"https:\/\/opinionpublica.com.ar\/index\/wp-content\/uploads\/2024\/04\/senado.jpg\" alt=\"\" width=\"1263\" height=\"707\" srcset=\"https:\/\/opinionpublica.com.ar\/index\/wp-content\/uploads\/2024\/04\/senado.jpg 1263w, https:\/\/opinionpublica.com.ar\/index\/wp-content\/uploads\/2024\/04\/senado-300x168.jpg 300w, https:\/\/opinionpublica.com.ar\/index\/wp-content\/uploads\/2024\/04\/senado-1024x573.jpg 1024w, https:\/\/opinionpublica.com.ar\/index\/wp-content\/uploads\/2024\/04\/senado-768x430.jpg 768w\" sizes=\"(max-width: 1263px) 100vw, 1263px\" \/><\/a><\/p>\n<h4>Derechos que se mantienen y se refuerzan<\/h4>\n<p>Desde la \u00f3ptica de los trabajadores, el proyecto ratifica principios centrales del derecho laboral, como la aplicaci\u00f3n de la norma m\u00e1s favorable en caso de duda y la irrenunciabilidad de derechos. Adem\u00e1s, incorpora de forma expresa el derecho a la formaci\u00f3n profesional como parte del v\u00ednculo laboral.<\/p>\n<p>&nbsp;<\/p>\n<h4>Beneficios sociales y transparencia<\/h4>\n<p>Otro aspecto destacado es la ampliaci\u00f3n y clarificaci\u00f3n de los beneficios sociales no remunerativos, como comedor, guarder\u00eda, salud y capacitaci\u00f3n, que no generan aportes ni contribuciones. A su vez, se impulsa una mayor digitalizaci\u00f3n y transparencia, validando registros laborales electr\u00f3nicos y recibos digitales.<\/p>\n<p>&nbsp;<\/p>\n","protected":false},"excerpt":{"rendered":"<p>Qu\u00e9 cambiar\u00eda la modernizaci\u00f3n laboral: menos conflictos judiciales y est\u00edmulos para el empleo Introduce cambios en la Ley<\/p>\n","protected":false},"author":5,"featured_media":2388,"comment_status":"open","ping_status":"open","sticky":false,"template":"","format":"standard","meta":{"footnotes":""},"categories":[3],"tags":[],"class_list":["post-11974","post","type-post","status-publish","format-standard","has-post-thumbnail","hentry","category-nacionales"],"featured_image_urls":{"full":["https:\/\/opinionpublica.com.ar\/index\/wp-content\/uploads\/2024\/04\/senado.jpg",1263,707,false],"thumbnail":["https:\/\/opinionpublica.com.ar\/index\/wp-content\/uploads\/2024\/04\/senado-150x150.jpg",150,150,true],"medium":["https:\/\/opinionpublica.com.ar\/index\/wp-content\/uploads\/2024\/04\/senado-300x168.jpg",300,168,true],"medium_large":["https:\/\/opinionpublica.com.ar\/index\/wp-content\/uploads\/2024\/04\/senado-768x430.jpg",640,358,true],"large":["https:\/\/opinionpublica.com.ar\/index\/wp-content\/uploads\/2024\/04\/senado-1024x573.jpg",640,358,true],"1536x1536":["https:\/\/opinionpublica.com.ar\/index\/wp-content\/uploads\/2024\/04\/senado.jpg",1263,707,false],"2048x2048":["https:\/\/opinionpublica.com.ar\/index\/wp-content\/uploads\/2024\/04\/senado.jpg",1263,707,false],"morenews-large":["https:\/\/opinionpublica.com.ar\/index\/wp-content\/uploads\/2024\/04\/senado-825x575.jpg",825,575,true],"morenews-medium":["https:\/\/opinionpublica.com.ar\/index\/wp-content\/uploads\/2024\/04\/senado-590x410.jpg",590,410,true]},"author_info":{"display_name":"Hal","author_link":"https:\/\/opinionpublica.com.ar\/index\/author\/hal\/"},"category_info":"<a href=\"https:\/\/opinionpublica.com.ar\/index\/category\/nacionales\/\" rel=\"category tag\">Nacionales<\/a>","tag_info":"Nacionales","comment_count":"0","_links":{"self":[{"href":"https:\/\/opinionpublica.com.ar\/index\/wp-json\/wp\/v2\/posts\/11974","targetHints":{"allow":["GET"]}}],"collection":[{"href":"https:\/\/opinionpublica.com.ar\/index\/wp-json\/wp\/v2\/posts"}],"about":[{"href":"https:\/\/opinionpublica.com.ar\/index\/wp-json\/wp\/v2\/types\/post"}],"author":[{"embeddable":true,"href":"https:\/\/opinionpublica.com.ar\/index\/wp-json\/wp\/v2\/users\/5"}],"replies":[{"embeddable":true,"href":"https:\/\/opinionpublica.com.ar\/index\/wp-json\/wp\/v2\/comments?post=11974"}],"version-history":[{"count":2,"href":"https:\/\/opinionpublica.com.ar\/index\/wp-json\/wp\/v2\/posts\/11974\/revisions"}],"predecessor-version":[{"id":11976,"href":"https:\/\/opinionpublica.com.ar\/index\/wp-json\/wp\/v2\/posts\/11974\/revisions\/11976"}],"wp:featuredmedia":[{"embeddable":true,"href":"https:\/\/opinionpublica.com.ar\/index\/wp-json\/wp\/v2\/media\/2388"}],"wp:attachment":[{"href":"https:\/\/opinionpublica.com.ar\/index\/wp-json\/wp\/v2\/media?parent=11974"}],"wp:term":[{"taxonomy":"category","embeddable":true,"href":"https:\/\/opinionpublica.com.ar\/index\/wp-json\/wp\/v2\/categories?post=11974"},{"taxonomy":"post_tag","embeddable":true,"href":"https:\/\/opinionpublica.com.ar\/index\/wp-json\/wp\/v2\/tags?post=11974"}],"curies":[{"name":"wp","href":"https:\/\/api.w.org\/{rel}","templated":true}]}}