{"id":11977,"date":"2025-12-12T09:38:49","date_gmt":"2025-12-12T12:38:49","guid":{"rendered":"https:\/\/opinionpublica.com.ar\/index\/?p=11977"},"modified":"2025-12-12T09:38:49","modified_gmt":"2025-12-12T12:38:49","slug":"tierra-del-fuego-tendria-temperaturas-mayores-a-lo-normal-durante-el-verano","status":"publish","type":"post","link":"https:\/\/opinionpublica.com.ar\/index\/tierra-del-fuego-tendria-temperaturas-mayores-a-lo-normal-durante-el-verano\/","title":{"rendered":"Tierra del Fuego tendr\u00eda temperaturas mayores \u201ca lo normal\u201d durante el verano"},"content":{"rendered":"<h3>Seg\u00fan informe, Tierra del Fuego tendr\u00eda temperaturas mayores \u201ca lo normal\u201d durante el verano<\/h3>\n<p>El documento elaborado por el SMN da cuenta que el sur de la Patagonia experimentar\u00eda temperaturas superiores a lo normal, incluido Tierra del Fuego<\/p>\n<p><a href=\"https:\/\/opinionpublica.com.ar\/index\/wp-content\/uploads\/2024\/09\/ABP_1438-768x513-trekking-ushuaia.jpg\"><img fetchpriority=\"high\" decoding=\"async\" class=\"alignnone size-full wp-image-5822\" src=\"https:\/\/opinionpublica.com.ar\/index\/wp-content\/uploads\/2024\/09\/ABP_1438-768x513-trekking-ushuaia.jpg\" alt=\"\" width=\"768\" height=\"513\" srcset=\"https:\/\/opinionpublica.com.ar\/index\/wp-content\/uploads\/2024\/09\/ABP_1438-768x513-trekking-ushuaia.jpg 768w, https:\/\/opinionpublica.com.ar\/index\/wp-content\/uploads\/2024\/09\/ABP_1438-768x513-trekking-ushuaia-300x200.jpg 300w\" sizes=\"(max-width: 768px) 100vw, 768px\" \/><\/a><\/p>\n<p>El Servicio Meteorol\u00f3gico Nacional (SMN) public\u00f3 el informe de \u201cPron\u00f3stico Clim\u00e1tico Trimestral diciembre 2025\/enero-febrero 2026\u201d, el cual detalla las tendencias esperadas en temperaturas para el pr\u00f3ximo verano.<\/p>\n<p>&nbsp;<\/p>\n<p>El documento da cuenta que gran parte de Cuyo, el este de Salta, Formosa, Chaco, Santiago del Estero, el sur del Litoral, el este de Buenos Aires y el sur de la Patagonia incluido Tierra del Fuego experimentar\u00edan temperaturas superiores a lo normal.<\/p>\n<p>&nbsp;<\/p>\n<p>En consonancia con lo anterior, detalla que el porcentaje de probabilidad en la isla es de entre el 30 y el 45 por ciento.<\/p>\n<p>&nbsp;<\/p>\n<p>Mientras que el pron\u00f3stico de precipitaciones se mantiene normal en Tierra del Fuego.<\/p>\n<p>&nbsp;<\/p>\n<p>\u201cEl PCT se realiza sobre la base del an\u00e1lisis de las previsiones num\u00e9ricas experimentales de los principales modelos globales de simulaci\u00f3n del clima y modelos estad\u00edsticos nacionales, sumado al an\u00e1lisis de la evoluci\u00f3n de las condiciones oce\u00e1nicas y atmosf\u00e9ricas. El que aqu\u00ed se presenta est\u00e1 basado en un consenso consolidado a partir de esas diversas fuentes. Las acciones tomadas o dejadas de tomar en funci\u00f3n de la informaci\u00f3n contenida en este bolet\u00edn son de completa responsabilidad del usuario\u201d, aclara.<\/p>\n<p>&nbsp;<\/p>\n<p>Por \u00faltimo, advierte que las previsiones deben ser consideradas sobre el valor medio del trimestre y recomiendan a los usuarios mantenerse actualizado con los pron\u00f3sticos en la escala diaria y semanal. Adem\u00e1s de consultar el sistema de alerta temprana, de alerta por temperaturas extremas y de ocurrencia.<\/p>\n","protected":false},"excerpt":{"rendered":"<p>Seg\u00fan informe, Tierra del Fuego tendr\u00eda temperaturas mayores \u201ca lo normal\u201d durante el verano El documento elaborado por<\/p>\n","protected":false},"author":5,"featured_media":5822,"comment_status":"open","ping_status":"open","sticky":false,"template":"","format":"standard","meta":{"footnotes":""},"categories":[29,2],"tags":[],"class_list":["post-11977","post","type-post","status-publish","format-standard","has-post-thumbnail","hentry","category-interes-general","category-tierra-del-fuego"],"featured_image_urls":{"full":["https:\/\/opinionpublica.com.ar\/index\/wp-content\/uploads\/2024\/09\/ABP_1438-768x513-trekking-ushuaia.jpg",768,513,false],"thumbnail":["https:\/\/opinionpublica.com.ar\/index\/wp-content\/uploads\/2024\/09\/ABP_1438-768x513-trekking-ushuaia-150x150.jpg",150,150,true],"medium":["https:\/\/opinionpublica.com.ar\/index\/wp-content\/uploads\/2024\/09\/ABP_1438-768x513-trekking-ushuaia-300x200.jpg",300,200,true],"medium_large":["https:\/\/opinionpublica.com.ar\/index\/wp-content\/uploads\/2024\/09\/ABP_1438-768x513-trekking-ushuaia.jpg",640,428,false],"large":["https:\/\/opinionpublica.com.ar\/index\/wp-content\/uploads\/2024\/09\/ABP_1438-768x513-trekking-ushuaia.jpg",640,428,false],"1536x1536":["https:\/\/opinionpublica.com.ar\/index\/wp-content\/uploads\/2024\/09\/ABP_1438-768x513-trekking-ushuaia.jpg",768,513,false],"2048x2048":["https:\/\/opinionpublica.com.ar\/index\/wp-content\/uploads\/2024\/09\/ABP_1438-768x513-trekking-ushuaia.jpg",768,513,false],"morenews-large":["https:\/\/opinionpublica.com.ar\/index\/wp-content\/uploads\/2024\/09\/ABP_1438-768x513-trekking-ushuaia.jpg",768,513,false],"morenews-medium":["https:\/\/opinionpublica.com.ar\/index\/wp-content\/uploads\/2024\/09\/ABP_1438-768x513-trekking-ushuaia-590x410.jpg",590,410,true]},"author_info":{"display_name":"Hal","author_link":"https:\/\/opinionpublica.com.ar\/index\/author\/hal\/"},"category_info":"<a href=\"https:\/\/opinionpublica.com.ar\/index\/category\/interes-general\/\" rel=\"category tag\">Interes General<\/a> <a href=\"https:\/\/opinionpublica.com.ar\/index\/category\/tierra-del-fuego\/\" rel=\"category tag\">Tierra del Fuego<\/a>","tag_info":"Tierra del Fuego","comment_count":"0","_links":{"self":[{"href":"https:\/\/opinionpublica.com.ar\/index\/wp-json\/wp\/v2\/posts\/11977","targetHints":{"allow":["GET"]}}],"collection":[{"href":"https:\/\/opinionpublica.com.ar\/index\/wp-json\/wp\/v2\/posts"}],"about":[{"href":"https:\/\/opinionpublica.com.ar\/index\/wp-json\/wp\/v2\/types\/post"}],"author":[{"embeddable":true,"href":"https:\/\/opinionpublica.com.ar\/index\/wp-json\/wp\/v2\/users\/5"}],"replies":[{"embeddable":true,"href":"https:\/\/opinionpublica.com.ar\/index\/wp-json\/wp\/v2\/comments?post=11977"}],"version-history":[{"count":1,"href":"https:\/\/opinionpublica.com.ar\/index\/wp-json\/wp\/v2\/posts\/11977\/revisions"}],"predecessor-version":[{"id":11978,"href":"https:\/\/opinionpublica.com.ar\/index\/wp-json\/wp\/v2\/posts\/11977\/revisions\/11978"}],"wp:featuredmedia":[{"embeddable":true,"href":"https:\/\/opinionpublica.com.ar\/index\/wp-json\/wp\/v2\/media\/5822"}],"wp:attachment":[{"href":"https:\/\/opinionpublica.com.ar\/index\/wp-json\/wp\/v2\/media?parent=11977"}],"wp:term":[{"taxonomy":"category","embeddable":true,"href":"https:\/\/opinionpublica.com.ar\/index\/wp-json\/wp\/v2\/categories?post=11977"},{"taxonomy":"post_tag","embeddable":true,"href":"https:\/\/opinionpublica.com.ar\/index\/wp-json\/wp\/v2\/tags?post=11977"}],"curies":[{"name":"wp","href":"https:\/\/api.w.org\/{rel}","templated":true}]}}