{"id":11979,"date":"2025-12-12T09:45:14","date_gmt":"2025-12-12T12:45:14","guid":{"rendered":"https:\/\/opinionpublica.com.ar\/index\/?p=11979"},"modified":"2025-12-12T09:45:14","modified_gmt":"2025-12-12T12:45:14","slug":"controladores-anuncian-medidas-de-fuerza-desde-el-17-de-diciembre","status":"publish","type":"post","link":"https:\/\/opinionpublica.com.ar\/index\/controladores-anuncian-medidas-de-fuerza-desde-el-17-de-diciembre\/","title":{"rendered":"Controladores anuncian medidas de fuerza desde el 17 de diciembre"},"content":{"rendered":"<h3 style=\"text-align: left;\">Controladores a\u00e9reos denunciaron que EANA incumpli\u00f3 el acuerdo paritario y anuncian medidas de fuerza escalonadas desde el 17 de diciembre<\/h3>\n<p><a href=\"https:\/\/opinionpublica.com.ar\/index\/wp-content\/uploads\/2025\/12\/controladores.jpg\"><img fetchpriority=\"high\" decoding=\"async\" class=\"alignnone size-full wp-image-11980\" src=\"https:\/\/opinionpublica.com.ar\/index\/wp-content\/uploads\/2025\/12\/controladores.jpg\" alt=\"\" width=\"900\" height=\"601\" srcset=\"https:\/\/opinionpublica.com.ar\/index\/wp-content\/uploads\/2025\/12\/controladores.jpg 900w, https:\/\/opinionpublica.com.ar\/index\/wp-content\/uploads\/2025\/12\/controladores-300x200.jpg 300w, https:\/\/opinionpublica.com.ar\/index\/wp-content\/uploads\/2025\/12\/controladores-768x513.jpg 768w\" sizes=\"(max-width: 900px) 100vw, 900px\" \/><\/a><\/p>\n<p>Los controladores a\u00e9reos anunciaron un cese de actividades desde el 17 de diciembre en reclamo de aumentos salariales y denuncian incumplimientos paritarios por parte de EANA, el desconocimiento del Convenio Colectivo y la falta de respuestas por parte de la empresa. La medida podr\u00eda afectar vuelos nacionales e internacionales en plena temporada de fin de a\u00f1o.<\/p>\n<p>Las celebraciones de fin de a\u00f1o podr\u00edan complicarse para miles de pasajeros: la Asociaci\u00f3n T\u00e9cnicos y Empleados de Protecci\u00f3n y Seguridad a la Aeronavegaci\u00f3n (ATEPSA), el gremio que representa a los controladores a\u00e9reos, anunci\u00f3 un nuevo plan de medidas de fuerza que comenzar\u00e1 el 17 de diciembre y que podr\u00eda impactar de forma directa en la mayor\u00eda de los vuelos del pa\u00eds.<\/p>\n<p>&nbsp;<\/p>\n<p>Seg\u00fan comunic\u00f3 el sindicato, el conflicto con la Empresa Argentina de Navegaci\u00f3n A\u00e9rea (EANA) se profundiz\u00f3 luego de que, aseguran, la empresa incumpliera el acuerdo paritario firmado meses atr\u00e1s y se negara a abrir un canal de negociaci\u00f3n. La decisi\u00f3n se tom\u00f3 en una asamblea realizada en EANA Central, donde los trabajadores manifestaron su \u201crepudio a la falta de di\u00e1logo\u201d y reclamaron el cumplimiento de los compromisos asumidos por la compa\u00f1\u00eda.<\/p>\n<p>&nbsp;<\/p>\n<p>ATEPSA inform\u00f3 que el 17 de diciembre comenzar\u00e1 un cese de actividades progresivo que inicialmente afectar\u00e1 a los vuelos nacionales y, de continuar el conflicto, tambi\u00e9n podr\u00eda extenderse a los vuelos internacionales. Si bien a\u00fan no se difundi\u00f3 el cronograma completo, el gremio adelant\u00f3 que en los pr\u00f3ximos d\u00edas realizar\u00e1 asambleas nacionales para detallar horarios, modalidades y alcances de las medidas.<\/p>\n<p>&nbsp;<\/p>\n<p>\u201cMeses sin respuestas, salarios por debajo de la inflaci\u00f3n y un Convenio Colectivo de Trabajo que la empresa sigue desconociendo\u201d, se\u00f1alaron desde el sindicato para explicar la profundizaci\u00f3n del conflicto. Las medidas forman parte de un plan de acci\u00f3n iniciado el 3 de noviembre y que se retom\u00f3 luego de que la conciliaci\u00f3n obligatoria dictada en agosto no derivara en soluciones concretas.<\/p>\n<p>&nbsp;<\/p>\n<p>ATEPSA sostiene que EANA incumpli\u00f3 el acuerdo paritario firmado hace m\u00e1s de dos meses y que el personal contin\u00faa con salarios rezagados frente a la inflaci\u00f3n. En cambio, desde la empresa afirman que el convenio se encuentra vigente hasta diciembre y que no existen atrasos salariales.<\/p>\n<p>&nbsp;<\/p>\n<p>La falta de avances y el deterioro del di\u00e1logo reactivaron la protesta en noviembre y ahora derivan en este nuevo esquema de medidas que amenaza con complicar uno de los per\u00edodos de mayor tr\u00e1fico a\u00e9reo del a\u00f1o.<\/p>\n<p>&nbsp;<\/p>\n<p>El gremio insisti\u00f3: \u201cInstamos a EANA a dar respuestas a las y los trabajadores. Si no logramos el di\u00e1logo, nos veremos obligados a incrementar las medidas leg\u00edtimas de acci\u00f3n sindical\u201d.<\/p>\n<p>&nbsp;<\/p>\n<p>Mientras tanto, aerol\u00edneas, agencias de viaje y pasajeros ya se preparan para una temporada de alta tensi\u00f3n en los aeropuertos<\/p>\n","protected":false},"excerpt":{"rendered":"<p>Controladores a\u00e9reos denunciaron que EANA incumpli\u00f3 el acuerdo paritario y anuncian medidas de fuerza escalonadas desde el 17<\/p>\n","protected":false},"author":5,"featured_media":11980,"comment_status":"open","ping_status":"open","sticky":false,"template":"","format":"standard","meta":{"footnotes":""},"categories":[3],"tags":[3778,2098,4049],"class_list":["post-11979","post","type-post","status-publish","format-standard","has-post-thumbnail","hentry","category-nacionales","tag-controladores-aereos","tag-medida-gremial","tag-medidas-de-fuerza"],"featured_image_urls":{"full":["https:\/\/opinionpublica.com.ar\/index\/wp-content\/uploads\/2025\/12\/controladores.jpg",900,601,false],"thumbnail":["https:\/\/opinionpublica.com.ar\/index\/wp-content\/uploads\/2025\/12\/controladores-150x150.jpg",150,150,true],"medium":["https:\/\/opinionpublica.com.ar\/index\/wp-content\/uploads\/2025\/12\/controladores-300x200.jpg",300,200,true],"medium_large":["https:\/\/opinionpublica.com.ar\/index\/wp-content\/uploads\/2025\/12\/controladores-768x513.jpg",640,428,true],"large":["https:\/\/opinionpublica.com.ar\/index\/wp-content\/uploads\/2025\/12\/controladores.jpg",640,427,false],"1536x1536":["https:\/\/opinionpublica.com.ar\/index\/wp-content\/uploads\/2025\/12\/controladores.jpg",900,601,false],"2048x2048":["https:\/\/opinionpublica.com.ar\/index\/wp-content\/uploads\/2025\/12\/controladores.jpg",900,601,false],"morenews-large":["https:\/\/opinionpublica.com.ar\/index\/wp-content\/uploads\/2025\/12\/controladores-825x575.jpg",825,575,true],"morenews-medium":["https:\/\/opinionpublica.com.ar\/index\/wp-content\/uploads\/2025\/12\/controladores-590x410.jpg",590,410,true]},"author_info":{"display_name":"Hal","author_link":"https:\/\/opinionpublica.com.ar\/index\/author\/hal\/"},"category_info":"<a href=\"https:\/\/opinionpublica.com.ar\/index\/category\/nacionales\/\" rel=\"category tag\">Nacionales<\/a>","tag_info":"Nacionales","comment_count":"0","_links":{"self":[{"href":"https:\/\/opinionpublica.com.ar\/index\/wp-json\/wp\/v2\/posts\/11979","targetHints":{"allow":["GET"]}}],"collection":[{"href":"https:\/\/opinionpublica.com.ar\/index\/wp-json\/wp\/v2\/posts"}],"about":[{"href":"https:\/\/opinionpublica.com.ar\/index\/wp-json\/wp\/v2\/types\/post"}],"author":[{"embeddable":true,"href":"https:\/\/opinionpublica.com.ar\/index\/wp-json\/wp\/v2\/users\/5"}],"replies":[{"embeddable":true,"href":"https:\/\/opinionpublica.com.ar\/index\/wp-json\/wp\/v2\/comments?post=11979"}],"version-history":[{"count":1,"href":"https:\/\/opinionpublica.com.ar\/index\/wp-json\/wp\/v2\/posts\/11979\/revisions"}],"predecessor-version":[{"id":11981,"href":"https:\/\/opinionpublica.com.ar\/index\/wp-json\/wp\/v2\/posts\/11979\/revisions\/11981"}],"wp:featuredmedia":[{"embeddable":true,"href":"https:\/\/opinionpublica.com.ar\/index\/wp-json\/wp\/v2\/media\/11980"}],"wp:attachment":[{"href":"https:\/\/opinionpublica.com.ar\/index\/wp-json\/wp\/v2\/media?parent=11979"}],"wp:term":[{"taxonomy":"category","embeddable":true,"href":"https:\/\/opinionpublica.com.ar\/index\/wp-json\/wp\/v2\/categories?post=11979"},{"taxonomy":"post_tag","embeddable":true,"href":"https:\/\/opinionpublica.com.ar\/index\/wp-json\/wp\/v2\/tags?post=11979"}],"curies":[{"name":"wp","href":"https:\/\/api.w.org\/{rel}","templated":true}]}}