{"id":11982,"date":"2025-12-15T09:07:11","date_gmt":"2025-12-15T12:07:11","guid":{"rendered":"https:\/\/opinionpublica.com.ar\/index\/?p=11982"},"modified":"2025-12-15T09:07:11","modified_gmt":"2025-12-15T12:07:11","slug":"chile-gira-a-la-derecha-kast-sera-el-nuevo-presidente","status":"publish","type":"post","link":"https:\/\/opinionpublica.com.ar\/index\/chile-gira-a-la-derecha-kast-sera-el-nuevo-presidente\/","title":{"rendered":"Chile gira a la derecha: Kast ser\u00e1 el nuevo presidente"},"content":{"rendered":"<h3>Chile gira a la derecha: Kast ser\u00e1 el nuevo presidente<\/h3>\n<p><a href=\"https:\/\/opinionpublica.com.ar\/index\/wp-content\/uploads\/2025\/12\/presidente-electo-chile-ultraderechista-jose-antonio-kast-pronuncia-discurso-este-domingo-santiago-chile_104.webp\"><img fetchpriority=\"high\" decoding=\"async\" class=\"alignnone size-full wp-image-11983\" src=\"https:\/\/opinionpublica.com.ar\/index\/wp-content\/uploads\/2025\/12\/presidente-electo-chile-ultraderechista-jose-antonio-kast-pronuncia-discurso-este-domingo-santiago-chile_104.webp\" alt=\"\" width=\"1200\" height=\"1200\" srcset=\"https:\/\/opinionpublica.com.ar\/index\/wp-content\/uploads\/2025\/12\/presidente-electo-chile-ultraderechista-jose-antonio-kast-pronuncia-discurso-este-domingo-santiago-chile_104.webp 1200w, https:\/\/opinionpublica.com.ar\/index\/wp-content\/uploads\/2025\/12\/presidente-electo-chile-ultraderechista-jose-antonio-kast-pronuncia-discurso-este-domingo-santiago-chile_104-300x300.webp 300w, https:\/\/opinionpublica.com.ar\/index\/wp-content\/uploads\/2025\/12\/presidente-electo-chile-ultraderechista-jose-antonio-kast-pronuncia-discurso-este-domingo-santiago-chile_104-1024x1024.webp 1024w, https:\/\/opinionpublica.com.ar\/index\/wp-content\/uploads\/2025\/12\/presidente-electo-chile-ultraderechista-jose-antonio-kast-pronuncia-discurso-este-domingo-santiago-chile_104-150x150.webp 150w, https:\/\/opinionpublica.com.ar\/index\/wp-content\/uploads\/2025\/12\/presidente-electo-chile-ultraderechista-jose-antonio-kast-pronuncia-discurso-este-domingo-santiago-chile_104-768x768.webp 768w\" sizes=\"(max-width: 1200px) 100vw, 1200px\" \/><\/a><\/p>\n<p>Kast gan\u00f3 con una amplia diferencia en el balotaje, en una elecci\u00f3n marcada por la demanda social de seguridad, control migratorio y previsibilidad institucional.<\/p>\n<p>&nbsp;<\/p>\n<p>Jos\u00e9 Antonio Kast fue electo presidente de Chile tras imponerse con una ventaja clara en la segunda vuelta presidencial, en un resultado que confirma un corrimiento del electorado hacia propuestas de derecha y un cambio en las prioridades pol\u00edticas del pa\u00eds vecino. El candidato del Partido Republicano super\u00f3 a la postulante de izquierda Jeannette Jara, quien reconoci\u00f3 el resultado y felicit\u00f3 al presidente electo.<\/p>\n<p>&nbsp;<\/p>\n<p>Con cerca del 59% de los votos, Kast logr\u00f3 ampliar de manera significativa su caudal electoral respecto de la primera vuelta, incorporando apoyos provenientes de sectores moderados y de votantes desencantados con el rumbo del actual ciclo pol\u00edtico. M\u00e1s que una adhesi\u00f3n ideol\u00f3gica cerrada, el resultado es interpretado por analistas como una respuesta a preocupaciones concretas vinculadas al funcionamiento del Estado y la seguridad cotidiana.<\/p>\n<p>&nbsp;<\/p>\n<h4>Seguridad, migraci\u00f3n y orden p\u00fablico<\/h4>\n<p>La campa\u00f1a de Kast estuvo centrada en seguridad ciudadana, control migratorio y orden p\u00fablico, ejes que dominaron la agenda electoral durante los \u00faltimos meses. En ese marco, el presidente electo logr\u00f3 instalar un discurso de autoridad, gesti\u00f3n y previsibilidad institucional, en contraste con una propuesta oficialista asociada a la continuidad del gobierno saliente.<\/p>\n<p>&nbsp;<\/p>\n<p>Desde 2019, Chile atraves\u00f3 un per\u00edodo de fuerte intensidad pol\u00edtica, con debates profundos sobre reformas estructurales, intentos fallidos de cambio constitucional y un clima de creciente insatisfacci\u00f3n social. En ese contexto, la elecci\u00f3n presidencial expres\u00f3 una priorizaci\u00f3n del orden y la estabilidad por parte de amplios sectores del electorado, sin que ello implique necesariamente un rechazo total al modelo institucional vigente.<\/p>\n<p>&nbsp;<\/p>\n<h4>Un triunfo amplio con l\u00edmites institucionales<\/h4>\n<p>Pese a la contundencia del resultado electoral, Kast asumir\u00e1 la presidencia con un Congreso fragmentado, en el que su espacio pol\u00edtico no cuenta con mayor\u00edas propias. Este escenario anticipa un gobierno condicionado por la necesidad de acuerdos legislativos transversales, especialmente para avanzar en reformas de fondo.<\/p>\n<p>&nbsp;<\/p>\n<p>El desaf\u00edo del pr\u00f3ximo gobierno ser\u00e1 equilibrar las expectativas de un electorado que demand\u00f3 cambios claros en materia de seguridad y gesti\u00f3n, con las restricciones propias del sistema pol\u00edtico chileno y sus contrapesos institucionales. En ese sentido, la victoria no implica un mandato irrestricto, sino una reorientaci\u00f3n del rumbo pol\u00edtico dentro de un marco institucional estable.<\/p>\n<p>&nbsp;<\/p>\n<p>Jos\u00e9 Antonio Kast asumir\u00e1 formalmente la presidencia en marzo de 2026. Su llegada al poder abre una nueva etapa en la pol\u00edtica chilena, que ser\u00e1 seguida con atenci\u00f3n tanto a nivel interno como regional, en un contexto latinoamericano marcado por cambios en las preferencias electorales y demandas sociales cada vez m\u00e1s enfocadas en gobernabilidad y gesti\u00f3n.<\/p>\n<p>&nbsp;<\/p>\n","protected":false},"excerpt":{"rendered":"<p>Chile gira a la derecha: Kast ser\u00e1 el nuevo presidente Kast gan\u00f3 con una amplia diferencia en el<\/p>\n","protected":false},"author":5,"featured_media":11984,"comment_status":"open","ping_status":"open","sticky":false,"template":"","format":"standard","meta":{"footnotes":""},"categories":[29],"tags":[4050,4051],"class_list":["post-11982","post","type-post","status-publish","format-standard","has-post-thumbnail","hentry","category-interes-general","tag-elecciones-chile","tag-kast-jose-antonio"],"featured_image_urls":{"full":["https:\/\/opinionpublica.com.ar\/index\/wp-content\/uploads\/2025\/12\/HS3DWYPGXEHJGWP4ESGGGQ56E4.jpg",1960,1470,false],"thumbnail":["https:\/\/opinionpublica.com.ar\/index\/wp-content\/uploads\/2025\/12\/HS3DWYPGXEHJGWP4ESGGGQ56E4-150x150.jpg",150,150,true],"medium":["https:\/\/opinionpublica.com.ar\/index\/wp-content\/uploads\/2025\/12\/HS3DWYPGXEHJGWP4ESGGGQ56E4-300x225.jpg",300,225,true],"medium_large":["https:\/\/opinionpublica.com.ar\/index\/wp-content\/uploads\/2025\/12\/HS3DWYPGXEHJGWP4ESGGGQ56E4-768x576.jpg",640,480,true],"large":["https:\/\/opinionpublica.com.ar\/index\/wp-content\/uploads\/2025\/12\/HS3DWYPGXEHJGWP4ESGGGQ56E4-1024x768.jpg",640,480,true],"1536x1536":["https:\/\/opinionpublica.com.ar\/index\/wp-content\/uploads\/2025\/12\/HS3DWYPGXEHJGWP4ESGGGQ56E4-1536x1152.jpg",1536,1152,true],"2048x2048":["https:\/\/opinionpublica.com.ar\/index\/wp-content\/uploads\/2025\/12\/HS3DWYPGXEHJGWP4ESGGGQ56E4.jpg",1960,1470,false],"morenews-large":["https:\/\/opinionpublica.com.ar\/index\/wp-content\/uploads\/2025\/12\/HS3DWYPGXEHJGWP4ESGGGQ56E4-825x575.jpg",825,575,true],"morenews-medium":["https:\/\/opinionpublica.com.ar\/index\/wp-content\/uploads\/2025\/12\/HS3DWYPGXEHJGWP4ESGGGQ56E4-590x410.jpg",590,410,true]},"author_info":{"display_name":"Hal","author_link":"https:\/\/opinionpublica.com.ar\/index\/author\/hal\/"},"category_info":"<a href=\"https:\/\/opinionpublica.com.ar\/index\/category\/interes-general\/\" rel=\"category tag\">Interes General<\/a>","tag_info":"Interes General","comment_count":"0","_links":{"self":[{"href":"https:\/\/opinionpublica.com.ar\/index\/wp-json\/wp\/v2\/posts\/11982","targetHints":{"allow":["GET"]}}],"collection":[{"href":"https:\/\/opinionpublica.com.ar\/index\/wp-json\/wp\/v2\/posts"}],"about":[{"href":"https:\/\/opinionpublica.com.ar\/index\/wp-json\/wp\/v2\/types\/post"}],"author":[{"embeddable":true,"href":"https:\/\/opinionpublica.com.ar\/index\/wp-json\/wp\/v2\/users\/5"}],"replies":[{"embeddable":true,"href":"https:\/\/opinionpublica.com.ar\/index\/wp-json\/wp\/v2\/comments?post=11982"}],"version-history":[{"count":1,"href":"https:\/\/opinionpublica.com.ar\/index\/wp-json\/wp\/v2\/posts\/11982\/revisions"}],"predecessor-version":[{"id":11985,"href":"https:\/\/opinionpublica.com.ar\/index\/wp-json\/wp\/v2\/posts\/11982\/revisions\/11985"}],"wp:featuredmedia":[{"embeddable":true,"href":"https:\/\/opinionpublica.com.ar\/index\/wp-json\/wp\/v2\/media\/11984"}],"wp:attachment":[{"href":"https:\/\/opinionpublica.com.ar\/index\/wp-json\/wp\/v2\/media?parent=11982"}],"wp:term":[{"taxonomy":"category","embeddable":true,"href":"https:\/\/opinionpublica.com.ar\/index\/wp-json\/wp\/v2\/categories?post=11982"},{"taxonomy":"post_tag","embeddable":true,"href":"https:\/\/opinionpublica.com.ar\/index\/wp-json\/wp\/v2\/tags?post=11982"}],"curies":[{"name":"wp","href":"https:\/\/api.w.org\/{rel}","templated":true}]}}