{"id":11986,"date":"2025-12-15T09:12:52","date_gmt":"2025-12-15T12:12:52","guid":{"rendered":"https:\/\/opinionpublica.com.ar\/index\/?p=11986"},"modified":"2025-12-15T09:12:52","modified_gmt":"2025-12-15T12:12:52","slug":"sesion-clave-en-la-legislatura-fueguina","status":"publish","type":"post","link":"https:\/\/opinionpublica.com.ar\/index\/sesion-clave-en-la-legislatura-fueguina\/","title":{"rendered":"Sesi\u00f3n clave en la Legislatura fueguina"},"content":{"rendered":"<h3>Sesi\u00f3n clave en la Legislatura fueguina: salmoneras con dictamen, moratoria sobre tablas y presi\u00f3n por el convenio con YPF<\/h3>\n<p><a href=\"https:\/\/opinionpublica.com.ar\/index\/wp-content\/uploads\/2024\/04\/legislatura-provincial-tdf.jpg\"><img fetchpriority=\"high\" decoding=\"async\" class=\"alignnone size-full wp-image-2478\" src=\"https:\/\/opinionpublica.com.ar\/index\/wp-content\/uploads\/2024\/04\/legislatura-provincial-tdf.jpg\" alt=\"\" width=\"750\" height=\"500\" srcset=\"https:\/\/opinionpublica.com.ar\/index\/wp-content\/uploads\/2024\/04\/legislatura-provincial-tdf.jpg 750w, https:\/\/opinionpublica.com.ar\/index\/wp-content\/uploads\/2024\/04\/legislatura-provincial-tdf-300x200.jpg 300w\" sizes=\"(max-width: 750px) 100vw, 750px\" \/><\/a><\/p>\n<p>La Legislatura de Tierra del Fuego volver\u00e1 a sesionar este lunes 15 tras dos suspensiones consecutivas \u2014el 19 de noviembre y el 11 de diciembre\u2014 en un escenario atravesado por proyectos sensibles, falta de informaci\u00f3n p\u00fablica y una agenda pol\u00edtica cargada.<\/p>\n<p>&nbsp;<\/p>\n<p>Entre los temas centrales figura el proyecto de regulaci\u00f3n de la salmonicultura, que llega con dictamen de comisi\u00f3n y se perfila como uno de los puntos con mayor grado de avance formal. Su tratamiento se da luego de semanas de debate p\u00fablico y posicionamientos cruzados, en una iniciativa que podr\u00eda redefinir el esquema productivo y ambiental en aguas provinciales.<\/p>\n<p>&nbsp;<\/p>\n<p>Otro de los ejes ser\u00e1 el proyecto de moratoria impositiva, que si bien no cuenta con estado parlamentario, podr\u00eda ser incorporado sobre tablas si prospera el consenso que algunos bloques aseguran haber alcanzado. En ese marco, el proyecto impulsado por La Libertad Avanza aparece como el m\u00e1s beneficioso para los contribuyentes, al proponer mayores plazos de regularizaci\u00f3n, una tasa de inter\u00e9s m\u00e1s baja y per\u00edodos de deuda m\u00e1s extensos.<\/p>\n<p>&nbsp;<\/p>\n<p>En paralelo, el oficialismo intentar\u00eda forzar el tratamiento acelerado del convenio con YPF, pese a que el acuerdo a\u00fan no fue hecho p\u00fablico ni remitido formalmente a la Legislatura. La falta de acceso al contenido del convenio y a los estudios asociados volvi\u00f3 a encender cuestionamientos sobre los tiempos y la transparencia del proceso.<\/p>\n<p>&nbsp;<\/p>\n<p style=\"text-align: left;\">El Presupuesto provincial tambi\u00e9n aparecer\u00e1 en la sesi\u00f3n, aunque con un alcance acotado. El objetivo inmediato ser\u00eda que el proyecto adquiera estado parlamentario para iniciar su an\u00e1lisis en comisiones, mientras desde el oficialismo se deja entrever la posibilidad de una reconducci\u00f3n presupuestaria, ante la dificultad de avanzar en un tratamiento integral antes de fin de a\u00f1o.<\/p>\n<p>&nbsp;<\/p>\n<h4>Pedidos de informe: reclamos reiterados y nuevas exigencias de control<\/h4>\n<p>&nbsp;<\/p>\n<p>En ese marco, la sesi\u00f3n incluir\u00e1 un paquete significativo de pedidos de informe al Poder Ejecutivo, que refuerzan el clima de desconfianza legislativa frente a la falta de respuestas oficiales.<\/p>\n<p>&nbsp;<\/p>\n<p>Entre los reclamos reiterados se destaca el pedido de informaci\u00f3n sobre el convenio de asesoramiento con la aseguradora Mart\u00ednez Sosa, solicitado originalmente en marzo. La Legislatura volver\u00e1 a exigir detalles sobre condiciones del acuerdo, costos, alcance del servicio y fundamentos de la contrataci\u00f3n, ante el incumplimiento de los plazos de respuesta.<\/p>\n<p>&nbsp;<\/p>\n<p>Tambi\u00e9n ser\u00e1 reiterado el pedido vinculado a la estructura societaria del Laboratorio del Fin del Mundo, con requerimientos sobre composici\u00f3n accionaria, participaci\u00f3n estatal y funcionamiento administrativo, que hasta el momento no fueron respondidos.<\/p>\n<p>&nbsp;<\/p>\n<p>En materia ambiental y energ\u00e9tica, se insistir\u00e1 con pedidos pendientes sobre la central termoel\u00e9ctrica, reclamando informaci\u00f3n sobre impacto ambiental, cumplimiento normativo, medidas de mitigaci\u00f3n y autorizaciones vigentes.<\/p>\n<p>&nbsp;<\/p>\n<p>A estos reclamos se suman pedidos nuevos, como el dirigido a la Agencia de Innovaci\u00f3n, que busca conocer su funcionamiento, ejecuci\u00f3n presupuestaria y resultados concretos, y otro sobre la gesti\u00f3n del \u00e1rea protegida de Pen\u00ednsula Mitre, con foco en infraestructura, manejo de fauna y acciones de conservaci\u00f3n.<\/p>\n<p>&nbsp;<\/p>\n<p>La combinaci\u00f3n de proyectos estrat\u00e9gicos, intentos de tratamiento expr\u00e9s y pedidos de informe sin respuesta convierte a la sesi\u00f3n en una instancia clave, donde volver\u00e1 a ponerse en juego no solo el rumbo de iniciativas centrales, sino tambi\u00e9n el acceso a informaci\u00f3n p\u00fablica y el rol de control de la Legislatura.<\/p>\n<p>&nbsp;<\/p>\n","protected":false},"excerpt":{"rendered":"<p>Sesi\u00f3n clave en la Legislatura fueguina: salmoneras con dictamen, moratoria sobre tablas y presi\u00f3n por el convenio con<\/p>\n","protected":false},"author":5,"featured_media":2478,"comment_status":"open","ping_status":"open","sticky":false,"template":"","format":"standard","meta":{"footnotes":""},"categories":[2],"tags":[2275],"class_list":["post-11986","post","type-post","status-publish","format-standard","has-post-thumbnail","hentry","category-tierra-del-fuego","tag-legislatura-fueguina"],"featured_image_urls":{"full":["https:\/\/opinionpublica.com.ar\/index\/wp-content\/uploads\/2024\/04\/legislatura-provincial-tdf.jpg",750,500,false],"thumbnail":["https:\/\/opinionpublica.com.ar\/index\/wp-content\/uploads\/2024\/04\/legislatura-provincial-tdf-150x150.jpg",150,150,true],"medium":["https:\/\/opinionpublica.com.ar\/index\/wp-content\/uploads\/2024\/04\/legislatura-provincial-tdf-300x200.jpg",300,200,true],"medium_large":["https:\/\/opinionpublica.com.ar\/index\/wp-content\/uploads\/2024\/04\/legislatura-provincial-tdf.jpg",640,427,false],"large":["https:\/\/opinionpublica.com.ar\/index\/wp-content\/uploads\/2024\/04\/legislatura-provincial-tdf.jpg",640,427,false],"1536x1536":["https:\/\/opinionpublica.com.ar\/index\/wp-content\/uploads\/2024\/04\/legislatura-provincial-tdf.jpg",750,500,false],"2048x2048":["https:\/\/opinionpublica.com.ar\/index\/wp-content\/uploads\/2024\/04\/legislatura-provincial-tdf.jpg",750,500,false],"morenews-large":["https:\/\/opinionpublica.com.ar\/index\/wp-content\/uploads\/2024\/04\/legislatura-provincial-tdf.jpg",750,500,false],"morenews-medium":["https:\/\/opinionpublica.com.ar\/index\/wp-content\/uploads\/2024\/04\/legislatura-provincial-tdf-590x410.jpg",590,410,true]},"author_info":{"display_name":"Hal","author_link":"https:\/\/opinionpublica.com.ar\/index\/author\/hal\/"},"category_info":"<a href=\"https:\/\/opinionpublica.com.ar\/index\/category\/tierra-del-fuego\/\" rel=\"category tag\">Tierra del Fuego<\/a>","tag_info":"Tierra del Fuego","comment_count":"0","_links":{"self":[{"href":"https:\/\/opinionpublica.com.ar\/index\/wp-json\/wp\/v2\/posts\/11986","targetHints":{"allow":["GET"]}}],"collection":[{"href":"https:\/\/opinionpublica.com.ar\/index\/wp-json\/wp\/v2\/posts"}],"about":[{"href":"https:\/\/opinionpublica.com.ar\/index\/wp-json\/wp\/v2\/types\/post"}],"author":[{"embeddable":true,"href":"https:\/\/opinionpublica.com.ar\/index\/wp-json\/wp\/v2\/users\/5"}],"replies":[{"embeddable":true,"href":"https:\/\/opinionpublica.com.ar\/index\/wp-json\/wp\/v2\/comments?post=11986"}],"version-history":[{"count":1,"href":"https:\/\/opinionpublica.com.ar\/index\/wp-json\/wp\/v2\/posts\/11986\/revisions"}],"predecessor-version":[{"id":11987,"href":"https:\/\/opinionpublica.com.ar\/index\/wp-json\/wp\/v2\/posts\/11986\/revisions\/11987"}],"wp:featuredmedia":[{"embeddable":true,"href":"https:\/\/opinionpublica.com.ar\/index\/wp-json\/wp\/v2\/media\/2478"}],"wp:attachment":[{"href":"https:\/\/opinionpublica.com.ar\/index\/wp-json\/wp\/v2\/media?parent=11986"}],"wp:term":[{"taxonomy":"category","embeddable":true,"href":"https:\/\/opinionpublica.com.ar\/index\/wp-json\/wp\/v2\/categories?post=11986"},{"taxonomy":"post_tag","embeddable":true,"href":"https:\/\/opinionpublica.com.ar\/index\/wp-json\/wp\/v2\/tags?post=11986"}],"curies":[{"name":"wp","href":"https:\/\/api.w.org\/{rel}","templated":true}]}}