{"id":11988,"date":"2025-12-15T09:17:21","date_gmt":"2025-12-15T12:17:21","guid":{"rendered":"https:\/\/opinionpublica.com.ar\/index\/?p=11988"},"modified":"2025-12-15T09:17:21","modified_gmt":"2025-12-15T12:17:21","slug":"industria-fueguina","status":"publish","type":"post","link":"https:\/\/opinionpublica.com.ar\/index\/industria-fueguina\/","title":{"rendered":"Industria fueguina"},"content":{"rendered":"<h3>Industria fueguina: \u201cEstamos frente a un panorama complejo, con un alto nivel de incertidumbre\u201d<\/h3>\n<p><a href=\"https:\/\/opinionpublica.com.ar\/index\/wp-content\/uploads\/2025\/05\/8-Industria-Pueblo-de-Rio-Grande-El-Rompehielos-768x506-1.jpg\"><img fetchpriority=\"high\" decoding=\"async\" class=\"alignnone size-full wp-image-9680\" src=\"https:\/\/opinionpublica.com.ar\/index\/wp-content\/uploads\/2025\/05\/8-Industria-Pueblo-de-Rio-Grande-El-Rompehielos-768x506-1.jpg\" alt=\"\" width=\"768\" height=\"506\" srcset=\"https:\/\/opinionpublica.com.ar\/index\/wp-content\/uploads\/2025\/05\/8-Industria-Pueblo-de-Rio-Grande-El-Rompehielos-768x506-1.jpg 768w, https:\/\/opinionpublica.com.ar\/index\/wp-content\/uploads\/2025\/05\/8-Industria-Pueblo-de-Rio-Grande-El-Rompehielos-768x506-1-300x198.jpg 300w\" sizes=\"(max-width: 768px) 100vw, 768px\" \/><\/a><\/p>\n<p>As\u00ed lo sostuvo la secretaria de Industria provincial, Alejandra Man, sobre el impacto que tendr\u00e1 en la producci\u00f3n fueguina la eliminaci\u00f3n de aranceles a productos electr\u00f3nicos importados, a partir de enero pr\u00f3ximo.<\/p>\n<p>&nbsp;<\/p>\n<p>La secretaria de Industria provincial, Alejandra Man, se refiri\u00f3 al impacto que tendr\u00e1 en la producci\u00f3n fueguina la eliminaci\u00f3n de aranceles a productos electr\u00f3nicos importados, a partir del pr\u00f3ximo 15 de enero. \u201cEstamos frente a un panorama complejo, con un alto nivel de incertidumbre respecto del impacto en la producci\u00f3n de 2026\u201d, sostuvo.<\/p>\n<p>&nbsp;<\/p>\n<p>\u201cLa provincia viene llevando adelante mesas de di\u00e1logo junto a representantes de los trabajadores, c\u00e1maras industriales y empresas, con el objetivo de identificar herramientas que permitan mejorar la competitividad frente a la baja de precios en los productos celulares\u201d.<\/p>\n<p>&nbsp;<\/p>\n<p>En este sentido, advirti\u00f3 que \u201cestamos frente a un panorama complejo, con un alto nivel de incertidumbre respecto del impacto en la producci\u00f3n de 2026\u201d.<\/p>\n<p>&nbsp;<\/p>\n<p>Man detall\u00f3 que, si bien el nuevo proceso productivo de celulares ofrece una oportunidad para competir frente al producto importado, \u201ca\u00fan son pocos los tr\u00e1mites iniciados para nuevos productos bajo esta resoluci\u00f3n. Entendemos que las empresas se encuentran cerrando acuerdos comerciales con las marcas y evaluando la factibilidad de producir en Tierra del Fuego\u201d.<\/p>\n<p>&nbsp;<\/p>\n<p>La funcionaria manifest\u00f3 la preocupaci\u00f3n compartida con el sector: \u201ccomprendemos la preocupaci\u00f3n del sector trabajador e industrial, ya que la definici\u00f3n del Gobierno nacional podr\u00eda derivar en la p\u00e9rdida de m\u00e1s puestos laborales en nuestra provincia. Desde el Ejecutivo provincial mantenemos el compromiso de generar propuestas que contribuyan a revertir esta situaci\u00f3n\u201d.<\/p>\n<p>&nbsp;<\/p>\n<p>Al hacer un balance del a\u00f1o, Man evalu\u00f3 que ha sido complejo, debido a m\u00faltiples factores que incidieron negativamente: \u201cla retracci\u00f3n del consumo a nivel nacional impact\u00f3 de manera directa; adem\u00e1s, atravesamos modificaciones en los procesos productivos de televisores y celulares, y un cambio en las condiciones de competitividad frente a un escenario de apertura de importaciones que afect\u00f3 tanto al sector electr\u00f3nico como al textil\u201d. Pese a ello, destac\u00f3 el trabajo de la Secretar\u00eda para \u201cacompa\u00f1ar al sector industrial atendiendo con celeridad los tr\u00e1mites\u201d y mencion\u00f3 los avances en la modificaci\u00f3n de la Resoluci\u00f3n CAAE 47\/25 para fomentar nuevos sectores productivos orientados a la exportaci\u00f3n.<\/p>\n","protected":false},"excerpt":{"rendered":"<p>Industria fueguina: \u201cEstamos frente a un panorama complejo, con un alto nivel de incertidumbre\u201d As\u00ed lo sostuvo la<\/p>\n","protected":false},"author":5,"featured_media":9680,"comment_status":"open","ping_status":"open","sticky":false,"template":"","format":"standard","meta":{"footnotes":""},"categories":[2],"tags":[603],"class_list":["post-11988","post","type-post","status-publish","format-standard","has-post-thumbnail","hentry","category-tierra-del-fuego","tag-industria-fueguina"],"featured_image_urls":{"full":["https:\/\/opinionpublica.com.ar\/index\/wp-content\/uploads\/2025\/05\/8-Industria-Pueblo-de-Rio-Grande-El-Rompehielos-768x506-1.jpg",768,506,false],"thumbnail":["https:\/\/opinionpublica.com.ar\/index\/wp-content\/uploads\/2025\/05\/8-Industria-Pueblo-de-Rio-Grande-El-Rompehielos-768x506-1-150x150.jpg",150,150,true],"medium":["https:\/\/opinionpublica.com.ar\/index\/wp-content\/uploads\/2025\/05\/8-Industria-Pueblo-de-Rio-Grande-El-Rompehielos-768x506-1-300x198.jpg",300,198,true],"medium_large":["https:\/\/opinionpublica.com.ar\/index\/wp-content\/uploads\/2025\/05\/8-Industria-Pueblo-de-Rio-Grande-El-Rompehielos-768x506-1.jpg",640,422,false],"large":["https:\/\/opinionpublica.com.ar\/index\/wp-content\/uploads\/2025\/05\/8-Industria-Pueblo-de-Rio-Grande-El-Rompehielos-768x506-1.jpg",640,422,false],"1536x1536":["https:\/\/opinionpublica.com.ar\/index\/wp-content\/uploads\/2025\/05\/8-Industria-Pueblo-de-Rio-Grande-El-Rompehielos-768x506-1.jpg",768,506,false],"2048x2048":["https:\/\/opinionpublica.com.ar\/index\/wp-content\/uploads\/2025\/05\/8-Industria-Pueblo-de-Rio-Grande-El-Rompehielos-768x506-1.jpg",768,506,false],"morenews-large":["https:\/\/opinionpublica.com.ar\/index\/wp-content\/uploads\/2025\/05\/8-Industria-Pueblo-de-Rio-Grande-El-Rompehielos-768x506-1.jpg",768,506,false],"morenews-medium":["https:\/\/opinionpublica.com.ar\/index\/wp-content\/uploads\/2025\/05\/8-Industria-Pueblo-de-Rio-Grande-El-Rompehielos-768x506-1-590x410.jpg",590,410,true]},"author_info":{"display_name":"Hal","author_link":"https:\/\/opinionpublica.com.ar\/index\/author\/hal\/"},"category_info":"<a href=\"https:\/\/opinionpublica.com.ar\/index\/category\/tierra-del-fuego\/\" rel=\"category tag\">Tierra del Fuego<\/a>","tag_info":"Tierra del Fuego","comment_count":"0","_links":{"self":[{"href":"https:\/\/opinionpublica.com.ar\/index\/wp-json\/wp\/v2\/posts\/11988","targetHints":{"allow":["GET"]}}],"collection":[{"href":"https:\/\/opinionpublica.com.ar\/index\/wp-json\/wp\/v2\/posts"}],"about":[{"href":"https:\/\/opinionpublica.com.ar\/index\/wp-json\/wp\/v2\/types\/post"}],"author":[{"embeddable":true,"href":"https:\/\/opinionpublica.com.ar\/index\/wp-json\/wp\/v2\/users\/5"}],"replies":[{"embeddable":true,"href":"https:\/\/opinionpublica.com.ar\/index\/wp-json\/wp\/v2\/comments?post=11988"}],"version-history":[{"count":1,"href":"https:\/\/opinionpublica.com.ar\/index\/wp-json\/wp\/v2\/posts\/11988\/revisions"}],"predecessor-version":[{"id":11989,"href":"https:\/\/opinionpublica.com.ar\/index\/wp-json\/wp\/v2\/posts\/11988\/revisions\/11989"}],"wp:featuredmedia":[{"embeddable":true,"href":"https:\/\/opinionpublica.com.ar\/index\/wp-json\/wp\/v2\/media\/9680"}],"wp:attachment":[{"href":"https:\/\/opinionpublica.com.ar\/index\/wp-json\/wp\/v2\/media?parent=11988"}],"wp:term":[{"taxonomy":"category","embeddable":true,"href":"https:\/\/opinionpublica.com.ar\/index\/wp-json\/wp\/v2\/categories?post=11988"},{"taxonomy":"post_tag","embeddable":true,"href":"https:\/\/opinionpublica.com.ar\/index\/wp-json\/wp\/v2\/tags?post=11988"}],"curies":[{"name":"wp","href":"https:\/\/api.w.org\/{rel}","templated":true}]}}