{"id":1204,"date":"2024-03-27T12:58:21","date_gmt":"2024-03-27T15:58:21","guid":{"rendered":"https:\/\/opinionpublica.com.ar\/index\/?p=1204"},"modified":"2024-03-27T12:58:21","modified_gmt":"2024-03-27T15:58:21","slug":"anses-ya-son-cinco-los-despidos-en-tierra-del-fuego","status":"publish","type":"post","link":"https:\/\/opinionpublica.com.ar\/index\/anses-ya-son-cinco-los-despidos-en-tierra-del-fuego\/","title":{"rendered":"ANSES: Ya son cinco los despidos en Tierra del Fuego"},"content":{"rendered":"<p>La regi\u00f3n patag\u00f3nica enfrenta cierres y despidos en Administraci\u00f3n Nacional de Seguridad Social -ANSES-, provocando preocupaci\u00f3n y protestas ante la p\u00e9rdida de 1.200 puestos de trabajo a nivel nacional. \u201cEn la primera oleada fueron 470 despidos en todo el pa\u00eds. En Santa Cruz, Tierra del Fuego y Chubut ya despidieron al 15% del personal\u201d. En Tierra del Fuego son cinco. Cuatro en la delegaci\u00f3n R\u00edo Grande y uno en Ushuaia, aunque no descartan que hayan m\u00e1s.<\/p>\n<p><a href=\"https:\/\/opinionpublica.com.ar\/index\/wp-content\/uploads\/2024\/03\/anses-tierra-del-fuego-1.jpg\"><img fetchpriority=\"high\" decoding=\"async\" class=\"alignnone  wp-image-1206\" src=\"https:\/\/opinionpublica.com.ar\/index\/wp-content\/uploads\/2024\/03\/anses-tierra-del-fuego-1.jpg\" alt=\"\" width=\"446\" height=\"250\" \/><\/a><\/p>\n<p>La regi\u00f3n patag\u00f3nica enfrenta una ola de cierres y despidos en la Administraci\u00f3n Nacional de Seguridad Social (ANSES), provocando preocupaci\u00f3n y protestas ante la p\u00e9rdida de 1200 puestos de trabajo a nivel nacional.<\/p>\n<p>Desde ATE se alert\u00f3 sobre esta situaci\u00f3n el viernes y para este lunes ya se registraron numerosos despidos y clausuras de delegaciones en la regi\u00f3n.<\/p>\n<p>En el caso de Chubut, el intendente de Dolavon, Dante Brown, denunci\u00f3 el cierre de la oficina de ANSES en su comuna, lo que ha generado una gran inquietud entre los ciudadanos. Aunque la encargada del organismo en Trelew desminti\u00f3 esta informaci\u00f3n, persiste la incertidumbre sobre el futuro de los servicios de seguridad social en la provincia.<\/p>\n<p>Seg\u00fan Alejandro Caruso, secretario regional de SECASFPI: \u201cYa se sab\u00eda y corr\u00eda el rumor del despido de 1400 personas en todo el pa\u00eds. En la primera oleada fueron 470 despidos en todo el pa\u00eds. En Santa Cruz, Tierra del Fuego y Chubut ya despidieron al 15% del personal\u201d.<\/p>\n","protected":false},"excerpt":{"rendered":"<p>La regi\u00f3n patag\u00f3nica enfrenta cierres y despidos en Administraci\u00f3n Nacional de Seguridad Social -ANSES-, provocando preocupaci\u00f3n y protestas<\/p>\n","protected":false},"author":8,"featured_media":1206,"comment_status":"open","ping_status":"open","sticky":false,"template":"","format":"standard","meta":{"footnotes":""},"categories":[2],"tags":[408,407,5],"class_list":["post-1204","post","type-post","status-publish","format-standard","has-post-thumbnail","hentry","category-tierra-del-fuego","tag-alejandro-caruso","tag-anses","tag-tierra-del-fuego"],"featured_image_urls":{"full":["https:\/\/opinionpublica.com.ar\/index\/wp-content\/uploads\/2024\/03\/anses-tierra-del-fuego-1.jpg",300,168,false],"thumbnail":["https:\/\/opinionpublica.com.ar\/index\/wp-content\/uploads\/2024\/03\/anses-tierra-del-fuego-1-150x150.jpg",150,150,true],"medium":["https:\/\/opinionpublica.com.ar\/index\/wp-content\/uploads\/2024\/03\/anses-tierra-del-fuego-1.jpg",300,168,false],"medium_large":["https:\/\/opinionpublica.com.ar\/index\/wp-content\/uploads\/2024\/03\/anses-tierra-del-fuego-1.jpg",300,168,false],"large":["https:\/\/opinionpublica.com.ar\/index\/wp-content\/uploads\/2024\/03\/anses-tierra-del-fuego-1.jpg",300,168,false],"1536x1536":["https:\/\/opinionpublica.com.ar\/index\/wp-content\/uploads\/2024\/03\/anses-tierra-del-fuego-1.jpg",300,168,false],"2048x2048":["https:\/\/opinionpublica.com.ar\/index\/wp-content\/uploads\/2024\/03\/anses-tierra-del-fuego-1.jpg",300,168,false],"morenews-large":["https:\/\/opinionpublica.com.ar\/index\/wp-content\/uploads\/2024\/03\/anses-tierra-del-fuego-1.jpg",300,168,false],"morenews-medium":["https:\/\/opinionpublica.com.ar\/index\/wp-content\/uploads\/2024\/03\/anses-tierra-del-fuego-1.jpg",300,168,false]},"author_info":{"display_name":"RKing","author_link":"https:\/\/opinionpublica.com.ar\/index\/author\/rking\/"},"category_info":"<a href=\"https:\/\/opinionpublica.com.ar\/index\/category\/tierra-del-fuego\/\" rel=\"category tag\">Tierra del Fuego<\/a>","tag_info":"Tierra del Fuego","comment_count":"0","_links":{"self":[{"href":"https:\/\/opinionpublica.com.ar\/index\/wp-json\/wp\/v2\/posts\/1204","targetHints":{"allow":["GET"]}}],"collection":[{"href":"https:\/\/opinionpublica.com.ar\/index\/wp-json\/wp\/v2\/posts"}],"about":[{"href":"https:\/\/opinionpublica.com.ar\/index\/wp-json\/wp\/v2\/types\/post"}],"author":[{"embeddable":true,"href":"https:\/\/opinionpublica.com.ar\/index\/wp-json\/wp\/v2\/users\/8"}],"replies":[{"embeddable":true,"href":"https:\/\/opinionpublica.com.ar\/index\/wp-json\/wp\/v2\/comments?post=1204"}],"version-history":[{"count":1,"href":"https:\/\/opinionpublica.com.ar\/index\/wp-json\/wp\/v2\/posts\/1204\/revisions"}],"predecessor-version":[{"id":1207,"href":"https:\/\/opinionpublica.com.ar\/index\/wp-json\/wp\/v2\/posts\/1204\/revisions\/1207"}],"wp:featuredmedia":[{"embeddable":true,"href":"https:\/\/opinionpublica.com.ar\/index\/wp-json\/wp\/v2\/media\/1206"}],"wp:attachment":[{"href":"https:\/\/opinionpublica.com.ar\/index\/wp-json\/wp\/v2\/media?parent=1204"}],"wp:term":[{"taxonomy":"category","embeddable":true,"href":"https:\/\/opinionpublica.com.ar\/index\/wp-json\/wp\/v2\/categories?post=1204"},{"taxonomy":"post_tag","embeddable":true,"href":"https:\/\/opinionpublica.com.ar\/index\/wp-json\/wp\/v2\/tags?post=1204"}],"curies":[{"name":"wp","href":"https:\/\/api.w.org\/{rel}","templated":true}]}}