{"id":1209,"date":"2024-03-27T15:06:50","date_gmt":"2024-03-27T18:06:50","guid":{"rendered":"https:\/\/opinionpublica.com.ar\/index\/?p=1209"},"modified":"2024-03-27T15:06:50","modified_gmt":"2024-03-27T18:06:50","slug":"se-paralizo-una-planta-en-tierra-del-fuego-del-grupo-fravega","status":"publish","type":"post","link":"https:\/\/opinionpublica.com.ar\/index\/se-paralizo-una-planta-en-tierra-del-fuego-del-grupo-fravega\/","title":{"rendered":"Se paralizo una planta en Tierra del Fuego del Grupo Fr\u00e1vega"},"content":{"rendered":"<p>El r\u00e9gimen de promoci\u00f3n industrial de Tierra del Fuego\u00a0tiene asegurada su continuidad por la\u00a0administraci\u00f3n de Javier Milei\u00a0a pesar del reproche de varios legisladores nacionales que no comprenden como el presidente y su ministro de econom\u00eda no pasan la motosierra por un sistema impositivo que protege a la industria ensambladora de electr\u00f3nicos.<\/p>\n<p><a href=\"https:\/\/opinionpublica.com.ar\/index\/wp-content\/uploads\/2024\/03\/electrofueguina1.jpg\"><img fetchpriority=\"high\" decoding=\"async\" class=\"alignnone  wp-image-745\" src=\"https:\/\/opinionpublica.com.ar\/index\/wp-content\/uploads\/2024\/03\/electrofueguina1.jpg\" alt=\"\" width=\"372\" height=\"279\" \/><\/a><\/p>\n<p>Estimaciones del ministerio de Econom\u00eda explican que el\u00a0perd\u00f3n en impuestos a la provincia\u00a0le provocar\u00e1 un costo cercano a los 0,33% del PBI al Estado Nacional.<\/p>\n<div id=\"ad-slot-inread_1\" data-adzonerun=\"1\" data-adtype=\"inread\" data-google-query-id=\"CLGa1Z6BlYUDFXJU3QId6fQDJg\">\n<div id=\"google_ads_iframe_\/22138317629\/iprofesional_nota\/inread_1_0__container__\"><\/div>\n<\/div>\n<p>Adem\u00e1s, el\u00a0r\u00e9gimen de promoci\u00f3n fue prorrogado hasta el a\u00f1o 2038 durante el gobierno de Alberto Fern\u00e1ndez\u00a0y cont\u00f3 con un importante apoyo de los bloques pol\u00edticos del Congreso por lo que intentar modificar el estado de cosas podr\u00eda significarle una nueva derrota legislativa al gobierno de Milei.<\/p>\n<p>Pero, entre los grandes jugadores como Newsan o Mirgor que se encuentran en el parque industrial m\u00e1s austral del pa\u00eds,\u00a0se destaca, tambi\u00e9n, Electrofueguina del\u00a0Grupo Fr\u00e1vega, radicada en R\u00edo Grande.<\/p>\n<p>Recientemente, en declaraciones p\u00fablicas, el secretario general de la asociaci\u00f3n de supervisores de la industria minera, mec\u00e1nica y metal\u00fargica (ASIMRA), Javier Escobar, expres\u00f3 que\u00a0las suspensiones en el personal se deben, seg\u00fan los ejecutivos de la empresa, a la imposibilidad de importar productos\u00a0del exterior y la falta de acceso a divisas.<\/p>\n<p>Lo cierto es que Electrofueguina S.A. suspendi\u00f3 parte de la producci\u00f3n por seis semanas ante la falta de insumos, pero fuentes consultadas por\u00a0iProfesional\u00a0expresaron que \u00abel ajuste que lleva adelante el gobierno tiene un\u00a0impacto decisivo en las ventas de la cadena en su totalidad\u00a0lo que pone en riesgo numerosos puestos laborales\u00bb.<\/p>\n<div>\n<div><\/div>\n<\/div>\n<h2>Por qu\u00e9 el grupo Fr\u00e1vega paraliz\u00f3 una de sus plantas en Tierra del Fuego<\/h2>\n<p>&nbsp;<\/p>\n<p>La medida de suspensi\u00f3n de personal comunicada a las autoridades laborales nacionales se extender\u00e1 hasta el 28 de abril pr\u00f3ximo y no se descartan m\u00e1s medidas similares durante el primer semestre del a\u00f1o.<\/p>\n<p>No se trata de un hecho menor teniendo en cuenta\u00a0la protecci\u00f3n impositiva de la que goza esta empresa en Tierra del Fuego\u00a0y porque afecta a m\u00e1s de 150 trabajadores del \u00e1rea de aires acondicionados y televisores. S\u00f3lo parece funcionar correctamente el \u00e1rea de celulares.<\/p>\n<div id=\"ad-slot-inread_3\" data-adzonerun=\"1\" data-adtype=\"inread\" data-google-query-id=\"CPihrdCAlYUDFRVM3QIdIBUC9Q\">\n<div id=\"google_ads_iframe_\/22138317629\/iprofesional_nota\/inread_3_0__container__\"><\/div>\n<\/div>\n<p>Indudablemente, el impacto en las ventas de productos de l\u00ednea blanca, aquellos electrodom\u00e9sticos cuya finalidad es lavar, cocinar o procurar fr\u00edo o calor como lavadoras, frigor\u00edficos, secadores o microondas que casi siempre han sido de color blanco, se siente cada d\u00eda que pasa y la recesi\u00f3n se profundiza mientras no se recompone el cr\u00e9dito y los ingresos de la poblaci\u00f3n.<\/p>\n<p>El a\u00f1o comenz\u00f3 muy complicado para Fr\u00e1vega y otras compa\u00f1\u00edas del rubro y algunos ejecutivos consultados explicaron con reserva que \u00abLas ventas de electrodom\u00e9sticos cayeron hasta 55% durante enero en t\u00e9rminos interanuales.\u00a0\u00abNo se vende nada\u00bb, expres\u00f3 el representante de una importante cadena de l\u00ednea blanca.<\/p>\n<div id=\"ad-slot-inread_4\" data-adzonerun=\"1\" data-adtype=\"inread\" data-google-query-id=\"CPmhrdCAlYUDFRVM3QIdIBUC9Q\">\n<div id=\"google_ads_iframe_\/22138317629\/iprofesional_nota\/inread_4_0__container__\"><\/div>\n<\/div>\n<p>Se realizan electro sale con importantes descuentos y promociones y vuelven las cuotas \u00abpero la gente en general est\u00e1 sobregirada con las tarjetas de cr\u00e9dito y posterga adquisiciones de electrodom\u00e9sticos o no llega porque los bancos no aumentan los l\u00edmites de financiaci\u00f3n al ritmo de la inflaci\u00f3n\u00bb.<\/p>\n<p>\u00abEl fin del Ahora 12 perjudic\u00f3 al sector y al\u00a0programa Cuota Simple mucho no ayuda\u00bb, se quejan en una cadena de electrodom\u00e9sticos a pesar que lo que no dicen es que muchos consumidores adelantaron el consumo el a\u00f1o pasado, en la previa electoral del 2023, cuando se vivi\u00f3 un pico de ventas.<\/p>\n<p>&nbsp;<\/p>\n<p>En CAME, no importa esta explicaci\u00f3n y la visi\u00f3n que ofrecen es de tragedia. Los representantes de la Confederaci\u00f3n Argentina de Mediana Empresa (CAME), midieron durante el primer mes del a\u00f1o que\u00a0las ventas minoristas retrocedieron en promedio 28,5%, pero en el sector de electr\u00f3nica, el desplome fue del 31,3%.<\/p>\n<p>En lo que respecta a la crisis en Electrofueguina, los directivos acordaron con su personal que se abonar\u00e1 el 100% del salario de marzo, mes que incluye dos semanas de las seis semanas de suspensi\u00f3n.\u00a0Para abril, se acord\u00f3 el pago del 91 % del sueldo, sin cargas previsionales, excepto para quienes pueden jubilarse este a\u00f1o. A esos casos no se les afectar\u00e1n los aportes previsionales.<\/p>\n<div id=\"ad-slot-inread_6\" data-adzonerun=\"1\" data-adtype=\"inread\" data-google-query-id=\"CPuhrdCAlYUDFRVM3QIdIBUC9Q\">\n<div id=\"google_ads_iframe_\/22138317629\/iprofesional_nota\/inread_6_0__container__\"><\/div>\n<\/div>\n<p>La crisis tambi\u00e9n toca a la puerta del Grupo Fr\u00e1vega conducido por Guillermo Olsen y Manuel S\u00e1nchez G\u00f3mez, bajo la supervisi\u00f3n de los herederos de Ra\u00fal Fr\u00e1vega: Facundo, Ra\u00fal y Liliana Fr\u00e1vega.<\/p>\n","protected":false},"excerpt":{"rendered":"<p>El r\u00e9gimen de promoci\u00f3n industrial de Tierra del Fuego\u00a0tiene asegurada su continuidad por la\u00a0administraci\u00f3n de Javier Milei\u00a0a pesar<\/p>\n","protected":false},"author":8,"featured_media":1210,"comment_status":"open","ping_status":"open","sticky":false,"template":"","format":"standard","meta":{"footnotes":""},"categories":[3,2],"tags":[410,411,409,16,5],"class_list":["post-1209","post","type-post","status-publish","format-standard","has-post-thumbnail","hentry","category-nacionales","category-tierra-del-fuego","tag-cierre","tag-fabrica","tag-fravega","tag-nacionales","tag-tierra-del-fuego"],"featured_image_urls":{"full":["https:\/\/opinionpublica.com.ar\/index\/wp-content\/uploads\/2024\/03\/fravega-ushuaiajpg.webp",1200,916,false],"thumbnail":["https:\/\/opinionpublica.com.ar\/index\/wp-content\/uploads\/2024\/03\/fravega-ushuaiajpg-150x150.webp",150,150,true],"medium":["https:\/\/opinionpublica.com.ar\/index\/wp-content\/uploads\/2024\/03\/fravega-ushuaiajpg-300x229.webp",300,229,true],"medium_large":["https:\/\/opinionpublica.com.ar\/index\/wp-content\/uploads\/2024\/03\/fravega-ushuaiajpg-768x586.webp",640,488,true],"large":["https:\/\/opinionpublica.com.ar\/index\/wp-content\/uploads\/2024\/03\/fravega-ushuaiajpg-1024x782.webp",640,489,true],"1536x1536":["https:\/\/opinionpublica.com.ar\/index\/wp-content\/uploads\/2024\/03\/fravega-ushuaiajpg.webp",1200,916,false],"2048x2048":["https:\/\/opinionpublica.com.ar\/index\/wp-content\/uploads\/2024\/03\/fravega-ushuaiajpg.webp",1200,916,false],"morenews-large":["https:\/\/opinionpublica.com.ar\/index\/wp-content\/uploads\/2024\/03\/fravega-ushuaiajpg-825x575.webp",825,575,true],"morenews-medium":["https:\/\/opinionpublica.com.ar\/index\/wp-content\/uploads\/2024\/03\/fravega-ushuaiajpg-590x410.webp",590,410,true]},"author_info":{"display_name":"RKing","author_link":"https:\/\/opinionpublica.com.ar\/index\/author\/rking\/"},"category_info":"<a href=\"https:\/\/opinionpublica.com.ar\/index\/category\/nacionales\/\" rel=\"category tag\">Nacionales<\/a> <a href=\"https:\/\/opinionpublica.com.ar\/index\/category\/tierra-del-fuego\/\" rel=\"category tag\">Tierra del Fuego<\/a>","tag_info":"Tierra del Fuego","comment_count":"0","_links":{"self":[{"href":"https:\/\/opinionpublica.com.ar\/index\/wp-json\/wp\/v2\/posts\/1209","targetHints":{"allow":["GET"]}}],"collection":[{"href":"https:\/\/opinionpublica.com.ar\/index\/wp-json\/wp\/v2\/posts"}],"about":[{"href":"https:\/\/opinionpublica.com.ar\/index\/wp-json\/wp\/v2\/types\/post"}],"author":[{"embeddable":true,"href":"https:\/\/opinionpublica.com.ar\/index\/wp-json\/wp\/v2\/users\/8"}],"replies":[{"embeddable":true,"href":"https:\/\/opinionpublica.com.ar\/index\/wp-json\/wp\/v2\/comments?post=1209"}],"version-history":[{"count":1,"href":"https:\/\/opinionpublica.com.ar\/index\/wp-json\/wp\/v2\/posts\/1209\/revisions"}],"predecessor-version":[{"id":1211,"href":"https:\/\/opinionpublica.com.ar\/index\/wp-json\/wp\/v2\/posts\/1209\/revisions\/1211"}],"wp:featuredmedia":[{"embeddable":true,"href":"https:\/\/opinionpublica.com.ar\/index\/wp-json\/wp\/v2\/media\/1210"}],"wp:attachment":[{"href":"https:\/\/opinionpublica.com.ar\/index\/wp-json\/wp\/v2\/media?parent=1209"}],"wp:term":[{"taxonomy":"category","embeddable":true,"href":"https:\/\/opinionpublica.com.ar\/index\/wp-json\/wp\/v2\/categories?post=1209"},{"taxonomy":"post_tag","embeddable":true,"href":"https:\/\/opinionpublica.com.ar\/index\/wp-json\/wp\/v2\/tags?post=1209"}],"curies":[{"name":"wp","href":"https:\/\/api.w.org\/{rel}","templated":true}]}}