{"id":12110,"date":"2026-01-07T10:25:23","date_gmt":"2026-01-07T13:25:23","guid":{"rendered":"https:\/\/opinionpublica.com.ar\/index\/?p=12110"},"modified":"2026-01-07T10:25:23","modified_gmt":"2026-01-07T13:25:23","slug":"pesca-ilegal-la-flota-gallega-se-alista-mientras-el-caladero-de-malvinas-agoniza","status":"publish","type":"post","link":"https:\/\/opinionpublica.com.ar\/index\/pesca-ilegal-la-flota-gallega-se-alista-mientras-el-caladero-de-malvinas-agoniza\/","title":{"rendered":"Pesca ilegal: La flota gallega se alista mientras el caladero de Malvinas agoniza"},"content":{"rendered":"<h3>Pesca ilegal: La flota gallega se alista mientras el caladero de Malvinas agoniza<\/h3>\n<p>Estudios recientes del 2025 revelan una crisis biol\u00f3gica del calamar. En los \u00faltimos a\u00f1os se registra una ca\u00edda significativa en la poblaci\u00f3n de calamares. Esto podr\u00eda significar un colpaso ec\u00f3nomico de la ocupaci\u00f3n.<\/p>\n<p><a href=\"https:\/\/opinionpublica.com.ar\/index\/wp-content\/uploads\/2026\/01\/20260106205259_pesqueros.jpg\"><img fetchpriority=\"high\" decoding=\"async\" class=\"alignnone size-full wp-image-12111\" src=\"https:\/\/opinionpublica.com.ar\/index\/wp-content\/uploads\/2026\/01\/20260106205259_pesqueros.jpg\" alt=\"\" width=\"880\" height=\"512\" srcset=\"https:\/\/opinionpublica.com.ar\/index\/wp-content\/uploads\/2026\/01\/20260106205259_pesqueros.jpg 880w, https:\/\/opinionpublica.com.ar\/index\/wp-content\/uploads\/2026\/01\/20260106205259_pesqueros-300x175.jpg 300w, https:\/\/opinionpublica.com.ar\/index\/wp-content\/uploads\/2026\/01\/20260106205259_pesqueros-768x447.jpg 768w\" sizes=\"(max-width: 880px) 100vw, 880px\" \/><\/a><\/p>\n<p>Bajo el amparo de licencias ilegales otorgadas por la administraci\u00f3n colonial brit\u00e1nica, los buques espa\u00f1oles preparan su partida desde Vigo. Sin embargo, los datos de 2025 revelan una crisis biol\u00f3gica del calamar sin precedentes: de las 85.000 toneladas capturadas en 2019 se pas\u00f3 a un piso de 18.000. Podr\u00edamos estar frente a un colapso final del sustento econ\u00f3mico de la ocupaci\u00f3n.<\/p>\n<p>&nbsp;<\/p>\n<p>Las embarcaciones de Chymar, Pescapuerta o Pereira se encuentran amarradas en los muelles de Beiramar, equip\u00e1ndose para una larga travesia de 13.000 kil\u00f3metros.<\/p>\n<p>&nbsp;<\/p>\n<p>Como sucede cada fin de a\u00f1o, el puerto de Vigo se convierte en el epicentro de los preparativos para una nueva campa\u00f1a de extracci\u00f3n en las aguas argentinas usurpadas. El diario La Voz de Galicia confirm\u00f3 recientemente que las empresas Chymar, Pescapuerta y Pereira ya iniciaron el avituallamiento de sus naves. El objetivo: zarpar en los pr\u00f3ximos d\u00edas para iniciar la zafra de calamar patag\u00f3nico (Loligo) a finales del mes.<\/p>\n<p>&nbsp;<\/p>\n<p>Sin embargo, lo que los medios espa\u00f1oles presentan como una \u00abtradici\u00f3n industrial\u00bb, desde la \u00f3ptica de la soberan\u00eda argentina y la sostenibilidad ambiental es la cr\u00f3nica de un saqueo anunciado que, por primera vez en d\u00e9cadas, muestra signos de agotamiento terminal.<\/p>\n<p>&nbsp;<\/p>\n<h4>El sost\u00e9n de la colonia en cifras<\/h4>\n<p>Desde 1989 y 1990, la venta de licencias ilegales ha sido la columna vertebral de la econom\u00eda kelper. Esta actividad no solo sostiene el alto nivel de vida en las islas, sino que las posiciona como uno de los territorios con mayores ingresos per c\u00e1pita del mundo, basado exclusivamente en la extracci\u00f3n de recursos ajenos. Hist\u00f3ricamente, el promedio de capturas rondaba las 250.000 toneladas anuales, pero el 2025 marc\u00f3 un punto de inflexi\u00f3n que la flota espa\u00f1ola prefiere ignorar en sus brindis de a\u00f1o nuevo.<\/p>\n<p>&nbsp;<\/p>\n<h4>2025: El a\u00f1o en que el recurso dijo \u00abbasta\u00bb<\/h4>\n<p>Las notas publicadas por Agenda Malvinas a lo largo del a\u00f1o pasado, nos permiten trazar una l\u00ednea estad\u00edstica descendente y alarmante que contradice el optimismo gallego:<\/p>\n<p>&nbsp;<\/p>\n<p>Verano 2025: La temporada cerr\u00f3 con apenas el 10% de la captura prevista. De las 45.000 toneladas que proyectaba la Asociaci\u00f3n de Armadores de Vigo (ARVI), apenas se alcanz\u00f3 a desembarcar una fracci\u00f3n m\u00ednima, obligando a un cierre anticipado del caladero el 27 de abril.<\/p>\n<p>Invierno 2025: El desplome fue total. La flota apenas logr\u00f3 capturar 18.000 toneladas, una cifra catastr\u00f3fica comparada con las 85.000 toneladas obtenidas en el invierno de 2019.<\/p>\n<p>Crisis de Biomasa: El propio responsable del Departamento de Recursos Naturales de la colonia, James Wilson, admiti\u00f3 que se registra \u00abla menor biomasa de los \u00faltimos cinco a\u00f1os\u00bb.<\/p>\n<p>La hipocres\u00eda del \u00abSaqueador Arrepentido\u00bb<\/p>\n<p>&nbsp;<\/p>\n<p>El an\u00e1lisis no puede obviar el doble discurso espa\u00f1ol. Mientras cient\u00edficos como Graham Pierce (IIM) denuncian la \u00abfalta de control\u00bb en la milla 201, omiten deliberadamente que la pesca dentro del \u00e1rea de exclusi\u00f3n brit\u00e1nica es igualmente ilegal y depredatoria. La industria de Vigo ha invertido m\u00e1s de 240 millones de euros en renovar buques (como el Argos Berb\u00e9s o el Prion), y ante la falta de calamar, la presi\u00f3n por recuperar esa inversi\u00f3n empuja a las autoridades coloniales a permitir pescar \u00ablo que se pueda\u00bb, ignorando cualquier criterio de sostenibilidad cient\u00edfica que s\u00ed mantiene el INIDEP en aguas argentinas bajo control efectivo.<\/p>\n<p>&nbsp;<\/p>\n<h4>El escenario para 2026<\/h4>\n<p>La flota que hoy se prepara en Beiramar cruzar\u00e1 el Atl\u00e1ntico con una incertidumbre creciente. El calamar patag\u00f3nico, pieza clave de la cadena tr\u00f3fica, est\u00e1 desapareciendo debido a una presi\u00f3n pesquera insostenible que ha priorizado el lucro financiero de la alianza brit\u00e1nico-espa\u00f1ola por sobre la vida del ecosistema.<\/p>\n<p>&nbsp;<\/p>\n<p>El inicio de este 2026 no es solo una nueva temporada de pesca; es la confirmaci\u00f3n de un modelo extractivo colonial que, tras tres d\u00e9cadas de saqueo sistem\u00e1tico, podr\u00eda estar enfrentando su propio l\u00edmite biol\u00f3gico. El silencio internacional y la complicidad empresarial espa\u00f1ola est\u00e1n sentenciando la desaparici\u00f3n del recurso en el Atl\u00e1ntico Sur.<\/p>\n","protected":false},"excerpt":{"rendered":"<p>Pesca ilegal: La flota gallega se alista mientras el caladero de Malvinas agoniza Estudios recientes del 2025 revelan<\/p>\n","protected":false},"author":5,"featured_media":12111,"comment_status":"open","ping_status":"open","sticky":false,"template":"","format":"standard","meta":{"footnotes":""},"categories":[29],"tags":[4077,2354,295],"class_list":["post-12110","post","type-post","status-publish","format-standard","has-post-thumbnail","hentry","category-interes-general","tag-flota-espanola","tag-malvinas-argentinas","tag-pesca-ilegal"],"featured_image_urls":{"full":["https:\/\/opinionpublica.com.ar\/index\/wp-content\/uploads\/2026\/01\/20260106205259_pesqueros.jpg",880,512,false],"thumbnail":["https:\/\/opinionpublica.com.ar\/index\/wp-content\/uploads\/2026\/01\/20260106205259_pesqueros-150x150.jpg",150,150,true],"medium":["https:\/\/opinionpublica.com.ar\/index\/wp-content\/uploads\/2026\/01\/20260106205259_pesqueros-300x175.jpg",300,175,true],"medium_large":["https:\/\/opinionpublica.com.ar\/index\/wp-content\/uploads\/2026\/01\/20260106205259_pesqueros-768x447.jpg",640,373,true],"large":["https:\/\/opinionpublica.com.ar\/index\/wp-content\/uploads\/2026\/01\/20260106205259_pesqueros.jpg",640,372,false],"1536x1536":["https:\/\/opinionpublica.com.ar\/index\/wp-content\/uploads\/2026\/01\/20260106205259_pesqueros.jpg",880,512,false],"2048x2048":["https:\/\/opinionpublica.com.ar\/index\/wp-content\/uploads\/2026\/01\/20260106205259_pesqueros.jpg",880,512,false],"morenews-large":["https:\/\/opinionpublica.com.ar\/index\/wp-content\/uploads\/2026\/01\/20260106205259_pesqueros-825x512.jpg",825,512,true],"morenews-medium":["https:\/\/opinionpublica.com.ar\/index\/wp-content\/uploads\/2026\/01\/20260106205259_pesqueros-590x410.jpg",590,410,true]},"author_info":{"display_name":"Hal","author_link":"https:\/\/opinionpublica.com.ar\/index\/author\/hal\/"},"category_info":"<a href=\"https:\/\/opinionpublica.com.ar\/index\/category\/interes-general\/\" rel=\"category tag\">Interes General<\/a>","tag_info":"Interes General","comment_count":"0","_links":{"self":[{"href":"https:\/\/opinionpublica.com.ar\/index\/wp-json\/wp\/v2\/posts\/12110","targetHints":{"allow":["GET"]}}],"collection":[{"href":"https:\/\/opinionpublica.com.ar\/index\/wp-json\/wp\/v2\/posts"}],"about":[{"href":"https:\/\/opinionpublica.com.ar\/index\/wp-json\/wp\/v2\/types\/post"}],"author":[{"embeddable":true,"href":"https:\/\/opinionpublica.com.ar\/index\/wp-json\/wp\/v2\/users\/5"}],"replies":[{"embeddable":true,"href":"https:\/\/opinionpublica.com.ar\/index\/wp-json\/wp\/v2\/comments?post=12110"}],"version-history":[{"count":1,"href":"https:\/\/opinionpublica.com.ar\/index\/wp-json\/wp\/v2\/posts\/12110\/revisions"}],"predecessor-version":[{"id":12112,"href":"https:\/\/opinionpublica.com.ar\/index\/wp-json\/wp\/v2\/posts\/12110\/revisions\/12112"}],"wp:featuredmedia":[{"embeddable":true,"href":"https:\/\/opinionpublica.com.ar\/index\/wp-json\/wp\/v2\/media\/12111"}],"wp:attachment":[{"href":"https:\/\/opinionpublica.com.ar\/index\/wp-json\/wp\/v2\/media?parent=12110"}],"wp:term":[{"taxonomy":"category","embeddable":true,"href":"https:\/\/opinionpublica.com.ar\/index\/wp-json\/wp\/v2\/categories?post=12110"},{"taxonomy":"post_tag","embeddable":true,"href":"https:\/\/opinionpublica.com.ar\/index\/wp-json\/wp\/v2\/tags?post=12110"}],"curies":[{"name":"wp","href":"https:\/\/api.w.org\/{rel}","templated":true}]}}