{"id":12113,"date":"2026-01-07T10:31:43","date_gmt":"2026-01-07T13:31:43","guid":{"rendered":"https:\/\/opinionpublica.com.ar\/index\/?p=12113"},"modified":"2026-01-07T10:31:43","modified_gmt":"2026-01-07T13:31:43","slug":"veto-total-a-dos-leyes-impulsadas-por-el-bloque-pj","status":"publish","type":"post","link":"https:\/\/opinionpublica.com.ar\/index\/veto-total-a-dos-leyes-impulsadas-por-el-bloque-pj\/","title":{"rendered":"Veto total a dos leyes impulsadas por el bloque PJ"},"content":{"rendered":"<h3>Veto total a dos leyes impulsadas por el bloque PJ<\/h3>\n<p><a href=\"https:\/\/opinionpublica.com.ar\/index\/wp-content\/uploads\/2024\/04\/legislatura-provincial-tdf.jpg\"><img fetchpriority=\"high\" decoding=\"async\" class=\"alignnone size-full wp-image-2478\" src=\"https:\/\/opinionpublica.com.ar\/index\/wp-content\/uploads\/2024\/04\/legislatura-provincial-tdf.jpg\" alt=\"\" width=\"750\" height=\"500\" srcset=\"https:\/\/opinionpublica.com.ar\/index\/wp-content\/uploads\/2024\/04\/legislatura-provincial-tdf.jpg 750w, https:\/\/opinionpublica.com.ar\/index\/wp-content\/uploads\/2024\/04\/legislatura-provincial-tdf-300x200.jpg 300w\" sizes=\"(max-width: 750px) 100vw, 750px\" \/><\/a><\/p>\n<p>Dos de los proyectos de ley sancionados en la sesi\u00f3n del 15 de diciembre fueron vetados totalmente por el Ejecutivo. Se trata del que ced\u00eda al municipio de Ushuaia a t\u00edtulo gratuito dos predios ubicados en la zona portuaria y el que beneficiaba al CADIC y a la UNTDF con la eximici\u00f3n del pago de los servicios de agua y energ\u00eda el\u00e9ctrica.<\/p>\n<p>Provinciales07\/01\/2026<\/p>\n<p>S<\/p>\n<p>obre el filo del plazo fijado por la constituci\u00f3n para que pueda hacer uso de esa facultad, y argumentando falta de sustento t\u00e9cnico y afectaci\u00f3n patrimonial el Poder Ejecutivo vet\u00f3 totalmente dos proyectos de ley que hab\u00edan sido aprobados en la sesi\u00f3n realizada el lunes 15 de diciembre del a\u00f1o pasado.<\/p>\n<p>&nbsp;<\/p>\n<p>Las dos iniciativas impulsadas por la bancada del PJ hab\u00edan contado con el respaldo un\u00e1nime de los legisladores.<\/p>\n<p>&nbsp;<\/p>\n<p>Mediante decreto 18\/26, la Vicegobernadora a cargo del Ejecutivo vet\u00f3 ayer el proyecto pro el cual se autorizaba al Poder Ejecutivo \u201ca ceder sin cargo a favor de la Municipalidad de Ushuaia, con destino a la v\u00eda p\u00fablica\u201d el dominio de dos sectores de un inmueble del que es titular la Direcci\u00f3n Provincial de Puertos.<\/p>\n<p>&nbsp;<\/p>\n<p>En el considerando se precisa que se consult\u00f3 la opini\u00f3n de la DPP, y que el Ente Aut\u00e1rquico inform\u00f3 \u201cque el inmueble objeto de la cesi\u00f3n integra su patrimonio exclusivo, no formando parte del dominio privado del Poder Ejecutivo Provincial, encontr\u00e1ndose afectado a fines portuarios y log\u00edsticos estrat\u00e9gicos\u201d.<\/p>\n<p>&nbsp;<\/p>\n<p>Desde el Ejecutivo se sostiene que el proyecto \u201ccarece de antecedentes t\u00e9cnicos<\/p>\n<p>&nbsp;<\/p>\n<p>suficientes que acrediten un inter\u00e9s p\u00fablico provincial concreto que justifique el desprendimiento del patrimonio de un ente aut\u00e1rquico\u201d, y que la iniciativa \u201cvulnera el principio de especialidad y el r\u00e9gimen jur\u00eddico de los entes aut\u00e1rquicos\u201d por cuanto autoriza \u201cal Poder Ejecutivo a disponer sin cargo de un bien que no le pertenece, sin previa desafectaci\u00f3n legal ni intervenci\u00f3n del organismo titular del dominio\u201d. Este proyecto, de autor\u00eda del legislador Juan Carlos Pino, contaba con dictamen de comisi\u00f3n respaldado, entre otros, por la oficialista Myriam Mart\u00ednez.<\/p>\n<p>&nbsp;<\/p>\n<p>Igual suerte corri\u00f3 el proyecto que en abril del 2024 hab\u00eda presentado la legisladora Victoria Vuoto para brindar un alivio a las alica\u00eddas finanzas de la Universidad de Tierra del Fuego y del Centro Austral de Investigaciones Cient\u00edficas y T\u00e9cnicas. A tal fin, la propuesta, aprobada durante la 4 sesi\u00f3n ordinaria de 2025 y vetada ayer mediante decreto 19\/26, dispon\u00eda \u201cla exenci\u00f3n por 2 a\u00f1os del pago del 100% de los servicios de agua, cloacas y energ\u00eda el\u00e9ctrica a favor de la Universidad Nacional de Tierra del Fuego (UNTDF), en todas sus sedes ubicadas en la ciudad de Ushuaia y Tolhuin y del Centro Austral de Investigaciones Cient\u00edficas (CADIC), en todas sus sedes ubicadas en la ciudad de Ushuaia\u201d, e invitaba al Municipio de R\u00edo Grande y a la Cooperativa el\u00e9ctrica de aquella ciudad a disponer igual beneficios para esas instituciones.<\/p>\n<p>&nbsp;<\/p>\n<p>Tanto la Direcci\u00f3n Provincial de Obras y Servicios Sanitarios como la de Energ\u00eda objetaron que la norma les \u201cimpone obligaciones patrimoniales sin identificaci\u00f3n de fuente de financiamiento, afectando su patrimonio y vulnerando el principio de especialidad que rige su actuaci\u00f3n\u201d. Sostienen tambi\u00e9n que el proyecto \u201cno cuenta con respaldo presupuestario cierto ni con previsi\u00f3n expresa de los recursos necesarios, configurando un mandato legal de cumplimiento imposible y contrariando los principios de legalidad del gasto p\u00fablico, razonabilidad y responsabilidad fiscal\u201d, y que \u201cla exenci\u00f3n total y no compensada compromete la sustentabilidad de los servicios p\u00fablicos esenciales de energ\u00eda el\u00e9ctrica y de agua potable y saneamiento, poniendo en riesgo su adecuada prestaci\u00f3n y trasladando costos al resto de los usuarios del sistema\u201d. Argumentos estos que son plenamente compartidos por las m\u00e1ximas autoridades pol\u00edticas de la Provincia.<\/p>\n<p>&nbsp;<\/p>\n<p>&nbsp;<\/p>\n","protected":false},"excerpt":{"rendered":"<p>Veto total a dos leyes impulsadas por el bloque PJ Dos de los proyectos de ley sancionados en<\/p>\n","protected":false},"author":5,"featured_media":1031,"comment_status":"open","ping_status":"open","sticky":false,"template":"","format":"standard","meta":{"footnotes":""},"categories":[2],"tags":[4078,2074,390],"class_list":["post-12113","post","type-post","status-publish","format-standard","has-post-thumbnail","hentry","category-tierra-del-fuego","tag-poder-ejecutivo-provincial","tag-poder-judicial","tag-veto"],"featured_image_urls":{"full":["https:\/\/opinionpublica.com.ar\/index\/wp-content\/uploads\/2024\/03\/legislatura-provincial.jpg",1800,1200,false],"thumbnail":["https:\/\/opinionpublica.com.ar\/index\/wp-content\/uploads\/2024\/03\/legislatura-provincial-150x150.jpg",150,150,true],"medium":["https:\/\/opinionpublica.com.ar\/index\/wp-content\/uploads\/2024\/03\/legislatura-provincial-300x200.jpg",300,200,true],"medium_large":["https:\/\/opinionpublica.com.ar\/index\/wp-content\/uploads\/2024\/03\/legislatura-provincial-768x512.jpg",640,427,true],"large":["https:\/\/opinionpublica.com.ar\/index\/wp-content\/uploads\/2024\/03\/legislatura-provincial-1024x683.jpg",640,427,true],"1536x1536":["https:\/\/opinionpublica.com.ar\/index\/wp-content\/uploads\/2024\/03\/legislatura-provincial-1536x1024.jpg",1536,1024,true],"2048x2048":["https:\/\/opinionpublica.com.ar\/index\/wp-content\/uploads\/2024\/03\/legislatura-provincial.jpg",1800,1200,false],"morenews-large":["https:\/\/opinionpublica.com.ar\/index\/wp-content\/uploads\/2024\/03\/legislatura-provincial-825x575.jpg",825,575,true],"morenews-medium":["https:\/\/opinionpublica.com.ar\/index\/wp-content\/uploads\/2024\/03\/legislatura-provincial-590x410.jpg",590,410,true]},"author_info":{"display_name":"Hal","author_link":"https:\/\/opinionpublica.com.ar\/index\/author\/hal\/"},"category_info":"<a href=\"https:\/\/opinionpublica.com.ar\/index\/category\/tierra-del-fuego\/\" rel=\"category tag\">Tierra del Fuego<\/a>","tag_info":"Tierra del Fuego","comment_count":"0","_links":{"self":[{"href":"https:\/\/opinionpublica.com.ar\/index\/wp-json\/wp\/v2\/posts\/12113","targetHints":{"allow":["GET"]}}],"collection":[{"href":"https:\/\/opinionpublica.com.ar\/index\/wp-json\/wp\/v2\/posts"}],"about":[{"href":"https:\/\/opinionpublica.com.ar\/index\/wp-json\/wp\/v2\/types\/post"}],"author":[{"embeddable":true,"href":"https:\/\/opinionpublica.com.ar\/index\/wp-json\/wp\/v2\/users\/5"}],"replies":[{"embeddable":true,"href":"https:\/\/opinionpublica.com.ar\/index\/wp-json\/wp\/v2\/comments?post=12113"}],"version-history":[{"count":1,"href":"https:\/\/opinionpublica.com.ar\/index\/wp-json\/wp\/v2\/posts\/12113\/revisions"}],"predecessor-version":[{"id":12114,"href":"https:\/\/opinionpublica.com.ar\/index\/wp-json\/wp\/v2\/posts\/12113\/revisions\/12114"}],"wp:featuredmedia":[{"embeddable":true,"href":"https:\/\/opinionpublica.com.ar\/index\/wp-json\/wp\/v2\/media\/1031"}],"wp:attachment":[{"href":"https:\/\/opinionpublica.com.ar\/index\/wp-json\/wp\/v2\/media?parent=12113"}],"wp:term":[{"taxonomy":"category","embeddable":true,"href":"https:\/\/opinionpublica.com.ar\/index\/wp-json\/wp\/v2\/categories?post=12113"},{"taxonomy":"post_tag","embeddable":true,"href":"https:\/\/opinionpublica.com.ar\/index\/wp-json\/wp\/v2\/tags?post=12113"}],"curies":[{"name":"wp","href":"https:\/\/api.w.org\/{rel}","templated":true}]}}