{"id":12115,"date":"2026-01-07T10:38:39","date_gmt":"2026-01-07T13:38:39","guid":{"rendered":"https:\/\/opinionpublica.com.ar\/index\/?p=12115"},"modified":"2026-01-07T10:38:39","modified_gmt":"2026-01-07T13:38:39","slug":"tierra-del-fuego-en-apuros","status":"publish","type":"post","link":"https:\/\/opinionpublica.com.ar\/index\/tierra-del-fuego-en-apuros\/","title":{"rendered":"Tierra del Fuego en apuros"},"content":{"rendered":"<h3>Tierra del Fuego en apuros<\/h3>\n<p style=\"text-align: left;\"><a href=\"https:\/\/opinionpublica.com.ar\/index\/wp-content\/uploads\/2024\/11\/martin-gunter-20221208-105-dsc-8880-editada-ushuaia.jpg\"><img fetchpriority=\"high\" decoding=\"async\" class=\"alignnone size-full wp-image-7389\" src=\"https:\/\/opinionpublica.com.ar\/index\/wp-content\/uploads\/2024\/11\/martin-gunter-20221208-105-dsc-8880-editada-ushuaia.jpg\" alt=\"\" width=\"1503\" height=\"1000\" srcset=\"https:\/\/opinionpublica.com.ar\/index\/wp-content\/uploads\/2024\/11\/martin-gunter-20221208-105-dsc-8880-editada-ushuaia.jpg 1503w, https:\/\/opinionpublica.com.ar\/index\/wp-content\/uploads\/2024\/11\/martin-gunter-20221208-105-dsc-8880-editada-ushuaia-300x200.jpg 300w, https:\/\/opinionpublica.com.ar\/index\/wp-content\/uploads\/2024\/11\/martin-gunter-20221208-105-dsc-8880-editada-ushuaia-1024x681.jpg 1024w, https:\/\/opinionpublica.com.ar\/index\/wp-content\/uploads\/2024\/11\/martin-gunter-20221208-105-dsc-8880-editada-ushuaia-768x511.jpg 768w\" sizes=\"(max-width: 1503px) 100vw, 1503px\" \/><\/a><\/p>\n<p>La provincia argentina de Tierra del Fuego se enfrenta a una crisis econ\u00f3mica e institucional cada vez m\u00e1s profunda, en medio de crecientes despidos industriales, renuncias de altos funcionarios gubernamentales y un intenso debate local sobre la intervenci\u00f3n militar estadounidense en Venezuela.<\/p>\n<p>&nbsp;<\/p>\n<p>Los sectores comercial e industrial de Tierra del Fuego reportaron un desolador cierre en 2025, con 160 despidos solo en el sector comercial. Los l\u00edderes sindicales atribuyen este declive a una combinaci\u00f3n letal de pol\u00edticas nacionales y provinciales.<\/p>\n<p>&nbsp;<\/p>\n<p>La apertura a las importaciones, la reducci\u00f3n de los beneficios fiscales del r\u00e9gimen de promoci\u00f3n industrial y el recorte dr\u00e1stico de fondos nacionales han impactado gravemente la econom\u00eda local.<\/p>\n<p>&nbsp;<\/p>\n<p>A principios de noviembre, el gigante de la electr\u00f3nica Newsan despidi\u00f3 a m\u00e1s de 150 trabajadores. Los empleados afectados reportaron haber recibido notificaciones de despido sin causa, incluso estando de baja m\u00e9dica o vacaciones.<\/p>\n<p>&nbsp;<\/p>\n<p>Daniel Rivarola, director del Centro de Empleados de Comercio (CEC), advirti\u00f3 que el trabajo no registrado se ha disparado al 20%, ya que los cesanteados intentan abrir peque\u00f1os negocios informales para sobrevivir.<\/p>\n<p>&nbsp;<\/p>\n<p>La tensi\u00f3n econ\u00f3mica ha coincidido con una importante reestructuraci\u00f3n en la administraci\u00f3n del gobernador Gustavo Melella. A partir del 1 de enero de 2026, varios funcionarios clave renunciaron a sus cargos.<\/p>\n<p>&nbsp;<\/p>\n<p>Francisco Devita renunci\u00f3 como ministro de Econom\u00eda despu\u00e9s de dos a\u00f1os, alegando la extrema presi\u00f3n que supon\u00eda administrar las finanzas de la provincia durante la crisis actual.<\/p>\n<p>&nbsp;<\/p>\n<p>Adem\u00e1s, tambi\u00e9n se aceptaron las renuncias de Andrea Bianchi (Secretaria de Medio Ambiente) y Ayel\u00e9n Boryka (Subsecretaria de Gesti\u00f3n de Recursos Naturales). Estas salidas sugieren una reestructuraci\u00f3n m\u00e1s amplia del gabinete provincial, que enfrenta d\u00e9ficits fiscales y estancamiento industrial.<\/p>\n<p>&nbsp;<\/p>\n<p>A pesar de la agitaci\u00f3n local, el liderazgo pol\u00edtico de Tierra del Fuego ha adoptado una postura firme respecto a la captura de Nicol\u00e1s Maduro en Venezuela.<\/p>\n<p>&nbsp;<\/p>\n<p>El gobernador Melella conden\u00f3 p\u00fablicamente las acciones militares estadounidenses, afirmando que \u201cla falta de democracia debe remediarse con m\u00e1s y mejor democracia\u201d. Enfatiz\u00f3 que Am\u00e9rica Latina debe seguir siendo un \u201cterritorio de paz y soberan\u00eda\u201d. El alcalde de Ushuaia, Walter Vuoto, se sum\u00f3 a la condena, repudiando cualquier acci\u00f3n militar que viole la integridad territorial de una naci\u00f3n. Afirm\u00f3 que ninguna potencia puede arrogarse el derecho de intervenir \u201cal margen de la ley\u201d.<\/p>\n<p>&nbsp;<\/p>\n<p>Tierra del Fuego es la provincia argentina que t\u00e9cnicamente tiene jurisdicci\u00f3n sobre las Islas Falkland\/Malvinas y otros Territorios Brit\u00e1nicos de Ultramar en el Atl\u00e1ntico Sur.<\/p>\n<p>&nbsp;<\/p>\n","protected":false},"excerpt":{"rendered":"<p>Tierra del Fuego en apuros La provincia argentina de Tierra del Fuego se enfrenta a una crisis econ\u00f3mica<\/p>\n","protected":false},"author":5,"featured_media":7393,"comment_status":"open","ping_status":"open","sticky":false,"template":"","format":"standard","meta":{"footnotes":""},"categories":[2],"tags":[4079,5],"class_list":["post-12115","post","type-post","status-publish","format-standard","has-post-thumbnail","hentry","category-tierra-del-fuego","tag-en-apuros","tag-tierra-del-fuego"],"featured_image_urls":{"full":["https:\/\/opinionpublica.com.ar\/index\/wp-content\/uploads\/2024\/11\/517793850-ushuaia.jpg",1024,720,false],"thumbnail":["https:\/\/opinionpublica.com.ar\/index\/wp-content\/uploads\/2024\/11\/517793850-ushuaia-150x150.jpg",150,150,true],"medium":["https:\/\/opinionpublica.com.ar\/index\/wp-content\/uploads\/2024\/11\/517793850-ushuaia-300x211.jpg",300,211,true],"medium_large":["https:\/\/opinionpublica.com.ar\/index\/wp-content\/uploads\/2024\/11\/517793850-ushuaia-768x540.jpg",640,450,true],"large":["https:\/\/opinionpublica.com.ar\/index\/wp-content\/uploads\/2024\/11\/517793850-ushuaia.jpg",640,450,false],"1536x1536":["https:\/\/opinionpublica.com.ar\/index\/wp-content\/uploads\/2024\/11\/517793850-ushuaia.jpg",1024,720,false],"2048x2048":["https:\/\/opinionpublica.com.ar\/index\/wp-content\/uploads\/2024\/11\/517793850-ushuaia.jpg",1024,720,false],"morenews-large":["https:\/\/opinionpublica.com.ar\/index\/wp-content\/uploads\/2024\/11\/517793850-ushuaia-825x575.jpg",825,575,true],"morenews-medium":["https:\/\/opinionpublica.com.ar\/index\/wp-content\/uploads\/2024\/11\/517793850-ushuaia-590x410.jpg",590,410,true]},"author_info":{"display_name":"Hal","author_link":"https:\/\/opinionpublica.com.ar\/index\/author\/hal\/"},"category_info":"<a href=\"https:\/\/opinionpublica.com.ar\/index\/category\/tierra-del-fuego\/\" rel=\"category tag\">Tierra del Fuego<\/a>","tag_info":"Tierra del Fuego","comment_count":"0","_links":{"self":[{"href":"https:\/\/opinionpublica.com.ar\/index\/wp-json\/wp\/v2\/posts\/12115","targetHints":{"allow":["GET"]}}],"collection":[{"href":"https:\/\/opinionpublica.com.ar\/index\/wp-json\/wp\/v2\/posts"}],"about":[{"href":"https:\/\/opinionpublica.com.ar\/index\/wp-json\/wp\/v2\/types\/post"}],"author":[{"embeddable":true,"href":"https:\/\/opinionpublica.com.ar\/index\/wp-json\/wp\/v2\/users\/5"}],"replies":[{"embeddable":true,"href":"https:\/\/opinionpublica.com.ar\/index\/wp-json\/wp\/v2\/comments?post=12115"}],"version-history":[{"count":1,"href":"https:\/\/opinionpublica.com.ar\/index\/wp-json\/wp\/v2\/posts\/12115\/revisions"}],"predecessor-version":[{"id":12116,"href":"https:\/\/opinionpublica.com.ar\/index\/wp-json\/wp\/v2\/posts\/12115\/revisions\/12116"}],"wp:featuredmedia":[{"embeddable":true,"href":"https:\/\/opinionpublica.com.ar\/index\/wp-json\/wp\/v2\/media\/7393"}],"wp:attachment":[{"href":"https:\/\/opinionpublica.com.ar\/index\/wp-json\/wp\/v2\/media?parent=12115"}],"wp:term":[{"taxonomy":"category","embeddable":true,"href":"https:\/\/opinionpublica.com.ar\/index\/wp-json\/wp\/v2\/categories?post=12115"},{"taxonomy":"post_tag","embeddable":true,"href":"https:\/\/opinionpublica.com.ar\/index\/wp-json\/wp\/v2\/tags?post=12115"}],"curies":[{"name":"wp","href":"https:\/\/api.w.org\/{rel}","templated":true}]}}