{"id":12121,"date":"2026-01-08T10:49:40","date_gmt":"2026-01-08T13:49:40","guid":{"rendered":"https:\/\/opinionpublica.com.ar\/index\/?p=12121"},"modified":"2026-01-08T10:49:40","modified_gmt":"2026-01-08T13:49:40","slug":"rio-grande-algunos-pasajeros-tendran-traslado-gratuito-a-ushuaia","status":"publish","type":"post","link":"https:\/\/opinionpublica.com.ar\/index\/rio-grande-algunos-pasajeros-tendran-traslado-gratuito-a-ushuaia\/","title":{"rendered":"R\u00edo Grande, algunos pasajeros tendr\u00e1n traslado gratuito a Ushuaia"},"content":{"rendered":"<h3>R\u00edo Grande, algunos pasajeros tendr\u00e1n traslado gratuito a Ushuaia<\/h3>\n<p>El aeropuerto de R\u00edo Grande permanecer\u00e1 cerrado desde el 5 de enero hasta el 15 de abril debido a obras de remodelaci\u00f3n y ampliaci\u00f3n. Durante ese per\u00edodo, todos los vuelos operar\u00e1n desde el aeropuerto de Ushuaia.<\/p>\n<p><a href=\"https:\/\/opinionpublica.com.ar\/index\/wp-content\/uploads\/2024\/11\/x45730-el-aeropuerto-de-rio-grande.webp\"><img fetchpriority=\"high\" decoding=\"async\" class=\"alignnone size-full wp-image-7456\" src=\"https:\/\/opinionpublica.com.ar\/index\/wp-content\/uploads\/2024\/11\/x45730-el-aeropuerto-de-rio-grande.webp\" alt=\"\" width=\"1400\" height=\"821\" srcset=\"https:\/\/opinionpublica.com.ar\/index\/wp-content\/uploads\/2024\/11\/x45730-el-aeropuerto-de-rio-grande.webp 1400w, https:\/\/opinionpublica.com.ar\/index\/wp-content\/uploads\/2024\/11\/x45730-el-aeropuerto-de-rio-grande-300x176.webp 300w, https:\/\/opinionpublica.com.ar\/index\/wp-content\/uploads\/2024\/11\/x45730-el-aeropuerto-de-rio-grande-1024x601.webp 1024w, https:\/\/opinionpublica.com.ar\/index\/wp-content\/uploads\/2024\/11\/x45730-el-aeropuerto-de-rio-grande-768x450.webp 768w\" sizes=\"(max-width: 1400px) 100vw, 1400px\" \/><\/a><\/p>\n<p>Los pasajeros que ten\u00edan vuelos desde o hacia R\u00edo Grande deber\u00e1n viajar por Ushuaia. El traslado terrestre tiene un costo que puede ir de 80.000 a 300.000 pesos, seg\u00fan el servicio elegido. Sin embargo, quienes compraron pasajes antes del 7 de octubre de 2025 podr\u00e1n solicitar el traslado gratuito ida y vuelta, a cargo de Aeropuertos Argentina.<\/p>\n<p>&nbsp;<\/p>\n<p>Para usar este beneficio deber\u00e1n reprogramar el vuelo con la aerol\u00ednea o agencia y luego contactarse con Aeropuertos Argentina por sus canales de atenci\u00f3n.<\/p>\n<p>&nbsp;<\/p>\n","protected":false},"excerpt":{"rendered":"<p>R\u00edo Grande, algunos pasajeros tendr\u00e1n traslado gratuito a Ushuaia El aeropuerto de R\u00edo Grande permanecer\u00e1 cerrado desde el<\/p>\n","protected":false},"author":5,"featured_media":7456,"comment_status":"open","ping_status":"open","sticky":false,"template":"","format":"standard","meta":{"footnotes":""},"categories":[25],"tags":[481],"class_list":["post-12121","post","type-post","status-publish","format-standard","has-post-thumbnail","hentry","category-rio-grande","tag-aeropuerto"],"featured_image_urls":{"full":["https:\/\/opinionpublica.com.ar\/index\/wp-content\/uploads\/2024\/11\/x45730-el-aeropuerto-de-rio-grande.webp",1400,821,false],"thumbnail":["https:\/\/opinionpublica.com.ar\/index\/wp-content\/uploads\/2024\/11\/x45730-el-aeropuerto-de-rio-grande-150x150.webp",150,150,true],"medium":["https:\/\/opinionpublica.com.ar\/index\/wp-content\/uploads\/2024\/11\/x45730-el-aeropuerto-de-rio-grande-300x176.webp",300,176,true],"medium_large":["https:\/\/opinionpublica.com.ar\/index\/wp-content\/uploads\/2024\/11\/x45730-el-aeropuerto-de-rio-grande-768x450.webp",640,375,true],"large":["https:\/\/opinionpublica.com.ar\/index\/wp-content\/uploads\/2024\/11\/x45730-el-aeropuerto-de-rio-grande-1024x601.webp",640,376,true],"1536x1536":["https:\/\/opinionpublica.com.ar\/index\/wp-content\/uploads\/2024\/11\/x45730-el-aeropuerto-de-rio-grande.webp",1400,821,false],"2048x2048":["https:\/\/opinionpublica.com.ar\/index\/wp-content\/uploads\/2024\/11\/x45730-el-aeropuerto-de-rio-grande.webp",1400,821,false],"morenews-large":["https:\/\/opinionpublica.com.ar\/index\/wp-content\/uploads\/2024\/11\/x45730-el-aeropuerto-de-rio-grande-825x575.webp",825,575,true],"morenews-medium":["https:\/\/opinionpublica.com.ar\/index\/wp-content\/uploads\/2024\/11\/x45730-el-aeropuerto-de-rio-grande-590x410.webp",590,410,true]},"author_info":{"display_name":"Hal","author_link":"https:\/\/opinionpublica.com.ar\/index\/author\/hal\/"},"category_info":"<a href=\"https:\/\/opinionpublica.com.ar\/index\/category\/rio-grande\/\" rel=\"category tag\">Rio Grande<\/a>","tag_info":"Rio Grande","comment_count":"0","_links":{"self":[{"href":"https:\/\/opinionpublica.com.ar\/index\/wp-json\/wp\/v2\/posts\/12121","targetHints":{"allow":["GET"]}}],"collection":[{"href":"https:\/\/opinionpublica.com.ar\/index\/wp-json\/wp\/v2\/posts"}],"about":[{"href":"https:\/\/opinionpublica.com.ar\/index\/wp-json\/wp\/v2\/types\/post"}],"author":[{"embeddable":true,"href":"https:\/\/opinionpublica.com.ar\/index\/wp-json\/wp\/v2\/users\/5"}],"replies":[{"embeddable":true,"href":"https:\/\/opinionpublica.com.ar\/index\/wp-json\/wp\/v2\/comments?post=12121"}],"version-history":[{"count":1,"href":"https:\/\/opinionpublica.com.ar\/index\/wp-json\/wp\/v2\/posts\/12121\/revisions"}],"predecessor-version":[{"id":12122,"href":"https:\/\/opinionpublica.com.ar\/index\/wp-json\/wp\/v2\/posts\/12121\/revisions\/12122"}],"wp:featuredmedia":[{"embeddable":true,"href":"https:\/\/opinionpublica.com.ar\/index\/wp-json\/wp\/v2\/media\/7456"}],"wp:attachment":[{"href":"https:\/\/opinionpublica.com.ar\/index\/wp-json\/wp\/v2\/media?parent=12121"}],"wp:term":[{"taxonomy":"category","embeddable":true,"href":"https:\/\/opinionpublica.com.ar\/index\/wp-json\/wp\/v2\/categories?post=12121"},{"taxonomy":"post_tag","embeddable":true,"href":"https:\/\/opinionpublica.com.ar\/index\/wp-json\/wp\/v2\/tags?post=12121"}],"curies":[{"name":"wp","href":"https:\/\/api.w.org\/{rel}","templated":true}]}}