{"id":12123,"date":"2026-01-08T10:59:39","date_gmt":"2026-01-08T13:59:39","guid":{"rendered":"https:\/\/opinionpublica.com.ar\/index\/?p=12123"},"modified":"2026-01-08T10:59:39","modified_gmt":"2026-01-08T13:59:39","slug":"evangelicos-y-politica-comienzan-los-acercamientos-con-el-espacio-que-impulsa-a-dante-gebel-rumbo-a-2027","status":"publish","type":"post","link":"https:\/\/opinionpublica.com.ar\/index\/evangelicos-y-politica-comienzan-los-acercamientos-con-el-espacio-que-impulsa-a-dante-gebel-rumbo-a-2027\/","title":{"rendered":"Evang\u00e9licos y pol\u00edtica: comienzan los acercamientos con el espacio que impulsa a Dante Gebel rumbo a 2027"},"content":{"rendered":"<h3>Evang\u00e9licos y pol\u00edtica: comienzan los acercamientos con el espacio que impulsa a Dante Gebel rumbo a 2027<\/h3>\n<p><a href=\"https:\/\/opinionpublica.com.ar\/index\/wp-content\/uploads\/2025\/12\/IMG-20251218-WA0000.jpg\"><img fetchpriority=\"high\" decoding=\"async\" class=\"alignnone size-full wp-image-12023\" src=\"https:\/\/opinionpublica.com.ar\/index\/wp-content\/uploads\/2025\/12\/IMG-20251218-WA0000.jpg\" alt=\"\" width=\"1200\" height=\"750\" srcset=\"https:\/\/opinionpublica.com.ar\/index\/wp-content\/uploads\/2025\/12\/IMG-20251218-WA0000.jpg 1200w, https:\/\/opinionpublica.com.ar\/index\/wp-content\/uploads\/2025\/12\/IMG-20251218-WA0000-300x188.jpg 300w, https:\/\/opinionpublica.com.ar\/index\/wp-content\/uploads\/2025\/12\/IMG-20251218-WA0000-1024x640.jpg 1024w, https:\/\/opinionpublica.com.ar\/index\/wp-content\/uploads\/2025\/12\/IMG-20251218-WA0000-768x480.jpg 768w\" sizes=\"(max-width: 1200px) 100vw, 1200px\" \/><\/a><\/p>\n<p>El bloque de legisladores nacionales evang\u00e9licos abri\u00f3 un canal de di\u00e1logo fluido con la estructura pol\u00edtica que trabaja para lanzar a Dante Gebel como candidato presidencial. Reconocen coincidencias de fondo, cuestionan incumplimientos de La Libertad Avanza y ven en \u201cConsolidaci\u00f3n Argentina\u201d un \u00e1mbito con mayor participaci\u00f3n y peso real en la toma de decisiones. Mientras tanto, el nuevo armado ya empez\u00f3 a desplegarse en el interior del pa\u00eds, a la espera de la definici\u00f3n final del propio Gebel.<\/p>\n<p>&nbsp;<\/p>\n<p>En el tablero pol\u00edtico que empieza a proyectarse hacia 2027, una nueva pieza comienza a moverse con peso propio: el v\u00ednculo entre el bloque de legisladores nacionales evang\u00e9licos y la estructura pol\u00edtica que impulsa la figura de Dante Gebel como eventual candidato a la Presidencia.<\/p>\n<p>&nbsp;<\/p>\n<p>En las \u00faltimas semanas se produjeron contactos directos y conversaciones reservadas que marcaron un punto de inflexi\u00f3n. Desde ambos espacios reconocen que el di\u00e1logo \u201cya comenz\u00f3\u201d, es constante y se da en un clima de entendimiento pol\u00edtico y estrat\u00e9gico.<\/p>\n<p><a href=\"https:\/\/opinionpublica.com.ar\/index\/wp-content\/uploads\/2025\/12\/IMG-20251202-WA0000.jpg\"><img decoding=\"async\" class=\"alignnone size-full wp-image-11874\" src=\"https:\/\/opinionpublica.com.ar\/index\/wp-content\/uploads\/2025\/12\/IMG-20251202-WA0000.jpg\" alt=\"\" width=\"1200\" height=\"800\" srcset=\"https:\/\/opinionpublica.com.ar\/index\/wp-content\/uploads\/2025\/12\/IMG-20251202-WA0000.jpg 1200w, https:\/\/opinionpublica.com.ar\/index\/wp-content\/uploads\/2025\/12\/IMG-20251202-WA0000-300x200.jpg 300w, https:\/\/opinionpublica.com.ar\/index\/wp-content\/uploads\/2025\/12\/IMG-20251202-WA0000-1024x683.jpg 1024w, https:\/\/opinionpublica.com.ar\/index\/wp-content\/uploads\/2025\/12\/IMG-20251202-WA0000-768x512.jpg 768w\" sizes=\"(max-width: 1200px) 100vw, 1200px\" \/><\/a><\/p>\n<p>Desde el bloque evang\u00e9lico se\u00f1alan, en voz baja pero con claridad, un creciente malestar con La Libertad Avanza. En particular, remarcan incumplimientos en acuerdos pol\u00edticos, falta de espacios reales dentro de las estructuras de decisi\u00f3n y una subrepresentaci\u00f3n de su agenda y de sus dirigentes en el armado nacional del oficialismo libertario.<\/p>\n<p>&nbsp;<\/p>\n<p>Ese diagn\u00f3stico es el que empieza a explicar el acercamiento al nuevo espacio denominado \u201cConsolidaci\u00f3n Argentina\u201d, que promueve a Dante Gebel como figura central de un proyecto presidencial alternativo, por fuera de las estructuras tradicionales de la pol\u00edtica.<\/p>\n<p>&nbsp;<\/p>\n<p>\u201cAc\u00e1 hay vocaci\u00f3n de escucha y de integraci\u00f3n\u201d, sintetiza un dirigente cercano a las conversaciones. En el bloque evang\u00e9lico destacan que, a diferencia de otras experiencias recientes, el nuevo armado les ofrece participaci\u00f3n pol\u00edtica concreta, visibilidad y capacidad de incidir en las decisiones estrat\u00e9gicas, no solo un acompa\u00f1amiento simb\u00f3lico.<\/p>\n<p>&nbsp;<\/p>\n<p>En paralelo, el espacio que trabaja en torno a Gebel ya inici\u00f3 un despliegue territorial en distintas provincias del pa\u00eds. Se trata, por ahora, de una etapa de consolidaci\u00f3n silenciosa: armado de equipos, contactos sectoriales y construcci\u00f3n de base pol\u00edtica en el interior, sin un lanzamiento formal ni anuncios rimbombantes.<\/p>\n<p>&nbsp;<\/p>\n<p>La estrategia es clara: avanzar en la estructuraci\u00f3n nacional y en la sumatoria de apoyos antes de que Dante Gebel tome una definici\u00f3n personal sobre su candidatura. En ese esquema, el respaldo \u2014expl\u00edcito o t\u00e1cito\u2014 del mundo evang\u00e9lico aparece como un activo clave, tanto por su representaci\u00f3n parlamentaria como por su capilaridad social y territorial.<\/p>\n<p>&nbsp;<\/p>\n<p>Por ahora, nadie habla de acuerdos cerrados ni de anuncios inmediatos. Pero el mensaje es contundente: los puentes ya est\u00e1n tendidos, el di\u00e1logo est\u00e1 en marcha y el mapa pol\u00edtico rumbo a 2027 empieza a mostrar movimientos que podr\u00edan alterar el escenario conocido.<\/p>\n","protected":false},"excerpt":{"rendered":"<p>Evang\u00e9licos y pol\u00edtica: comienzan los acercamientos con el espacio que impulsa a Dante Gebel rumbo a 2027 El<\/p>\n","protected":false},"author":5,"featured_media":12124,"comment_status":"open","ping_status":"open","sticky":false,"template":"","format":"standard","meta":{"footnotes":""},"categories":[3,27],"tags":[4034,4080],"class_list":["post-12123","post","type-post","status-publish","format-standard","has-post-thumbnail","hentry","category-nacionales","category-politica","tag-dante-gebel","tag-evangelicos"],"featured_image_urls":{"full":["https:\/\/opinionpublica.com.ar\/index\/wp-content\/uploads\/2026\/01\/141225dantegebelcedocg-2153030.jpg",987,555,false],"thumbnail":["https:\/\/opinionpublica.com.ar\/index\/wp-content\/uploads\/2026\/01\/141225dantegebelcedocg-2153030-150x150.jpg",150,150,true],"medium":["https:\/\/opinionpublica.com.ar\/index\/wp-content\/uploads\/2026\/01\/141225dantegebelcedocg-2153030-300x169.jpg",300,169,true],"medium_large":["https:\/\/opinionpublica.com.ar\/index\/wp-content\/uploads\/2026\/01\/141225dantegebelcedocg-2153030-768x432.jpg",640,360,true],"large":["https:\/\/opinionpublica.com.ar\/index\/wp-content\/uploads\/2026\/01\/141225dantegebelcedocg-2153030.jpg",640,360,false],"1536x1536":["https:\/\/opinionpublica.com.ar\/index\/wp-content\/uploads\/2026\/01\/141225dantegebelcedocg-2153030.jpg",987,555,false],"2048x2048":["https:\/\/opinionpublica.com.ar\/index\/wp-content\/uploads\/2026\/01\/141225dantegebelcedocg-2153030.jpg",987,555,false],"morenews-large":["https:\/\/opinionpublica.com.ar\/index\/wp-content\/uploads\/2026\/01\/141225dantegebelcedocg-2153030-825x555.jpg",825,555,true],"morenews-medium":["https:\/\/opinionpublica.com.ar\/index\/wp-content\/uploads\/2026\/01\/141225dantegebelcedocg-2153030-590x410.jpg",590,410,true]},"author_info":{"display_name":"Hal","author_link":"https:\/\/opinionpublica.com.ar\/index\/author\/hal\/"},"category_info":"<a href=\"https:\/\/opinionpublica.com.ar\/index\/category\/nacionales\/\" rel=\"category tag\">Nacionales<\/a> <a href=\"https:\/\/opinionpublica.com.ar\/index\/category\/politica\/\" rel=\"category tag\">Politica<\/a>","tag_info":"Politica","comment_count":"0","_links":{"self":[{"href":"https:\/\/opinionpublica.com.ar\/index\/wp-json\/wp\/v2\/posts\/12123","targetHints":{"allow":["GET"]}}],"collection":[{"href":"https:\/\/opinionpublica.com.ar\/index\/wp-json\/wp\/v2\/posts"}],"about":[{"href":"https:\/\/opinionpublica.com.ar\/index\/wp-json\/wp\/v2\/types\/post"}],"author":[{"embeddable":true,"href":"https:\/\/opinionpublica.com.ar\/index\/wp-json\/wp\/v2\/users\/5"}],"replies":[{"embeddable":true,"href":"https:\/\/opinionpublica.com.ar\/index\/wp-json\/wp\/v2\/comments?post=12123"}],"version-history":[{"count":1,"href":"https:\/\/opinionpublica.com.ar\/index\/wp-json\/wp\/v2\/posts\/12123\/revisions"}],"predecessor-version":[{"id":12125,"href":"https:\/\/opinionpublica.com.ar\/index\/wp-json\/wp\/v2\/posts\/12123\/revisions\/12125"}],"wp:featuredmedia":[{"embeddable":true,"href":"https:\/\/opinionpublica.com.ar\/index\/wp-json\/wp\/v2\/media\/12124"}],"wp:attachment":[{"href":"https:\/\/opinionpublica.com.ar\/index\/wp-json\/wp\/v2\/media?parent=12123"}],"wp:term":[{"taxonomy":"category","embeddable":true,"href":"https:\/\/opinionpublica.com.ar\/index\/wp-json\/wp\/v2\/categories?post=12123"},{"taxonomy":"post_tag","embeddable":true,"href":"https:\/\/opinionpublica.com.ar\/index\/wp-json\/wp\/v2\/tags?post=12123"}],"curies":[{"name":"wp","href":"https:\/\/api.w.org\/{rel}","templated":true}]}}