{"id":12126,"date":"2026-01-09T11:09:52","date_gmt":"2026-01-09T14:09:52","guid":{"rendered":"https:\/\/opinionpublica.com.ar\/index\/?p=12126"},"modified":"2026-01-09T11:09:52","modified_gmt":"2026-01-09T14:09:52","slug":"espeche-cuestiona-la-politica-turistica-del-municipio","status":"publish","type":"post","link":"https:\/\/opinionpublica.com.ar\/index\/espeche-cuestiona-la-politica-turistica-del-municipio\/","title":{"rendered":"Espeche cuestiona la pol\u00edtica tur\u00edstica del Municipio"},"content":{"rendered":"<h3>Espeche cuestiona la pol\u00edtica tur\u00edstica del Municipio<\/h3>\n<p>Concejal denuncia \u201cfalta de coordinaci\u00f3n, desinformaci\u00f3n al visitante y ausencia de una estrategia integral en Ushuaia\u201d.<\/p>\n<p><a href=\"https:\/\/opinionpublica.com.ar\/index\/wp-content\/uploads\/2024\/11\/WhatsApp-Image-2024-06-07-at-7.40.46-PM-Vladimir-Espeche.jpeg\"><img fetchpriority=\"high\" decoding=\"async\" class=\"alignnone size-full wp-image-6912\" src=\"https:\/\/opinionpublica.com.ar\/index\/wp-content\/uploads\/2024\/11\/WhatsApp-Image-2024-06-07-at-7.40.46-PM-Vladimir-Espeche.jpeg\" alt=\"\" width=\"1280\" height=\"1076\" srcset=\"https:\/\/opinionpublica.com.ar\/index\/wp-content\/uploads\/2024\/11\/WhatsApp-Image-2024-06-07-at-7.40.46-PM-Vladimir-Espeche.jpeg 1280w, https:\/\/opinionpublica.com.ar\/index\/wp-content\/uploads\/2024\/11\/WhatsApp-Image-2024-06-07-at-7.40.46-PM-Vladimir-Espeche-300x252.jpeg 300w, https:\/\/opinionpublica.com.ar\/index\/wp-content\/uploads\/2024\/11\/WhatsApp-Image-2024-06-07-at-7.40.46-PM-Vladimir-Espeche-1024x861.jpeg 1024w, https:\/\/opinionpublica.com.ar\/index\/wp-content\/uploads\/2024\/11\/WhatsApp-Image-2024-06-07-at-7.40.46-PM-Vladimir-Espeche-768x646.jpeg 768w\" sizes=\"(max-width: 1280px) 100vw, 1280px\" \/><\/a><\/p>\n<p>El edil del MPF cuestion\u00f3 adem\u00e1s el funcionamiento del \u00e1rea tur\u00edstica municipal y reclam\u00f3 una pol\u00edtica conjunta con el IN.FUE.TUR \u201cpara evitar p\u00e9rdida de oportunidades econ\u00f3micas y deterioro del destino\u201d.<\/p>\n<p>&nbsp;<\/p>\n<p>El concejal del Movimiento Popular Fueguino advirti\u00f3 sobre falencias \u201cen la informaci\u00f3n al visitante, la falta de articulaci\u00f3n entre organismos y la necesidad de una estrategia inclusiva que fortalezca el turismo durante todo el a\u00f1o\u201d.<\/p>\n<p>&nbsp;<\/p>\n<p>El edil mopofista Vladimir Espeche sostuvo que la ciudad proyecta una imagen internacional que no siempre se condice con la experiencia real de quienes la visitan y reclam\u00f3 un trabajo conjunto entre el Municipio, la Provincia y el sector tur\u00edstico.<\/p>\n<p>&nbsp;<\/p>\n<p>El concejal expres\u00f3 duras cr\u00edticas a la pol\u00edtica tur\u00edstica que lleva adelante el Municipio y reclam\u00f3 avanzar con urgencia en una estrategia \u201cm\u00e1s coordinada, inclusiva y planificada para fortalecer el destino Ushuaia\u201d.<\/p>\n<p>&nbsp;<\/p>\n<p>El edil advirti\u00f3 que existen \u201cfalencias concretas\u201d en la forma en que la ciudad recibe y acompa\u00f1a tanto a los visitantes como a los propios residentes que practican actividades tur\u00edsticas durante todo el a\u00f1o. En ese marco, sostuvo que la imagen internacional de Ushuaia como destino de naturaleza, aventura y monta\u00f1a no siempre se refleja en la experiencia real de quienes llegan a la ciudad.<\/p>\n<p>&nbsp;<\/p>\n<p>\u201cEn el ingreso a Ushuaia no hay informaci\u00f3n tur\u00edstica adecuada ni un sistema de asesoramiento integral, accesible e inclusivo. Eso genera desorientaci\u00f3n y una primera impresi\u00f3n que no est\u00e1 a la altura del destino que decimos ser\u201d, se\u00f1al\u00f3 Espeche.<\/p>\n<p>&nbsp;<\/p>\n<p>Uno de los principales cuestionamientos apunt\u00f3 a la falta de articulaci\u00f3n entre el Instituto Fueguino de Turismo \u2013 INFUETUR \u2013 y la Secretar\u00eda de Turismo municipal. Seg\u00fan el concejal, esa descoordinaci\u00f3n deriva en desinformaci\u00f3n, desorganizaci\u00f3n y p\u00e9rdida de oportunidades, tanto para los turistas como para los fueguinos que realizan actividades de monta\u00f1a, senderismo y turismo de aventura.<\/p>\n<p>&nbsp;<\/p>\n<p>\u201cEl turismo de aventura crece de manera sostenida y genera empleo, recursos econ\u00f3micos y desarrollo. Sin embargo, no se est\u00e1 trabajando con una l\u00f3gica de retenci\u00f3n del visitante ni de fortalecimiento del p\u00fablico local, que es fundamental para sostener la actividad durante todo el a\u00f1o\u201d, afirm\u00f3.<\/p>\n<p>&nbsp;<\/p>\n<p>Espeche tambi\u00e9n remarc\u00f3 la necesidad de construir una pol\u00edtica tur\u00edstica m\u00e1s inclusiva, que contemple distintos perfiles de visitantes y residentes, con informaci\u00f3n clara, orientaci\u00f3n responsable y un v\u00ednculo permanente con gu\u00edas de monta\u00f1a y trabajadores del sector.<\/p>\n<p>&nbsp;<\/p>\n<p>Finalmente, plante\u00f3 que Ushuaia \u201cdebe pensarse como parte de un destino tur\u00edstico provincial integrado, articulando pol\u00edticas y propuestas con Tolhuin y R\u00edo Grande. El trabajo conjunto permitir\u00eda ampliar la oferta, diversificar experiencias y consolidar a Tierra del Fuego como un destino integral, sostenible y con mayor capacidad de permanencia\u201d, concluy\u00f3.<\/p>\n<p>&nbsp;<\/p>\n","protected":false},"excerpt":{"rendered":"<p>Espeche cuestiona la pol\u00edtica tur\u00edstica del Municipio Concejal denuncia \u201cfalta de coordinaci\u00f3n, desinformaci\u00f3n al visitante y ausencia de<\/p>\n","protected":false},"author":5,"featured_media":6913,"comment_status":"open","ping_status":"open","sticky":false,"template":"","format":"standard","meta":{"footnotes":""},"categories":[23,21],"tags":[19,2657],"class_list":["post-12126","post","type-post","status-publish","format-standard","has-post-thumbnail","hentry","category-turismo","category-ushuaia","tag-turismo","tag-vladimir-espeche"],"featured_image_urls":{"full":["https:\/\/opinionpublica.com.ar\/index\/wp-content\/uploads\/2024\/11\/GRL84LSXcAACt5-Vladimir-Espeche.jpg",1600,1600,false],"thumbnail":["https:\/\/opinionpublica.com.ar\/index\/wp-content\/uploads\/2024\/11\/GRL84LSXcAACt5-Vladimir-Espeche-150x150.jpg",150,150,true],"medium":["https:\/\/opinionpublica.com.ar\/index\/wp-content\/uploads\/2024\/11\/GRL84LSXcAACt5-Vladimir-Espeche-300x300.jpg",300,300,true],"medium_large":["https:\/\/opinionpublica.com.ar\/index\/wp-content\/uploads\/2024\/11\/GRL84LSXcAACt5-Vladimir-Espeche-768x768.jpg",640,640,true],"large":["https:\/\/opinionpublica.com.ar\/index\/wp-content\/uploads\/2024\/11\/GRL84LSXcAACt5-Vladimir-Espeche-1024x1024.jpg",640,640,true],"1536x1536":["https:\/\/opinionpublica.com.ar\/index\/wp-content\/uploads\/2024\/11\/GRL84LSXcAACt5-Vladimir-Espeche-1536x1536.jpg",1536,1536,true],"2048x2048":["https:\/\/opinionpublica.com.ar\/index\/wp-content\/uploads\/2024\/11\/GRL84LSXcAACt5-Vladimir-Espeche.jpg",1600,1600,false],"morenews-large":["https:\/\/opinionpublica.com.ar\/index\/wp-content\/uploads\/2024\/11\/GRL84LSXcAACt5-Vladimir-Espeche-825x575.jpg",825,575,true],"morenews-medium":["https:\/\/opinionpublica.com.ar\/index\/wp-content\/uploads\/2024\/11\/GRL84LSXcAACt5-Vladimir-Espeche-590x410.jpg",590,410,true]},"author_info":{"display_name":"Hal","author_link":"https:\/\/opinionpublica.com.ar\/index\/author\/hal\/"},"category_info":"<a href=\"https:\/\/opinionpublica.com.ar\/index\/category\/turismo\/\" rel=\"category tag\">Turismo<\/a> <a href=\"https:\/\/opinionpublica.com.ar\/index\/category\/ushuaia\/\" rel=\"category tag\">Ushuaia<\/a>","tag_info":"Ushuaia","comment_count":"0","_links":{"self":[{"href":"https:\/\/opinionpublica.com.ar\/index\/wp-json\/wp\/v2\/posts\/12126","targetHints":{"allow":["GET"]}}],"collection":[{"href":"https:\/\/opinionpublica.com.ar\/index\/wp-json\/wp\/v2\/posts"}],"about":[{"href":"https:\/\/opinionpublica.com.ar\/index\/wp-json\/wp\/v2\/types\/post"}],"author":[{"embeddable":true,"href":"https:\/\/opinionpublica.com.ar\/index\/wp-json\/wp\/v2\/users\/5"}],"replies":[{"embeddable":true,"href":"https:\/\/opinionpublica.com.ar\/index\/wp-json\/wp\/v2\/comments?post=12126"}],"version-history":[{"count":1,"href":"https:\/\/opinionpublica.com.ar\/index\/wp-json\/wp\/v2\/posts\/12126\/revisions"}],"predecessor-version":[{"id":12127,"href":"https:\/\/opinionpublica.com.ar\/index\/wp-json\/wp\/v2\/posts\/12126\/revisions\/12127"}],"wp:featuredmedia":[{"embeddable":true,"href":"https:\/\/opinionpublica.com.ar\/index\/wp-json\/wp\/v2\/media\/6913"}],"wp:attachment":[{"href":"https:\/\/opinionpublica.com.ar\/index\/wp-json\/wp\/v2\/media?parent=12126"}],"wp:term":[{"taxonomy":"category","embeddable":true,"href":"https:\/\/opinionpublica.com.ar\/index\/wp-json\/wp\/v2\/categories?post=12126"},{"taxonomy":"post_tag","embeddable":true,"href":"https:\/\/opinionpublica.com.ar\/index\/wp-json\/wp\/v2\/tags?post=12126"}],"curies":[{"name":"wp","href":"https:\/\/api.w.org\/{rel}","templated":true}]}}