{"id":12128,"date":"2026-01-09T11:17:10","date_gmt":"2026-01-09T14:17:10","guid":{"rendered":"https:\/\/opinionpublica.com.ar\/index\/?p=12128"},"modified":"2026-01-09T11:17:10","modified_gmt":"2026-01-09T14:17:10","slug":"casi-8-de-cada-10-argentinos-siente-que-su-salario-pierde-contra-la-inflacion","status":"publish","type":"post","link":"https:\/\/opinionpublica.com.ar\/index\/casi-8-de-cada-10-argentinos-siente-que-su-salario-pierde-contra-la-inflacion\/","title":{"rendered":"Casi 8 de cada 10 argentinos siente que su salario pierde contra la inflaci\u00f3n"},"content":{"rendered":"<h3>Casi 8 de cada 10 argentinos siente que su salario pierde contra la inflaci\u00f3n, seg\u00fan una encuesta<\/h3>\n<p>El 64% de los encuestados se identifica como clase media baja o baja. Adem\u00e1s, el 40% asegura que no se toma vacaciones por falta de recursos.<\/p>\n<p><a href=\"https:\/\/opinionpublica.com.ar\/index\/wp-content\/uploads\/2025\/01\/inflacion-y-dolarjpg.webp\"><img fetchpriority=\"high\" decoding=\"async\" class=\"alignnone size-full wp-image-8068\" src=\"https:\/\/opinionpublica.com.ar\/index\/wp-content\/uploads\/2025\/01\/inflacion-y-dolarjpg.webp\" alt=\"\" width=\"655\" height=\"368\" srcset=\"https:\/\/opinionpublica.com.ar\/index\/wp-content\/uploads\/2025\/01\/inflacion-y-dolarjpg.webp 655w, https:\/\/opinionpublica.com.ar\/index\/wp-content\/uploads\/2025\/01\/inflacion-y-dolarjpg-300x169.webp 300w\" sizes=\"(max-width: 655px) 100vw, 655px\" \/><\/a><\/p>\n<p>Casi 8 de cada 10 argentinos perciben que sus ingresos no acompa\u00f1aron el aumento de la inflaci\u00f3n registrado en los \u00faltimos meses y casi el 40% declar\u00f3 que no cuenta con recursos suficientes para tomarse vacaciones, seg\u00fan un estudio privado.<\/p>\n<p>&nbsp;<\/p>\n<p>Los datos surgen del Monitor de Opini\u00f3n P\u00fablica (MOP) elaborado por Zentrix Consultora. Esta encuesta determin\u00f3 que el 77,6% de los ciudadanos \u201cafirma que su salario perdi\u00f3 frente a la inflaci\u00f3n y ese deterioro se refleja directamente en la autopercepci\u00f3n social: el 64% de la poblaci\u00f3n se identifica hoy como clase media baja o baja, evidenciando la presi\u00f3n sostenida sobre los ingresos reales a lo largo del a\u00f1o\u00bb.<\/p>\n<p>&nbsp;<\/p>\n<p>La evaluaci\u00f3n que la poblaci\u00f3n hace sobre la econom\u00eda nacional muestra diferencias respecto a la percepci\u00f3n de la situaci\u00f3n individual. El 55,3% considera la coyuntura econ\u00f3mica del pa\u00eds menos favorable que su experiencia personal.<\/p>\n<p>&nbsp;<\/p>\n<p><strong>Inflaci\u00f3n vs. salarios<\/strong><\/p>\n<p>En el plano institucional, la confianza en los datos oficiales del Instituto Nacional de Estad\u00edstica y Censos (Indec) registr\u00f3 una baja en diciembre, en medio de debates sobre el Estimador Mensual de Actividad Econ\u00f3mica (EMAE) que se dieron entre los economistas luego de que se realizar\u00e1 una correcci\u00f3n al alza de algunas mediciones pasadas. En efecto, el 59,7% de los encuestados expres\u00f3 que no se siente reflejado en el \u00edndice de inflaci\u00f3n difundido por el organismo estad\u00edstico.<\/p>\n<p>&nbsp;<\/p>\n<p>Cabe destacar que a partir de enero de 2026, el Indec pondr\u00e1 en marcha un nuevo sistema para calcular el \u00cdndice de Precios al Consumidor (IPC). La actualizaci\u00f3n incluir\u00e1 modificaciones en la canasta de bienes y servicios y en las categor\u00edas del \u00edndice de precios al consumidor, con el prop\u00f3sito de reflejar los h\u00e1bitos de consumo m\u00e1s actuales de la poblaci\u00f3n.<\/p>\n<p>&nbsp;<\/p>\n<p>La entidad explic\u00f3 que la revisi\u00f3n apunta a alinear el indicador con los est\u00e1ndares internacionales y con las pautas de consumo de los hogares en Argentina. El nuevo procedimiento se aplicar\u00e1 a los datos de enero de 2026, que se informar\u00e1n en febrero. En cambio, la inflaci\u00f3n de diciembre de 2025, que se difundir\u00e1 en el 13 de enero, continuar\u00e1 elabor\u00e1ndose bajo la metodolog\u00eda actual.<\/p>\n<p>&nbsp;<\/p>\n<p>Por otra parte, el sondeo de Zentrix evidenci\u00f3 que los h\u00e1bitos de consumo durante las fiestas de fin de a\u00f1o muestran cambios respecto a a\u00f1os anteriores. El 48,5% de quienes participaron en la encuesta anticip\u00f3 que iba a gastar menos que el a\u00f1o pasado, en un contexto donde el poder adquisitivo present\u00f3 variaciones durante 2025. Las celebraciones de Navidad y A\u00f1o Nuevo reflejaron estas modificaciones en las costumbres: algunos hogares optaron por una menor cantidad de productos o realizaron sustituciones en sus compras.<\/p>\n<p>&nbsp;<\/p>\n<p><strong>Vacaciones y falta de recursos<\/strong><\/p>\n<p>En relaci\u00f3n al verano y el momento de descanso, el 39,3% manifest\u00f3 no disponer de recursos suficientes para viajar en esta temporada. Entre quienes s\u00ed planean tomarse vacaciones, se observa una preferencia por estad\u00edas breves o destinos cercanos, adaptando sus elecciones a la su situaci\u00f3n personal.<\/p>\n<p>&nbsp;<\/p>\n<p>\u201cCon salarios que no alcanzan y precios percibidos como desalineados, el cierre del a\u00f1o encuentra a una porci\u00f3n creciente de la poblaci\u00f3n ajustando consumos, postergando gastos y enfrentando mayores dificultades para llegar a fin de mes, en un clima generalizado de incertidumbre econ\u00f3mica\u201d, detalla el reporte.<\/p>\n<p>&nbsp;<\/p>\n<p>Respecto a las vacaciones, otro relevamiento de Bumeran mostr\u00f3 que el 46% de las personas que trabajan en Argentina no se tom\u00f3 d\u00edas de descanso. La principal raz\u00f3n fue la falta de recursos, aunque tambi\u00e9n influyeron el cambio de empleo (21%), prioridades personales o laborales (12%) y motivos variados como problemas de salud, cuestiones de tiempo, organizaci\u00f3n o la decisi\u00f3n de quedarse en casa (11%).<\/p>\n<p>&nbsp;<\/p>\n<p>Frente a la dificultad para acceder a d\u00edas de descanso, muchos empleados manifiestan inter\u00e9s en otras formas de compensaci\u00f3n. El 29% expres\u00f3 preferencia por una reducci\u00f3n en la jornada laboral antes que por vacaciones, mientras que el 22% eligi\u00f3 distintos beneficios en lugar de un per\u00edodo de descanso. Dentro de esas alternativas, el 44% prioriz\u00f3 un salario competitivo, el 21% opt\u00f3 por el trabajo remoto, el 15% valor\u00f3 incentivos econ\u00f3micos extra, el 10% mencion\u00f3 la flexibilidad horaria y el 6% seleccion\u00f3 d\u00edas libres ocasionales. El resto se inclin\u00f3 por otras opciones.<\/p>\n<p>&nbsp;<\/p>\n","protected":false},"excerpt":{"rendered":"<p>Casi 8 de cada 10 argentinos siente que su salario pierde contra la inflaci\u00f3n, seg\u00fan una encuesta El<\/p>\n","protected":false},"author":5,"featured_media":10322,"comment_status":"open","ping_status":"open","sticky":false,"template":"","format":"standard","meta":{"footnotes":""},"categories":[29],"tags":[12,362],"class_list":["post-12128","post","type-post","status-publish","format-standard","has-post-thumbnail","hentry","category-interes-general","tag-economia","tag-inflacion"],"featured_image_urls":{"full":["https:\/\/opinionpublica.com.ar\/index\/wp-content\/uploads\/2025\/07\/pesos-salarios-paritarias-inflacion.jpg",1200,675,false],"thumbnail":["https:\/\/opinionpublica.com.ar\/index\/wp-content\/uploads\/2025\/07\/pesos-salarios-paritarias-inflacion-150x150.jpg",150,150,true],"medium":["https:\/\/opinionpublica.com.ar\/index\/wp-content\/uploads\/2025\/07\/pesos-salarios-paritarias-inflacion-300x169.jpg",300,169,true],"medium_large":["https:\/\/opinionpublica.com.ar\/index\/wp-content\/uploads\/2025\/07\/pesos-salarios-paritarias-inflacion-768x432.jpg",640,360,true],"large":["https:\/\/opinionpublica.com.ar\/index\/wp-content\/uploads\/2025\/07\/pesos-salarios-paritarias-inflacion-1024x576.jpg",640,360,true],"1536x1536":["https:\/\/opinionpublica.com.ar\/index\/wp-content\/uploads\/2025\/07\/pesos-salarios-paritarias-inflacion.jpg",1200,675,false],"2048x2048":["https:\/\/opinionpublica.com.ar\/index\/wp-content\/uploads\/2025\/07\/pesos-salarios-paritarias-inflacion.jpg",1200,675,false],"morenews-large":["https:\/\/opinionpublica.com.ar\/index\/wp-content\/uploads\/2025\/07\/pesos-salarios-paritarias-inflacion-825x575.jpg",825,575,true],"morenews-medium":["https:\/\/opinionpublica.com.ar\/index\/wp-content\/uploads\/2025\/07\/pesos-salarios-paritarias-inflacion-590x410.jpg",590,410,true]},"author_info":{"display_name":"Hal","author_link":"https:\/\/opinionpublica.com.ar\/index\/author\/hal\/"},"category_info":"<a href=\"https:\/\/opinionpublica.com.ar\/index\/category\/interes-general\/\" rel=\"category tag\">Interes General<\/a>","tag_info":"Interes General","comment_count":"0","_links":{"self":[{"href":"https:\/\/opinionpublica.com.ar\/index\/wp-json\/wp\/v2\/posts\/12128","targetHints":{"allow":["GET"]}}],"collection":[{"href":"https:\/\/opinionpublica.com.ar\/index\/wp-json\/wp\/v2\/posts"}],"about":[{"href":"https:\/\/opinionpublica.com.ar\/index\/wp-json\/wp\/v2\/types\/post"}],"author":[{"embeddable":true,"href":"https:\/\/opinionpublica.com.ar\/index\/wp-json\/wp\/v2\/users\/5"}],"replies":[{"embeddable":true,"href":"https:\/\/opinionpublica.com.ar\/index\/wp-json\/wp\/v2\/comments?post=12128"}],"version-history":[{"count":1,"href":"https:\/\/opinionpublica.com.ar\/index\/wp-json\/wp\/v2\/posts\/12128\/revisions"}],"predecessor-version":[{"id":12129,"href":"https:\/\/opinionpublica.com.ar\/index\/wp-json\/wp\/v2\/posts\/12128\/revisions\/12129"}],"wp:featuredmedia":[{"embeddable":true,"href":"https:\/\/opinionpublica.com.ar\/index\/wp-json\/wp\/v2\/media\/10322"}],"wp:attachment":[{"href":"https:\/\/opinionpublica.com.ar\/index\/wp-json\/wp\/v2\/media?parent=12128"}],"wp:term":[{"taxonomy":"category","embeddable":true,"href":"https:\/\/opinionpublica.com.ar\/index\/wp-json\/wp\/v2\/categories?post=12128"},{"taxonomy":"post_tag","embeddable":true,"href":"https:\/\/opinionpublica.com.ar\/index\/wp-json\/wp\/v2\/tags?post=12128"}],"curies":[{"name":"wp","href":"https:\/\/api.w.org\/{rel}","templated":true}]}}