{"id":12130,"date":"2026-01-09T11:27:33","date_gmt":"2026-01-09T14:27:33","guid":{"rendered":"https:\/\/opinionpublica.com.ar\/index\/?p=12130"},"modified":"2026-01-09T11:27:33","modified_gmt":"2026-01-09T14:27:33","slug":"reduccion-de-aranceles-esta-politica-va-en-contra-de-la-produccion-nacional-advirtio-linares","status":"publish","type":"post","link":"https:\/\/opinionpublica.com.ar\/index\/reduccion-de-aranceles-esta-politica-va-en-contra-de-la-produccion-nacional-advirtio-linares\/","title":{"rendered":"Reducci\u00f3n de aranceles: \u00abEsta pol\u00edtica va en contra de la producci\u00f3n nacional\u00bb, advirti\u00f3 Linares"},"content":{"rendered":"<h3>Reducci\u00f3n de aranceles: \u00abEsta pol\u00edtica va en contra de la producci\u00f3n nacional\u00bb, advirti\u00f3 Linares<\/h3>\n<p><a href=\"https:\/\/opinionpublica.com.ar\/index\/wp-content\/uploads\/2026\/01\/multimedia.normal.a560ba2c47d72da0.bm9ybWFsLndlYnA.webp\"><img fetchpriority=\"high\" decoding=\"async\" class=\"alignnone size-full wp-image-12131\" src=\"https:\/\/opinionpublica.com.ar\/index\/wp-content\/uploads\/2026\/01\/multimedia.normal.a560ba2c47d72da0.bm9ybWFsLndlYnA.webp\" alt=\"\" width=\"880\" height=\"512\" srcset=\"https:\/\/opinionpublica.com.ar\/index\/wp-content\/uploads\/2026\/01\/multimedia.normal.a560ba2c47d72da0.bm9ybWFsLndlYnA.webp 880w, https:\/\/opinionpublica.com.ar\/index\/wp-content\/uploads\/2026\/01\/multimedia.normal.a560ba2c47d72da0.bm9ybWFsLndlYnA-300x175.webp 300w, https:\/\/opinionpublica.com.ar\/index\/wp-content\/uploads\/2026\/01\/multimedia.normal.a560ba2c47d72da0.bm9ybWFsLndlYnA-768x447.webp 768w\" sizes=\"(max-width: 880px) 100vw, 880px\" \/><\/a><\/p>\n<p>El tesorero de la Uni\u00f3n Obrera Metal\u00fargica (UOM), Marcos Linares, manifest\u00f3 su preocupaci\u00f3n e incertidumbre ante la inminente reducci\u00f3n de aranceles a la importaci\u00f3n, una medida anunciada por el Gobierno nacional en 2025 que entrar\u00e1 en vigencia el pr\u00f3ximo 15 de enero.<\/p>\n<p>&nbsp;<\/p>\n<p>En di\u00e1logo con Aire Libre FM, Linares advirti\u00f3 que \u201cesta pol\u00edtica va en contra de la producci\u00f3n nacional y va a afectar a todos los sectores\u201d, y remarc\u00f3 que el impacto podr\u00eda sentirse con fuerza en la industria local.<\/p>\n<p>&nbsp;<\/p>\n<p>\u201cEl pa\u00eds atraviesa un contexto complejo, donde la apertura de importaciones golpe\u00f3 muy fuerte a la industria nacional. Una baja de aranceles puede comprometer la estabilidad laboral de los trabajadores y desde la UOM es un tema que debemos tratar\u201d, se\u00f1al\u00f3 el dirigente sindical.<\/p>\n<p>&nbsp;<\/p>\n<p>Asimismo, indic\u00f3 que actualmente existe una mesa de di\u00e1logo con empresarios y funcionarios, aunque reconoci\u00f3 que la incertidumbre sigue siendo muy alta frente al escenario que se avecina.<\/p>\n<p>&nbsp;<\/p>\n<p>Por \u00faltimo, Linares record\u00f3 que entre el 19 y 20 de enero los trabajadores de las f\u00e1bricas deber\u00edan retomar sus puestos laborales, aunque sostuvo que a\u00fan se aguarda que desde el sindicato se logren garant\u00edas sobre la estabilidad laboral del sector.<\/p>\n<p>&nbsp;<\/p>\n","protected":false},"excerpt":{"rendered":"<p>Reducci\u00f3n de aranceles: \u00abEsta pol\u00edtica va en contra de la producci\u00f3n nacional\u00bb, advirti\u00f3 Linares El tesorero de la<\/p>\n","protected":false},"author":5,"featured_media":12132,"comment_status":"open","ping_status":"open","sticky":false,"template":"","format":"standard","meta":{"footnotes":""},"categories":[2],"tags":[4081,350],"class_list":["post-12130","post","type-post","status-publish","format-standard","has-post-thumbnail","hentry","category-tierra-del-fuego","tag-marcos-linares","tag-uom"],"featured_image_urls":{"full":["https:\/\/opinionpublica.com.ar\/index\/wp-content\/uploads\/2026\/01\/20250714132214_marcos.jpg",380,212,false],"thumbnail":["https:\/\/opinionpublica.com.ar\/index\/wp-content\/uploads\/2026\/01\/20250714132214_marcos-150x150.jpg",150,150,true],"medium":["https:\/\/opinionpublica.com.ar\/index\/wp-content\/uploads\/2026\/01\/20250714132214_marcos-300x167.jpg",300,167,true],"medium_large":["https:\/\/opinionpublica.com.ar\/index\/wp-content\/uploads\/2026\/01\/20250714132214_marcos.jpg",380,212,false],"large":["https:\/\/opinionpublica.com.ar\/index\/wp-content\/uploads\/2026\/01\/20250714132214_marcos.jpg",380,212,false],"1536x1536":["https:\/\/opinionpublica.com.ar\/index\/wp-content\/uploads\/2026\/01\/20250714132214_marcos.jpg",380,212,false],"2048x2048":["https:\/\/opinionpublica.com.ar\/index\/wp-content\/uploads\/2026\/01\/20250714132214_marcos.jpg",380,212,false],"morenews-large":["https:\/\/opinionpublica.com.ar\/index\/wp-content\/uploads\/2026\/01\/20250714132214_marcos.jpg",380,212,false],"morenews-medium":["https:\/\/opinionpublica.com.ar\/index\/wp-content\/uploads\/2026\/01\/20250714132214_marcos.jpg",380,212,false]},"author_info":{"display_name":"Hal","author_link":"https:\/\/opinionpublica.com.ar\/index\/author\/hal\/"},"category_info":"<a href=\"https:\/\/opinionpublica.com.ar\/index\/category\/tierra-del-fuego\/\" rel=\"category tag\">Tierra del Fuego<\/a>","tag_info":"Tierra del Fuego","comment_count":"0","_links":{"self":[{"href":"https:\/\/opinionpublica.com.ar\/index\/wp-json\/wp\/v2\/posts\/12130","targetHints":{"allow":["GET"]}}],"collection":[{"href":"https:\/\/opinionpublica.com.ar\/index\/wp-json\/wp\/v2\/posts"}],"about":[{"href":"https:\/\/opinionpublica.com.ar\/index\/wp-json\/wp\/v2\/types\/post"}],"author":[{"embeddable":true,"href":"https:\/\/opinionpublica.com.ar\/index\/wp-json\/wp\/v2\/users\/5"}],"replies":[{"embeddable":true,"href":"https:\/\/opinionpublica.com.ar\/index\/wp-json\/wp\/v2\/comments?post=12130"}],"version-history":[{"count":1,"href":"https:\/\/opinionpublica.com.ar\/index\/wp-json\/wp\/v2\/posts\/12130\/revisions"}],"predecessor-version":[{"id":12133,"href":"https:\/\/opinionpublica.com.ar\/index\/wp-json\/wp\/v2\/posts\/12130\/revisions\/12133"}],"wp:featuredmedia":[{"embeddable":true,"href":"https:\/\/opinionpublica.com.ar\/index\/wp-json\/wp\/v2\/media\/12132"}],"wp:attachment":[{"href":"https:\/\/opinionpublica.com.ar\/index\/wp-json\/wp\/v2\/media?parent=12130"}],"wp:term":[{"taxonomy":"category","embeddable":true,"href":"https:\/\/opinionpublica.com.ar\/index\/wp-json\/wp\/v2\/categories?post=12130"},{"taxonomy":"post_tag","embeddable":true,"href":"https:\/\/opinionpublica.com.ar\/index\/wp-json\/wp\/v2\/tags?post=12130"}],"curies":[{"name":"wp","href":"https:\/\/api.w.org\/{rel}","templated":true}]}}