{"id":12134,"date":"2026-01-09T11:37:54","date_gmt":"2026-01-09T14:37:54","guid":{"rendered":"https:\/\/opinionpublica.com.ar\/index\/?p=12134"},"modified":"2026-01-09T11:37:54","modified_gmt":"2026-01-09T14:37:54","slug":"el-gobierno-paga-vencimientos-de-deuda-por-us4-300-millones","status":"publish","type":"post","link":"https:\/\/opinionpublica.com.ar\/index\/el-gobierno-paga-vencimientos-de-deuda-por-us4-300-millones\/","title":{"rendered":"El Gobierno paga vencimientos de deuda por u$s4.300 millones"},"content":{"rendered":"<h3>El Gobierno paga vencimientos de deuda por u$s4.300 millones: c\u00f3mo consigui\u00f3 los fondos<\/h3>\n<p><a href=\"https:\/\/opinionpublica.com.ar\/index\/wp-content\/uploads\/2025\/01\/Revista-Puerto-Jorge-Macri-Luis-Caputo-Javier-Milei.jpg\"><img fetchpriority=\"high\" decoding=\"async\" class=\"alignnone size-full wp-image-8457\" src=\"https:\/\/opinionpublica.com.ar\/index\/wp-content\/uploads\/2025\/01\/Revista-Puerto-Jorge-Macri-Luis-Caputo-Javier-Milei.jpg\" alt=\"\" width=\"760\" height=\"507\" srcset=\"https:\/\/opinionpublica.com.ar\/index\/wp-content\/uploads\/2025\/01\/Revista-Puerto-Jorge-Macri-Luis-Caputo-Javier-Milei.jpg 760w, https:\/\/opinionpublica.com.ar\/index\/wp-content\/uploads\/2025\/01\/Revista-Puerto-Jorge-Macri-Luis-Caputo-Javier-Milei-300x200.jpg 300w\" sizes=\"(max-width: 760px) 100vw, 760px\" \/><\/a><\/p>\n<p>Tras el acuerdo con bancos por un nuevo pr\u00e9stamo REPO, el pago se realizar\u00e1 sin sobresaltos. Este jueves ya se giraron los fondos para los Globales, seg\u00fan indicaron fuentes oficiales.<\/p>\n<p>&nbsp;<\/p>\n<p>El Gobierno afrontar\u00e1 este viernes 9 de enero el primer gran desaf\u00edo que ten\u00eda en el a\u00f1o en materia de deuda, ya que vencen u$s4.300 millones en concepto de bonos Globales y Bonares. Salvo que ocurra algo sumamente inesperado, el pago a los bonistas se realizar\u00e1 sin sobresaltos, con los dep\u00f3sitos del Tesoro, el ingreso por la venta de represas y el REPO.<\/p>\n<p>&nbsp;<\/p>\n<p>Los dep\u00f3sitos del Tesoro en el Banco Central (BCRA) se ubicaban en u$s1.963 millones, seg\u00fan los \u00faltimos datos disponibles. Adem\u00e1s, recientemente ingresaron u$s700 millones por la venta de las represas del Comahue.<\/p>\n<p>&nbsp;<\/p>\n<p>Posteriormente, la autoridad monetaria acord\u00f3 un pase pasivo (REPO) con seis entidades financieras internacionales, por u$s3.000 millones, a un plazo de 372 d\u00edas, con lo cual el Gobierno complet\u00f3 de esta manera el pago del pasivo.<\/p>\n<p>&nbsp;<\/p>\n<p>El Central pagar\u00e1 una tasa de inter\u00e9s equivalente a la SOFR en d\u00f3lares estadounidenses m\u00e1s un spread promedio de 400 puntos b\u00e1sicos, lo que implica un costo financiero cercano al 7,4% anual.<\/p>\n<p>&nbsp;<\/p>\n<p>De acuerdo a un an\u00e1lisis de CEPEC, \u00abes mejor tasa que 2025 y 2024, lo que implica menor prima de riesgo, deuda m\u00e1s barata. Se\u00f1al de confianza financiera, pero sigue siendo un roll de liquidez, no un flujo aut\u00f3nomo de la balanza de pagos\u00bb.<\/p>\n<p>&nbsp;<\/p>\n<p>Este jueves ya se giraron los fondos para el pago de los Globales<\/p>\n<p>Este jueves, las reservas brutas internacionales escalaron m\u00e1s de u$s500 millones, a u$s44.781 millones. Seg\u00fan informaron fuentes oficiales a \u00c1mbito, la suba se explic\u00f3 por el ingreso del Repo, pero se le descont\u00f3 el giro de los fondos para el pago de los Globales.<\/p>\n<p>&nbsp;<\/p>\n<p>Seg\u00fan la Oficina de Presupuesto del Congreso (OPC), el pago de capital de los Globales es de u$s1.522 millones y los intereses por u$s1.042 millones. Tambi\u00e9n resta el pago de los Bonares que es de u$s1.187 millones de capital y u$s462 de intereses.<\/p>\n<p>&nbsp;<\/p>\n<p>Los Globales, seg\u00fan precis\u00f3 el economista Gabriel Caama\u00f1o, est\u00e1n depositados afuera, por lo que la plata se gira al exterior, mientras que los bonares que en su mayor\u00eda son locales y el pago queda en los encajes.<\/p>\n<p>&nbsp;<\/p>\n","protected":false},"excerpt":{"rendered":"<p>El Gobierno paga vencimientos de deuda por u$s4.300 millones: c\u00f3mo consigui\u00f3 los fondos Tras el acuerdo con bancos<\/p>\n","protected":false},"author":5,"featured_media":7615,"comment_status":"open","ping_status":"open","sticky":false,"template":"","format":"standard","meta":{"footnotes":""},"categories":[3],"tags":[113,574],"class_list":["post-12134","post","type-post","status-publish","format-standard","has-post-thumbnail","hentry","category-nacionales","tag-deuda","tag-dolar"],"featured_image_urls":{"full":["https:\/\/opinionpublica.com.ar\/index\/wp-content\/uploads\/2024\/12\/674f430d7b633_940_529-toto-caputo.jpg",940,529,false],"thumbnail":["https:\/\/opinionpublica.com.ar\/index\/wp-content\/uploads\/2024\/12\/674f430d7b633_940_529-toto-caputo-150x150.jpg",150,150,true],"medium":["https:\/\/opinionpublica.com.ar\/index\/wp-content\/uploads\/2024\/12\/674f430d7b633_940_529-toto-caputo-300x169.jpg",300,169,true],"medium_large":["https:\/\/opinionpublica.com.ar\/index\/wp-content\/uploads\/2024\/12\/674f430d7b633_940_529-toto-caputo-768x432.jpg",640,360,true],"large":["https:\/\/opinionpublica.com.ar\/index\/wp-content\/uploads\/2024\/12\/674f430d7b633_940_529-toto-caputo.jpg",640,360,false],"1536x1536":["https:\/\/opinionpublica.com.ar\/index\/wp-content\/uploads\/2024\/12\/674f430d7b633_940_529-toto-caputo.jpg",940,529,false],"2048x2048":["https:\/\/opinionpublica.com.ar\/index\/wp-content\/uploads\/2024\/12\/674f430d7b633_940_529-toto-caputo.jpg",940,529,false],"morenews-large":["https:\/\/opinionpublica.com.ar\/index\/wp-content\/uploads\/2024\/12\/674f430d7b633_940_529-toto-caputo-825x529.jpg",825,529,true],"morenews-medium":["https:\/\/opinionpublica.com.ar\/index\/wp-content\/uploads\/2024\/12\/674f430d7b633_940_529-toto-caputo-590x410.jpg",590,410,true]},"author_info":{"display_name":"Hal","author_link":"https:\/\/opinionpublica.com.ar\/index\/author\/hal\/"},"category_info":"<a href=\"https:\/\/opinionpublica.com.ar\/index\/category\/nacionales\/\" rel=\"category tag\">Nacionales<\/a>","tag_info":"Nacionales","comment_count":"0","_links":{"self":[{"href":"https:\/\/opinionpublica.com.ar\/index\/wp-json\/wp\/v2\/posts\/12134","targetHints":{"allow":["GET"]}}],"collection":[{"href":"https:\/\/opinionpublica.com.ar\/index\/wp-json\/wp\/v2\/posts"}],"about":[{"href":"https:\/\/opinionpublica.com.ar\/index\/wp-json\/wp\/v2\/types\/post"}],"author":[{"embeddable":true,"href":"https:\/\/opinionpublica.com.ar\/index\/wp-json\/wp\/v2\/users\/5"}],"replies":[{"embeddable":true,"href":"https:\/\/opinionpublica.com.ar\/index\/wp-json\/wp\/v2\/comments?post=12134"}],"version-history":[{"count":1,"href":"https:\/\/opinionpublica.com.ar\/index\/wp-json\/wp\/v2\/posts\/12134\/revisions"}],"predecessor-version":[{"id":12135,"href":"https:\/\/opinionpublica.com.ar\/index\/wp-json\/wp\/v2\/posts\/12134\/revisions\/12135"}],"wp:featuredmedia":[{"embeddable":true,"href":"https:\/\/opinionpublica.com.ar\/index\/wp-json\/wp\/v2\/media\/7615"}],"wp:attachment":[{"href":"https:\/\/opinionpublica.com.ar\/index\/wp-json\/wp\/v2\/media?parent=12134"}],"wp:term":[{"taxonomy":"category","embeddable":true,"href":"https:\/\/opinionpublica.com.ar\/index\/wp-json\/wp\/v2\/categories?post=12134"},{"taxonomy":"post_tag","embeddable":true,"href":"https:\/\/opinionpublica.com.ar\/index\/wp-json\/wp\/v2\/tags?post=12134"}],"curies":[{"name":"wp","href":"https:\/\/api.w.org\/{rel}","templated":true}]}}