{"id":12137,"date":"2026-01-12T10:55:11","date_gmt":"2026-01-12T13:55:11","guid":{"rendered":"https:\/\/opinionpublica.com.ar\/index\/?p=12137"},"modified":"2026-01-12T10:55:11","modified_gmt":"2026-01-12T13:55:11","slug":"el-consumo-no-repunta-y-los-bancos-estan-preparando-una-bateria-de-creditos-baratos","status":"publish","type":"post","link":"https:\/\/opinionpublica.com.ar\/index\/el-consumo-no-repunta-y-los-bancos-estan-preparando-una-bateria-de-creditos-baratos\/","title":{"rendered":"El consumo no repunta y los bancos est\u00e1n preparando una bater\u00eda de cr\u00e9ditos baratos"},"content":{"rendered":"<div id=\"ssrHeader\" data-server-rendered=\"true\">\n<div class=\"dolar-header\">\n<div class=\"item align-left\">\n<h3>El consumo no repunta y los bancos est\u00e1n preparando una bater\u00eda de cr\u00e9ditos baratos<\/h3>\n<\/div>\n<\/div>\n<\/div>\n<div id=\"app\" class=\"main-container article-container  economia\">\n<div class=\"block-container\">\n<div class=\"board board-article-content\">\n<div class=\"main-article\">\n<header class=\"article-top\">\n<div class=\"epigraph full padding-lr\">Siguen para abajo los cr\u00e9ditos bancarios, a pesar de la baja de las tasas de inter\u00e9s, y un sector econ\u00f3mico clave sufre nuevo golpe<\/div>\n<div class=\"category padding-lr\">\n<div class=\"breadcrumb\"><a href=\"https:\/\/opinionpublica.com.ar\/index\/wp-content\/uploads\/2024\/11\/tarjeta-de-credito_930x525__1.jpg\"><img fetchpriority=\"high\" decoding=\"async\" class=\"alignnone size-full wp-image-7261\" src=\"https:\/\/opinionpublica.com.ar\/index\/wp-content\/uploads\/2024\/11\/tarjeta-de-credito_930x525__1.jpg\" alt=\"\" width=\"930\" height=\"525\" srcset=\"https:\/\/opinionpublica.com.ar\/index\/wp-content\/uploads\/2024\/11\/tarjeta-de-credito_930x525__1.jpg 930w, https:\/\/opinionpublica.com.ar\/index\/wp-content\/uploads\/2024\/11\/tarjeta-de-credito_930x525__1-300x169.jpg 300w, https:\/\/opinionpublica.com.ar\/index\/wp-content\/uploads\/2024\/11\/tarjeta-de-credito_930x525__1-768x434.jpg 768w\" sizes=\"(max-width: 930px) 100vw, 930px\" \/><\/a><\/div>\n<\/div>\n<\/header>\n<div class=\"block-container\">\n<aside class=\"banner-horizontal\">\n<div id=\"ad-slot-horizontal1\" class=\"ad-slot-horizontal ad-slot\" data-collapse_unfilled=\"1\" data-adtype=\"horizontal\" data-google-query-id=\"COXUlvCQhpIDFWVu3QIdnr4NNQ\">\n<div id=\"google_ads_iframe_\/22138317629\/iprofesional_nota\/horizontal1_0__container__\"><\/div>\n<\/div>\n<\/aside>\n<\/div>\n<div class=\"article-content full padding-lr\">\n<p data-mrf-recirculation=\"Links art\u00edculo\">Los \u00faltimos registros de la econom\u00eda real\u00a0dan cuenta de\u00a0<strong>una actividad debilitada, que todav\u00eda no logra levantar la punter\u00eda.<\/strong><\/p>\n<p data-mrf-recirculation=\"Links art\u00edculo\">A pesar de la tranquilidad cambiaria y la incipiente reducci\u00f3n de las tasas de inter\u00e9s,\u00a0<strong>los cr\u00e9ditos para el consumo siguen en retroceso,<\/strong> y el nivel de consumo contin\u00faa siendo muy moderado.<\/p>\n<p data-mrf-recirculation=\"Links art\u00edculo\">La apuesta del Gobierno es, justamente, que\u00a0<strong>los bancos se pongan m\u00e1s activos y vuelvan a prestar a las familias.<\/strong>\u00a0Una din\u00e1mica que se detuvo a mediados del a\u00f1o en medio de la tensi\u00f3n financiera, la explosi\u00f3n de las tasas de inter\u00e9s y la p\u00e9rdida de poder adquisitivo de la poblaci\u00f3n.<\/p>\n<h2>El consumo, estancado pese a bajas tasas y menor inflaci\u00f3n<\/h2>\n<p data-mrf-recirculation=\"Links art\u00edculo\">Los primeros datos conocidos en este flamante 2026, correspondientes a diciembre del a\u00f1o pasado, marcan una actividad perezosa, con evidentes problemas para levantar cabeza.<\/p>\n<div id=\"ad-slot-inread_1\" class=\"ad-slot-inread ad-slot\" data-collapse_unfilled=\"1\" data-adtype=\"inread\" data-google-query-id=\"CObUlvCQhpIDFWVu3QIdnr4NNQ\">\n<div id=\"google_ads_iframe_\/22138317629\/iprofesional_nota\/inread_1_0__container__\"><\/div>\n<\/div>\n<p data-mrf-recirculation=\"Links art\u00edculo\">Prueba de esto, en diciembre,<strong>\u00a0la recaudaci\u00f3n cay\u00f3 3,1% real frente a diciembre del a\u00f1o pasado<\/strong>, reflejando un nivel de actividad todav\u00eda fr\u00e1gil.<\/p>\n<p data-mrf-recirculation=\"Links art\u00edculo\"><strong>La recaudaci\u00f3n del IVA neto mostr\u00f3 un retroceso real del (-7,3%),<\/strong>\u00a0que resulta consistente con un consumo que no termina de recomponerse.<\/p>\n<p data-mrf-recirculation=\"Links art\u00edculo\">Las ventas m\u00e1s bajas en los comercios y una actividad que mantiene su tendencia entre estancada y declinante explican el nuevo paso en falso. M\u00e1s all\u00e1 de que, en medio de la crisis, la econom\u00eda informal puede estar ganando peso espec\u00edfico.<\/p>\n<h2>Bancos preparan nueva l\u00ednea de cr\u00e9ditos baratos<\/h2>\n<p data-mrf-recirculation=\"Links art\u00edculo\">Hay una contra, que est\u00e1 perjudicando el proceso de recuperaci\u00f3n:\u00a0<strong>los cr\u00e9ditos\u00a0bancarios para el consumo est\u00e1n retrocediendo<\/strong>. No permiten una oxigenaci\u00f3n de la econom\u00eda real.<\/p>\n<p data-mrf-recirculation=\"Links art\u00edculo\"><a href=\"https:\/\/opinionpublica.com.ar\/index\/wp-content\/uploads\/2025\/07\/pesos-salarios-paritarias-inflacion.jpg\"><img decoding=\"async\" class=\"alignnone size-full wp-image-10322\" src=\"https:\/\/opinionpublica.com.ar\/index\/wp-content\/uploads\/2025\/07\/pesos-salarios-paritarias-inflacion.jpg\" alt=\"\" width=\"1200\" height=\"675\" srcset=\"https:\/\/opinionpublica.com.ar\/index\/wp-content\/uploads\/2025\/07\/pesos-salarios-paritarias-inflacion.jpg 1200w, https:\/\/opinionpublica.com.ar\/index\/wp-content\/uploads\/2025\/07\/pesos-salarios-paritarias-inflacion-300x169.jpg 300w, https:\/\/opinionpublica.com.ar\/index\/wp-content\/uploads\/2025\/07\/pesos-salarios-paritarias-inflacion-1024x576.jpg 1024w, https:\/\/opinionpublica.com.ar\/index\/wp-content\/uploads\/2025\/07\/pesos-salarios-paritarias-inflacion-768x432.jpg 768w\" sizes=\"(max-width: 1200px) 100vw, 1200px\" \/><\/a><\/p>\n<p data-mrf-recirculation=\"Links art\u00edculo\">As\u00ed lo demuestran los \u00faltimos datos del Banco Central, destacados en el \u00faltimo informe de la consultora Equilibra:<\/p>\n<p data-mrf-recirculation=\"Links art\u00edculo\"><strong>El cr\u00e9dito bancario al consumo para las familias se contrajo 0,4% real\u00a0<\/strong>desestacionalizado en diciembre, en relaci\u00f3n con noviembre, con una fuerte ca\u00edda en pr\u00e9stamos personales (-1,2% real desestacionalizada).<\/p>\n<div id=\"ad-slot-inread_2\" class=\"ad-slot-inread2 ad-slot\" data-collapse_unfilled=\"1\" data-adtype=\"inread2\" data-google-query-id=\"COfUlvCQhpIDFWVu3QIdnr4NNQ\">\n<div id=\"google_ads_iframe_\/22138317629\/iprofesional_nota\/inread_2_0__container__\"><\/div>\n<\/div>\n<p data-mrf-recirculation=\"Links art\u00edculo\">Esa merma no pudo ser compensada por una leve expansi\u00f3n de tarjetas (+0,2% real desestacionalizada.).<\/p>\n<p data-mrf-recirculation=\"Links art\u00edculo\">\u00abEsto se\u00f1alar\u00eda\u00a0<strong>una mayor cautela en los gastos de los hogares<\/strong>\u00a0y\/o en el otorgamiento de cr\u00e9dito por parte de los bancos, tras el incremento sostenido de la morosidad a lo largo del a\u00f1o 2025 (en octubre de 2025 alcanz\u00f3 un nuevo r\u00e9cord de 7,8%)\u00bb.<\/p>\n<p data-mrf-recirculation=\"Links art\u00edculo\">En rigor,\u00a0<strong>la morosidad en las l\u00edneas personales ya super\u00f3 el 10% en algunos bancos l\u00edderes.<\/strong><\/p>\n<p data-mrf-recirculation=\"Links art\u00edculo\">Esta realidad impacta negativamente en el proceso: los bancos, con el salto de la irregularidad, se pusieron m\u00e1s conservadores y limitan el otorgamiento de cr\u00e9ditos a clientes.<\/p>\n<p data-mrf-recirculation=\"Links art\u00edculo\">Lo que viene pasando en las \u00faltimas semanas fue que, aun siendo m\u00e1s selectivos, gran parte de los bancos de primera l\u00ednea abarataron sus cr\u00e9ditos a los clientes cumplidores. Y que tengan cuentas sueldo.<\/p>\n<p data-mrf-recirculation=\"Links art\u00edculo\">Sin embargo, esta mejora para una porci\u00f3n de los clientes, tienen un impacto moderado a nivel sistema, con lo cual en los n\u00fameros m\u00e1s grandes, esta ola no se nota demasiado. Tiene un efecto moderado.<\/p>\n<div id=\"ad-slot-inread_3\" class=\"ad-slot-inread ad-slot\" data-collapse_unfilled=\"1\" data-adtype=\"inread\" data-google-query-id=\"CO_l1YqRhpIDFelK3QId_KYmGw\">\n<div id=\"google_ads_iframe_\/22138317629\/iprofesional_nota\/inread_3_0__container__\"><\/div>\n<\/div>\n<p data-mrf-recirculation=\"Links art\u00edculo\">En las pr\u00f3ximas semanas,\u00a0<strong>varios bancos l\u00edderes saldr\u00e1n al mercado a ofrecer l\u00edneas para el consumo<\/strong>\u00a0con una nueva rebaja de las tasas de inter\u00e9s.<\/p>\n<p data-mrf-recirculation=\"Links art\u00edculo\">Aprovechar\u00e1n el descenso en el \u00edndice de riesgo pa\u00eds y la posibilidad de obtener financiamiento m\u00e1s barato.<\/p>\n<p data-mrf-recirculation=\"Links art\u00edculo\">Tambi\u00e9n est\u00e1n a la espera de que el Gobierno afloje algunas de las medidas restrictivas tomadas en la previa electoral, como la suba de los encajes.<\/p>\n<h2>La construcci\u00f3n tampoco levanta<\/h2>\n<p data-mrf-recirculation=\"Links art\u00edculo\">Por ahora,<strong>\u00a0la construcci\u00f3n\u00a0se mantiene como el sector m\u00e1s perjudicado<\/strong>\u00a0por el modelo de Javier Milei.<\/p>\n<p data-mrf-recirculation=\"Links art\u00edculo\">El golpe sobre la obra p\u00fablica redund\u00f3 en que la actividad de la construcci\u00f3n se encuentre nada menos que 20,2 puntos por debajo del nivel de noviembre de 2023.<\/p>\n<p data-mrf-recirculation=\"Links art\u00edculo\">El sector perdi\u00f3 64.000 puestos de trabajo formales. Y el escenario no parece mejorar, a juzgar por los \u00faltimos registros de la c\u00e1mara empresaria.<\/p>\n<div id=\"ad-slot-inread_4\" class=\"ad-slot-inread ad-slot\" data-collapse_unfilled=\"1\" data-adtype=\"inread\" data-google-query-id=\"CNXMxIyRhpIDFScHHgAde5I0gQ\">\n<div id=\"google_ads_iframe_\/22138317629\/iprofesional_nota\/inread_4_0__container__\"><\/div>\n<\/div>\n<p data-mrf-recirculation=\"Links art\u00edculo\">Los despachos de cemento al mercado interno (AFCP) cayeron 1,2% interanual (serie original) y 0,9% mensual (serie con ajuste) Fue la segunda ca\u00edda mensual consecutiva.<\/p>\n<p data-mrf-recirculation=\"Links art\u00edculo\"><strong>\u00abDiciembre qued\u00f3 apenas arriba de septiembre, que hab\u00eda sido el peor mes de 2025.<\/strong>\u00a0El 2025 cierra con un alza promedio anual de 5,5%, luego de haber registrado una ca\u00edda de 24% durante 2024 en los mismos t\u00e9rminos de comparaci\u00f3n\u00bb, destac\u00f3 el economista Gabriel Caama\u00f1o.<\/p>\n<h2>Ordenamiento macro: las reservas, en la mira<\/h2>\n<p data-mrf-recirculation=\"Links art\u00edculo\">La estabilidad cambiaria y el vuelco del escenario pol\u00edtico consagraron una mejora en el humor de los operadores y financistas, que en la pr\u00e1ctica se tradujo en un abaratamiento notable en el costo del dinero.<\/p>\n<p data-mrf-recirculation=\"Links art\u00edculo\">De ac\u00e1 para adelante quedan distintas cuestiones por resolver \u2014y por responder\u2014 que hacen b\u00e1sicamente a la acumulaci\u00f3n de reservas en el Banco Central y la certeza de que en los pr\u00f3ximos tiempos habr\u00e1 d\u00f3lares para afrontar los pesados vencimientos de la deuda p\u00fablica en moneda dura.<\/p>\n<div class=\"tags\">\n<div class=\"titulo\"><\/div>\n<\/div>\n<\/div>\n<\/div>\n<\/div>\n<\/div>\n<\/div>\n","protected":false},"excerpt":{"rendered":"<p>El consumo no repunta y los bancos est\u00e1n preparando una bater\u00eda de cr\u00e9ditos baratos Siguen para abajo los<\/p>\n","protected":false},"author":5,"featured_media":10322,"comment_status":"open","ping_status":"open","sticky":false,"template":"","format":"standard","meta":{"footnotes":""},"categories":[3],"tags":[1062,264,2197,3464],"class_list":["post-12137","post","type-post","status-publish","format-standard","has-post-thumbnail","hentry","category-nacionales","tag-bancos","tag-consumo","tag-credito","tag-reservas-del-bcra"],"featured_image_urls":{"full":["https:\/\/opinionpublica.com.ar\/index\/wp-content\/uploads\/2025\/07\/pesos-salarios-paritarias-inflacion.jpg",1200,675,false],"thumbnail":["https:\/\/opinionpublica.com.ar\/index\/wp-content\/uploads\/2025\/07\/pesos-salarios-paritarias-inflacion-150x150.jpg",150,150,true],"medium":["https:\/\/opinionpublica.com.ar\/index\/wp-content\/uploads\/2025\/07\/pesos-salarios-paritarias-inflacion-300x169.jpg",300,169,true],"medium_large":["https:\/\/opinionpublica.com.ar\/index\/wp-content\/uploads\/2025\/07\/pesos-salarios-paritarias-inflacion-768x432.jpg",640,360,true],"large":["https:\/\/opinionpublica.com.ar\/index\/wp-content\/uploads\/2025\/07\/pesos-salarios-paritarias-inflacion-1024x576.jpg",640,360,true],"1536x1536":["https:\/\/opinionpublica.com.ar\/index\/wp-content\/uploads\/2025\/07\/pesos-salarios-paritarias-inflacion.jpg",1200,675,false],"2048x2048":["https:\/\/opinionpublica.com.ar\/index\/wp-content\/uploads\/2025\/07\/pesos-salarios-paritarias-inflacion.jpg",1200,675,false],"morenews-large":["https:\/\/opinionpublica.com.ar\/index\/wp-content\/uploads\/2025\/07\/pesos-salarios-paritarias-inflacion-825x575.jpg",825,575,true],"morenews-medium":["https:\/\/opinionpublica.com.ar\/index\/wp-content\/uploads\/2025\/07\/pesos-salarios-paritarias-inflacion-590x410.jpg",590,410,true]},"author_info":{"display_name":"Hal","author_link":"https:\/\/opinionpublica.com.ar\/index\/author\/hal\/"},"category_info":"<a href=\"https:\/\/opinionpublica.com.ar\/index\/category\/nacionales\/\" rel=\"category tag\">Nacionales<\/a>","tag_info":"Nacionales","comment_count":"0","_links":{"self":[{"href":"https:\/\/opinionpublica.com.ar\/index\/wp-json\/wp\/v2\/posts\/12137","targetHints":{"allow":["GET"]}}],"collection":[{"href":"https:\/\/opinionpublica.com.ar\/index\/wp-json\/wp\/v2\/posts"}],"about":[{"href":"https:\/\/opinionpublica.com.ar\/index\/wp-json\/wp\/v2\/types\/post"}],"author":[{"embeddable":true,"href":"https:\/\/opinionpublica.com.ar\/index\/wp-json\/wp\/v2\/users\/5"}],"replies":[{"embeddable":true,"href":"https:\/\/opinionpublica.com.ar\/index\/wp-json\/wp\/v2\/comments?post=12137"}],"version-history":[{"count":1,"href":"https:\/\/opinionpublica.com.ar\/index\/wp-json\/wp\/v2\/posts\/12137\/revisions"}],"predecessor-version":[{"id":12138,"href":"https:\/\/opinionpublica.com.ar\/index\/wp-json\/wp\/v2\/posts\/12137\/revisions\/12138"}],"wp:featuredmedia":[{"embeddable":true,"href":"https:\/\/opinionpublica.com.ar\/index\/wp-json\/wp\/v2\/media\/10322"}],"wp:attachment":[{"href":"https:\/\/opinionpublica.com.ar\/index\/wp-json\/wp\/v2\/media?parent=12137"}],"wp:term":[{"taxonomy":"category","embeddable":true,"href":"https:\/\/opinionpublica.com.ar\/index\/wp-json\/wp\/v2\/categories?post=12137"},{"taxonomy":"post_tag","embeddable":true,"href":"https:\/\/opinionpublica.com.ar\/index\/wp-json\/wp\/v2\/tags?post=12137"}],"curies":[{"name":"wp","href":"https:\/\/api.w.org\/{rel}","templated":true}]}}