{"id":12139,"date":"2026-01-12T11:02:09","date_gmt":"2026-01-12T14:02:09","guid":{"rendered":"https:\/\/opinionpublica.com.ar\/index\/?p=12139"},"modified":"2026-01-12T11:02:09","modified_gmt":"2026-01-12T14:02:09","slug":"la-legislatura-debera-ratificar-anticipo-de-coparticipacion","status":"publish","type":"post","link":"https:\/\/opinionpublica.com.ar\/index\/la-legislatura-debera-ratificar-anticipo-de-coparticipacion\/","title":{"rendered":"La Legislatura deber\u00e1 ratificar anticipo de coparticipaci\u00f3n"},"content":{"rendered":"<h3>La Legislatura deber\u00e1 ratificar anticipo de coparticipaci\u00f3n<\/h3>\n<p style=\"text-align: left;\"><a href=\"https:\/\/opinionpublica.com.ar\/index\/wp-content\/uploads\/2025\/02\/20250218112544a16799a09dfbd5e1cbdb09b321dde015-casa-de-gobierno.jpg\"><img fetchpriority=\"high\" decoding=\"async\" class=\"alignnone size-full wp-image-8603\" src=\"https:\/\/opinionpublica.com.ar\/index\/wp-content\/uploads\/2025\/02\/20250218112544a16799a09dfbd5e1cbdb09b321dde015-casa-de-gobierno.jpg\" alt=\"\" width=\"800\" height=\"533\" srcset=\"https:\/\/opinionpublica.com.ar\/index\/wp-content\/uploads\/2025\/02\/20250218112544a16799a09dfbd5e1cbdb09b321dde015-casa-de-gobierno.jpg 800w, https:\/\/opinionpublica.com.ar\/index\/wp-content\/uploads\/2025\/02\/20250218112544a16799a09dfbd5e1cbdb09b321dde015-casa-de-gobierno-300x200.jpg 300w, https:\/\/opinionpublica.com.ar\/index\/wp-content\/uploads\/2025\/02\/20250218112544a16799a09dfbd5e1cbdb09b321dde015-casa-de-gobierno-768x512.jpg 768w\" sizes=\"(max-width: 800px) 100vw, 800px\" \/><\/a><\/p>\n<p>La Legislatura deber\u00e1 ratificar anticipo de coparticipaci\u00f3n<\/p>\n<p>El Gobierno provincial gir\u00f3 a la Legislatura el acuerdo firmado con la Secretar\u00eda de Hacienda de la Naci\u00f3n para obtener durante enero un adelanto de coparticipaci\u00f3n de hasta $20.000 millones. El convenio contempla que el desembolso se devolver\u00e1 dentro del mismo mes con retenciones diarias sobre la coparticipaci\u00f3n. El inter\u00e9s fijado es equivalente a la tasa TAMAR en pesos de bancos privados.<\/p>\n<p>&nbsp;<\/p>\n<p>El Poder Ejecutivo y la Secretar\u00eda de Hacienda de la Naci\u00f3n firmaron un convenio que le permiti\u00f3 a la Provincia acceder durante este mes de enero a un anticipo de coparticipaci\u00f3n por hasta $20.000 millones. Si bien el documento rubricado por las partes establece que el acuerdo \u201crige desde la fecha de su suscripci\u00f3n\u201d, lo que ocurri\u00f3 el martes 30 de diciembre, en cumplimiento de lo dispuesto por la Constituci\u00f3n provincial, el Gobierno remiti\u00f3 las actuaciones a la Legislatura para su ratificaci\u00f3n.<\/p>\n<p>&nbsp;<\/p>\n<p>El acuerdo se enmarca en el art\u00edculo 124 de la Ley 11.672 (Complementaria Permanente de Presupuesto), que habilita al Ministerio de Econom\u00eda nacional a otorgar anticipos financieros a provincias y a la Ciudad Aut\u00f3noma de Buenos Aires sobre la coparticipaci\u00f3n federal de impuestos, que establece que esos adelantos deben reintegrarse dentro del mes de su otorgamiento, mediante retenciones sobre la coparticipaci\u00f3n.<\/p>\n<p>&nbsp;<\/p>\n<p>Seg\u00fan el detalle del convenio, el Estado Nacional acord\u00f3 desembolsar el anticipo durante el mes de enero de 2026 por un monto de hasta $20.000 millones. La tasa de inter\u00e9s se tomar\u00e1 de la referencia TAMAR en pesos de bancos privados publicada por el Banco Central, correspondiente a la fecha del desembolso. La devoluci\u00f3n del capital se realizar\u00e1 en forma diaria, a partir de la fecha que determine la Secretar\u00eda de Hacienda, en funci\u00f3n de la capacidad de repago provincial y de su participaci\u00f3n en el r\u00e9gimen de coparticipaci\u00f3n previsto por la Ley 23.548 y sus modificatorias.<\/p>\n<p>&nbsp;<\/p>\n<p>Los intereses, en tanto, se calcular\u00e1n diariamente sobre el saldo de la deuda y se abonar\u00e1n mediante retenciones sobre el producido de los impuestos coparticipados una vez finalizada la devoluci\u00f3n del capital. El convenio tambi\u00e9n recuerda que la Secretar\u00eda de Hacienda cuenta con facultades para afectar la coparticipaci\u00f3n de las provincias que mantengan deudas con el Tesoro Nacional, en el marco de la Ley 11.672 y la Ley de Administraci\u00f3n Financiera 24.156.<\/p>\n<p>&nbsp;<\/p>\n<p>El acuerdo establece que rige desde su firma, aunque supedita su plena validez a la ratificaci\u00f3n provincial, asumiendo Tierra del Fuego el compromiso de gestionarla de manera inmediata. Con la firma del Decreto 02\/26, el Ejecutivo dio por cumplido ese requisito y ahora resta dar cumplimiento al tr\u00e1mite legislativo previsto en la constituci\u00f3n, el que quedar\u00e1 pendiente de definici\u00f3n hasta el inicio del per\u00edodo de sesiones ordinarios del a\u00f1o en curso.<\/p>\n<p>&nbsp;<\/p>\n","protected":false},"excerpt":{"rendered":"<p>La Legislatura deber\u00e1 ratificar anticipo de coparticipaci\u00f3n La Legislatura deber\u00e1 ratificar anticipo de coparticipaci\u00f3n El Gobierno provincial gir\u00f3<\/p>\n","protected":false},"author":5,"featured_media":3121,"comment_status":"open","ping_status":"open","sticky":false,"template":"","format":"standard","meta":{"footnotes":""},"categories":[2],"tags":[335,3943],"class_list":["post-12139","post","type-post","status-publish","format-standard","has-post-thumbnail","hentry","category-tierra-del-fuego","tag-coparticipacion","tag-finanzas"],"featured_image_urls":{"full":["https:\/\/opinionpublica.com.ar\/index\/wp-content\/uploads\/2024\/05\/casa-de-gobierno.jpg",800,600,false],"thumbnail":["https:\/\/opinionpublica.com.ar\/index\/wp-content\/uploads\/2024\/05\/casa-de-gobierno-150x150.jpg",150,150,true],"medium":["https:\/\/opinionpublica.com.ar\/index\/wp-content\/uploads\/2024\/05\/casa-de-gobierno-300x225.jpg",300,225,true],"medium_large":["https:\/\/opinionpublica.com.ar\/index\/wp-content\/uploads\/2024\/05\/casa-de-gobierno-768x576.jpg",640,480,true],"large":["https:\/\/opinionpublica.com.ar\/index\/wp-content\/uploads\/2024\/05\/casa-de-gobierno.jpg",640,480,false],"1536x1536":["https:\/\/opinionpublica.com.ar\/index\/wp-content\/uploads\/2024\/05\/casa-de-gobierno.jpg",800,600,false],"2048x2048":["https:\/\/opinionpublica.com.ar\/index\/wp-content\/uploads\/2024\/05\/casa-de-gobierno.jpg",800,600,false],"morenews-large":["https:\/\/opinionpublica.com.ar\/index\/wp-content\/uploads\/2024\/05\/casa-de-gobierno-800x575.jpg",800,575,true],"morenews-medium":["https:\/\/opinionpublica.com.ar\/index\/wp-content\/uploads\/2024\/05\/casa-de-gobierno-590x410.jpg",590,410,true]},"author_info":{"display_name":"Hal","author_link":"https:\/\/opinionpublica.com.ar\/index\/author\/hal\/"},"category_info":"<a href=\"https:\/\/opinionpublica.com.ar\/index\/category\/tierra-del-fuego\/\" rel=\"category tag\">Tierra del Fuego<\/a>","tag_info":"Tierra del Fuego","comment_count":"0","_links":{"self":[{"href":"https:\/\/opinionpublica.com.ar\/index\/wp-json\/wp\/v2\/posts\/12139","targetHints":{"allow":["GET"]}}],"collection":[{"href":"https:\/\/opinionpublica.com.ar\/index\/wp-json\/wp\/v2\/posts"}],"about":[{"href":"https:\/\/opinionpublica.com.ar\/index\/wp-json\/wp\/v2\/types\/post"}],"author":[{"embeddable":true,"href":"https:\/\/opinionpublica.com.ar\/index\/wp-json\/wp\/v2\/users\/5"}],"replies":[{"embeddable":true,"href":"https:\/\/opinionpublica.com.ar\/index\/wp-json\/wp\/v2\/comments?post=12139"}],"version-history":[{"count":1,"href":"https:\/\/opinionpublica.com.ar\/index\/wp-json\/wp\/v2\/posts\/12139\/revisions"}],"predecessor-version":[{"id":12140,"href":"https:\/\/opinionpublica.com.ar\/index\/wp-json\/wp\/v2\/posts\/12139\/revisions\/12140"}],"wp:featuredmedia":[{"embeddable":true,"href":"https:\/\/opinionpublica.com.ar\/index\/wp-json\/wp\/v2\/media\/3121"}],"wp:attachment":[{"href":"https:\/\/opinionpublica.com.ar\/index\/wp-json\/wp\/v2\/media?parent=12139"}],"wp:term":[{"taxonomy":"category","embeddable":true,"href":"https:\/\/opinionpublica.com.ar\/index\/wp-json\/wp\/v2\/categories?post=12139"},{"taxonomy":"post_tag","embeddable":true,"href":"https:\/\/opinionpublica.com.ar\/index\/wp-json\/wp\/v2\/tags?post=12139"}],"curies":[{"name":"wp","href":"https:\/\/api.w.org\/{rel}","templated":true}]}}