{"id":12141,"date":"2026-01-12T11:06:42","date_gmt":"2026-01-12T14:06:42","guid":{"rendered":"https:\/\/opinionpublica.com.ar\/index\/?p=12141"},"modified":"2026-01-12T11:06:42","modified_gmt":"2026-01-12T14:06:42","slug":"las-ventas-minoristas-pyme-cayeron-un-52-interanual-en-diciembre","status":"publish","type":"post","link":"https:\/\/opinionpublica.com.ar\/index\/las-ventas-minoristas-pyme-cayeron-un-52-interanual-en-diciembre\/","title":{"rendered":"Las ventas minoristas pyme cayeron un 5,2% interanual en diciembre"},"content":{"rendered":"<h3>Las ventas minoristas pyme cayeron un 5,2% interanual en diciembre, seg\u00fan datos de CAME<\/h3>\n<p><a href=\"https:\/\/opinionpublica.com.ar\/index\/wp-content\/uploads\/2024\/04\/consumo-1.webp\"><img fetchpriority=\"high\" decoding=\"async\" class=\"alignnone size-full wp-image-1909\" src=\"https:\/\/opinionpublica.com.ar\/index\/wp-content\/uploads\/2024\/04\/consumo-1.webp\" alt=\"\" width=\"1600\" height=\"900\" srcset=\"https:\/\/opinionpublica.com.ar\/index\/wp-content\/uploads\/2024\/04\/consumo-1.webp 1600w, https:\/\/opinionpublica.com.ar\/index\/wp-content\/uploads\/2024\/04\/consumo-1-300x169.webp 300w, https:\/\/opinionpublica.com.ar\/index\/wp-content\/uploads\/2024\/04\/consumo-1-1024x576.webp 1024w, https:\/\/opinionpublica.com.ar\/index\/wp-content\/uploads\/2024\/04\/consumo-1-768x432.webp 768w, https:\/\/opinionpublica.com.ar\/index\/wp-content\/uploads\/2024\/04\/consumo-1-1536x864.webp 1536w\" sizes=\"(max-width: 1600px) 100vw, 1600px\" \/><\/a><\/p>\n<p>En diciembre, el comercio minorista pyme experiment\u00f3 un retroceso del 5,2% interanual a precios constantes. En contrapartida, el n\u00famero vari\u00f3 en la medici\u00f3n desestacionalizada frente a noviembre: el resultado fue de un incremento del 5,2%.<\/p>\n<p>&nbsp;<\/p>\n<p>En diciembre, el comercio minorista pyme experiment\u00f3 un retroceso del 5,2% interanual a precios constantes. En contrapartida, el n\u00famero vari\u00f3 en la medici\u00f3n desestacionalizada frente a noviembre: el resultado fue de un incremento del 5,2%. Con estos valores, el \u00edndice de todo el 2025 cerr\u00f3 con una variaci\u00f3n positiva acumulada del 2,5%.<\/p>\n<p>&nbsp;<\/p>\n<p>El an\u00e1lisis sectorial confirma la tendencia recesiva reciente: seis de los siete rubros relevados finalizaron con n\u00fameros rojos. Las contracciones m\u00e1s agudas se verificaron en Bazar y decoraci\u00f3n (-15%), Perfumer\u00eda (-9,8%) y Textil e indumentaria (-8,5%). La \u00fanica excepci\u00f3n a la regla fue el rubro Ferreter\u00eda, materiales el\u00e9ctricos y de la construcci\u00f3n, que logr\u00f3 sostenerse con una leve alza del 0,8%.<\/p>\n<p>&nbsp;<\/p>\n<p>En lo que respecta a la situaci\u00f3n actual de los negocios, el 55% de los comerciantes describi\u00f3 un escenario de estabilidad interanual. Por otro lado, el 27,6% report\u00f3 un empeoramiento en sus condiciones, un dato que, aunque negativo, refleja una mejora relativa de casi 10 puntos porcentuales frente al 37% que manifestaba deterioro en noviembre.<\/p>\n<p>&nbsp;<\/p>\n<p>Al desagregar los datos se evidenci\u00f3 una din\u00e1mica similar: seis de los siete rubros relevados presentaron retracciones, siendo los descensos m\u00e1s agudos los de Bazar y decoraci\u00f3n (-15%) y Perfumer\u00edas (-9,8%). En contrapartida, el \u00fanico sector con un crecimiento interanual fue Ferreter\u00eda, materiales el\u00e9ctricos y de la construcci\u00f3n, con una suba del 0,8%.<\/p>\n<p>&nbsp;<\/p>\n<p>En resumen, diciembre funcion\u00f3 como un alivio financiero gracias a las fiestas de fin de a\u00f1o y al cobro de aguinaldos, pero no logr\u00f3 revertir la ca\u00edda estructural del 5,2%. El consumo se mantuvo retra\u00eddo y estrictamente racional, con familias que priorizaron ofertas y gastos esenciales ante la persistente falta de poder adquisitivo.<\/p>\n<p>&nbsp;<\/p>\n<p>De cara al futuro impera una cautela optimista: aunque la mayor\u00eda proyecta una mejora econ\u00f3mica para 2026, la inversi\u00f3n sigue frenada por los altos costos y la baja rentabilidad actual. El desaf\u00edo del sector ser\u00e1 transformar este \u201crespiro\u201d estacional en una reactivaci\u00f3n genuina y sostenida de la demanda.<\/p>\n<p style=\"text-align: left;\">\n","protected":false},"excerpt":{"rendered":"<p>Las ventas minoristas pyme cayeron un 5,2% interanual en diciembre, seg\u00fan datos de CAME En diciembre, el comercio<\/p>\n","protected":false},"author":5,"featured_media":11639,"comment_status":"open","ping_status":"open","sticky":false,"template":"","format":"standard","meta":{"footnotes":""},"categories":[29],"tags":[512,681,167],"class_list":["post-12141","post","type-post","status-publish","format-standard","has-post-thumbnail","hentry","category-interes-general","tag-caida-consumo","tag-caida-ventas","tag-came"],"featured_image_urls":{"full":["https:\/\/opinionpublica.com.ar\/index\/wp-content\/uploads\/2025\/11\/20251106020938_caida_del_consumo_rg.jpg",880,586,false],"thumbnail":["https:\/\/opinionpublica.com.ar\/index\/wp-content\/uploads\/2025\/11\/20251106020938_caida_del_consumo_rg-150x150.jpg",150,150,true],"medium":["https:\/\/opinionpublica.com.ar\/index\/wp-content\/uploads\/2025\/11\/20251106020938_caida_del_consumo_rg-300x200.jpg",300,200,true],"medium_large":["https:\/\/opinionpublica.com.ar\/index\/wp-content\/uploads\/2025\/11\/20251106020938_caida_del_consumo_rg-768x511.jpg",640,426,true],"large":["https:\/\/opinionpublica.com.ar\/index\/wp-content\/uploads\/2025\/11\/20251106020938_caida_del_consumo_rg.jpg",640,426,false],"1536x1536":["https:\/\/opinionpublica.com.ar\/index\/wp-content\/uploads\/2025\/11\/20251106020938_caida_del_consumo_rg.jpg",880,586,false],"2048x2048":["https:\/\/opinionpublica.com.ar\/index\/wp-content\/uploads\/2025\/11\/20251106020938_caida_del_consumo_rg.jpg",880,586,false],"morenews-large":["https:\/\/opinionpublica.com.ar\/index\/wp-content\/uploads\/2025\/11\/20251106020938_caida_del_consumo_rg-825x575.jpg",825,575,true],"morenews-medium":["https:\/\/opinionpublica.com.ar\/index\/wp-content\/uploads\/2025\/11\/20251106020938_caida_del_consumo_rg-590x410.jpg",590,410,true]},"author_info":{"display_name":"Hal","author_link":"https:\/\/opinionpublica.com.ar\/index\/author\/hal\/"},"category_info":"<a href=\"https:\/\/opinionpublica.com.ar\/index\/category\/interes-general\/\" rel=\"category tag\">Interes General<\/a>","tag_info":"Interes General","comment_count":"0","_links":{"self":[{"href":"https:\/\/opinionpublica.com.ar\/index\/wp-json\/wp\/v2\/posts\/12141","targetHints":{"allow":["GET"]}}],"collection":[{"href":"https:\/\/opinionpublica.com.ar\/index\/wp-json\/wp\/v2\/posts"}],"about":[{"href":"https:\/\/opinionpublica.com.ar\/index\/wp-json\/wp\/v2\/types\/post"}],"author":[{"embeddable":true,"href":"https:\/\/opinionpublica.com.ar\/index\/wp-json\/wp\/v2\/users\/5"}],"replies":[{"embeddable":true,"href":"https:\/\/opinionpublica.com.ar\/index\/wp-json\/wp\/v2\/comments?post=12141"}],"version-history":[{"count":2,"href":"https:\/\/opinionpublica.com.ar\/index\/wp-json\/wp\/v2\/posts\/12141\/revisions"}],"predecessor-version":[{"id":12143,"href":"https:\/\/opinionpublica.com.ar\/index\/wp-json\/wp\/v2\/posts\/12141\/revisions\/12143"}],"wp:featuredmedia":[{"embeddable":true,"href":"https:\/\/opinionpublica.com.ar\/index\/wp-json\/wp\/v2\/media\/11639"}],"wp:attachment":[{"href":"https:\/\/opinionpublica.com.ar\/index\/wp-json\/wp\/v2\/media?parent=12141"}],"wp:term":[{"taxonomy":"category","embeddable":true,"href":"https:\/\/opinionpublica.com.ar\/index\/wp-json\/wp\/v2\/categories?post=12141"},{"taxonomy":"post_tag","embeddable":true,"href":"https:\/\/opinionpublica.com.ar\/index\/wp-json\/wp\/v2\/tags?post=12141"}],"curies":[{"name":"wp","href":"https:\/\/api.w.org\/{rel}","templated":true}]}}