{"id":12144,"date":"2026-01-12T11:14:33","date_gmt":"2026-01-12T14:14:33","guid":{"rendered":"https:\/\/opinionpublica.com.ar\/index\/?p=12144"},"modified":"2026-01-12T11:14:33","modified_gmt":"2026-01-12T14:14:33","slug":"el-pacto-silencioso-que-sostiene-a-melella","status":"publish","type":"post","link":"https:\/\/opinionpublica.com.ar\/index\/el-pacto-silencioso-que-sostiene-a-melella\/","title":{"rendered":"EL PACTO SILENCIOSO QUE SOSTIENE A MELELLA"},"content":{"rendered":"<h3>EL PACTO SILENCIOSO QUE SOSTIENE A MELELLA<\/h3>\n<p>Caputo, Mirgor y el trasfondo del puerto de Ushuaia<\/p>\n<p><a href=\"https:\/\/opinionpublica.com.ar\/index\/wp-content\/uploads\/2024\/08\/cnne-823752-gustavo-melella.jpeg\"><img fetchpriority=\"high\" decoding=\"async\" class=\"alignnone size-full wp-image-4909\" src=\"https:\/\/opinionpublica.com.ar\/index\/wp-content\/uploads\/2024\/08\/cnne-823752-gustavo-melella.jpeg\" alt=\"\" width=\"1480\" height=\"833\" srcset=\"https:\/\/opinionpublica.com.ar\/index\/wp-content\/uploads\/2024\/08\/cnne-823752-gustavo-melella.jpeg 1480w, https:\/\/opinionpublica.com.ar\/index\/wp-content\/uploads\/2024\/08\/cnne-823752-gustavo-melella-300x169.jpeg 300w, https:\/\/opinionpublica.com.ar\/index\/wp-content\/uploads\/2024\/08\/cnne-823752-gustavo-melella-1024x576.jpeg 1024w, https:\/\/opinionpublica.com.ar\/index\/wp-content\/uploads\/2024\/08\/cnne-823752-gustavo-melella-768x432.jpeg 768w\" sizes=\"(max-width: 1480px) 100vw, 1480px\" \/><\/a><\/p>\n<p>El adelanto de 20 mil millones de pesos otorgado por Naci\u00f3n a Tierra del Fuego expone la fragilidad de la gesti\u00f3n de Gustavo Melella y abre la puerta al avance del Grupo Mirgor sobre el puerto de Ushuaia. Una trama de dependencia econ\u00f3mica y auditor\u00edas silenciosas que posicionan al clan Caputo como el verdadero sost\u00e9n del poder provincial.<\/p>\n<p>&nbsp;<\/p>\n<p>El auxilio financiero que hoy sostiene a Tierra del Fuego, expresado en un adelanto de coparticipaci\u00f3n por 20 mil millones de pesos, dista de ser un gesto inocuo. En un contexto de fragilidad fiscal expuesta, el pedido de fondos se convirti\u00f3 en la tabla de salvaci\u00f3n de un Ejecutivo provincial que no logra equilibrar sus n\u00fameros. Pero, como suele ocurrir en estos casos, el ox\u00edgeno tiene contraprestaci\u00f3n: el avance sostenido de intereses privados sobre el puerto de Ushuaia.<\/p>\n<p>&nbsp;<\/p>\n<p>La trama se fue tejiendo sin declaraciones rimbombantes ni anuncios oficiales. Primero, una provincia con serias dificultades para sostener su funcionamiento cotidiano. Luego, un adelanto financiero que permite ganar tiempo, aunque por un lapso limitado, y que en el corto plazo volver\u00e1 a presionar sobre salarios y gastos esenciales. En paralelo, el Grupo Mirgor, ligado a la familia Caputo, refuerza su inter\u00e9s en el negocio log\u00edstico y en la infraestructura portuaria.<\/p>\n<p><a href=\"https:\/\/opinionpublica.com.ar\/index\/wp-content\/uploads\/2025\/05\/Puerto-logistico-antartida.webp\"><img decoding=\"async\" class=\"alignnone size-full wp-image-9943\" src=\"https:\/\/opinionpublica.com.ar\/index\/wp-content\/uploads\/2025\/05\/Puerto-logistico-antartida.webp\" alt=\"\" width=\"1024\" height=\"680\" srcset=\"https:\/\/opinionpublica.com.ar\/index\/wp-content\/uploads\/2025\/05\/Puerto-logistico-antartida.webp 1024w, https:\/\/opinionpublica.com.ar\/index\/wp-content\/uploads\/2025\/05\/Puerto-logistico-antartida-300x199.webp 300w, https:\/\/opinionpublica.com.ar\/index\/wp-content\/uploads\/2025\/05\/Puerto-logistico-antartida-768x510.webp 768w\" sizes=\"(max-width: 1024px) 100vw, 1024px\" \/><\/a><\/p>\n<p>El puerto aparece como pieza central de ese engranaje. Aunque desde el discurso oficial se descarta cualquier intervenci\u00f3n, la auditor\u00eda en marcha es un dato concreto, aun cuando sus conclusiones no hayan sido difundidas. En los hechos, ese proceso es le\u00eddo como la antesala de una intervenci\u00f3n que, sin decreto ni anuncio formal, muchos dan por descontada.<\/p>\n<p>&nbsp;<\/p>\n<p>En ese contexto, el apellido Caputo deja de remitirse a una identidad partidaria y se asocia a una l\u00f3gica de continuidad. Con gobiernos nacionales de distinto signo, la familia supo sostener v\u00ednculos estables y presencia en sectores estrat\u00e9gicos, una transversalidad que explica su peso espec\u00edfico cuando el poder pol\u00edtico provincial aparece urgido de apoyos externos.<\/p>\n<p>&nbsp;<\/p>\n<p>La postal es conocida: un salvataje de 20 mil millones que deber\u00e1 ser devuelto o compensado en el corto plazo, una auditor\u00eda que ordena el terreno y un puerto que deja de ser solo infraestructura para transformarse en variable pol\u00edtica. As\u00ed, el puerto de Ushuaia funciona como s\u00edntoma de una gesti\u00f3n atrapada en la urgencia y de un poder econ\u00f3mico que avanza cuando el poder pol\u00edtico retrocede. El acuerdo de fondo, como casi siempre, se cocina lejos de la mirada p\u00fablica y con un objetivo claro: sostener el mando hasta el \u00faltimo d\u00eda.<\/p>\n<p>&nbsp;<\/p>\n","protected":false},"excerpt":{"rendered":"<p>EL PACTO SILENCIOSO QUE SOSTIENE A MELELLA Caputo, Mirgor y el trasfondo del puerto de Ushuaia El adelanto<\/p>\n","protected":false},"author":5,"featured_media":3415,"comment_status":"open","ping_status":"open","sticky":false,"template":"","format":"standard","meta":{"footnotes":""},"categories":[2],"tags":[363,70,287,4082,203,5],"class_list":["post-12144","post","type-post","status-publish","format-standard","has-post-thumbnail","hentry","category-tierra-del-fuego","tag-caputo","tag-melella","tag-mirgor","tag-pacto","tag-puerto","tag-tierra-del-fuego"],"featured_image_urls":{"full":["https:\/\/opinionpublica.com.ar\/index\/wp-content\/uploads\/2024\/05\/melella-1-1.jpg",1200,1050,false],"thumbnail":["https:\/\/opinionpublica.com.ar\/index\/wp-content\/uploads\/2024\/05\/melella-1-1-150x150.jpg",150,150,true],"medium":["https:\/\/opinionpublica.com.ar\/index\/wp-content\/uploads\/2024\/05\/melella-1-1-300x263.jpg",300,263,true],"medium_large":["https:\/\/opinionpublica.com.ar\/index\/wp-content\/uploads\/2024\/05\/melella-1-1-768x672.jpg",640,560,true],"large":["https:\/\/opinionpublica.com.ar\/index\/wp-content\/uploads\/2024\/05\/melella-1-1-1024x896.jpg",640,560,true],"1536x1536":["https:\/\/opinionpublica.com.ar\/index\/wp-content\/uploads\/2024\/05\/melella-1-1.jpg",1200,1050,false],"2048x2048":["https:\/\/opinionpublica.com.ar\/index\/wp-content\/uploads\/2024\/05\/melella-1-1.jpg",1200,1050,false],"morenews-large":["https:\/\/opinionpublica.com.ar\/index\/wp-content\/uploads\/2024\/05\/melella-1-1-825x575.jpg",825,575,true],"morenews-medium":["https:\/\/opinionpublica.com.ar\/index\/wp-content\/uploads\/2024\/05\/melella-1-1-590x410.jpg",590,410,true]},"author_info":{"display_name":"Hal","author_link":"https:\/\/opinionpublica.com.ar\/index\/author\/hal\/"},"category_info":"<a href=\"https:\/\/opinionpublica.com.ar\/index\/category\/tierra-del-fuego\/\" rel=\"category tag\">Tierra del Fuego<\/a>","tag_info":"Tierra del Fuego","comment_count":"0","_links":{"self":[{"href":"https:\/\/opinionpublica.com.ar\/index\/wp-json\/wp\/v2\/posts\/12144","targetHints":{"allow":["GET"]}}],"collection":[{"href":"https:\/\/opinionpublica.com.ar\/index\/wp-json\/wp\/v2\/posts"}],"about":[{"href":"https:\/\/opinionpublica.com.ar\/index\/wp-json\/wp\/v2\/types\/post"}],"author":[{"embeddable":true,"href":"https:\/\/opinionpublica.com.ar\/index\/wp-json\/wp\/v2\/users\/5"}],"replies":[{"embeddable":true,"href":"https:\/\/opinionpublica.com.ar\/index\/wp-json\/wp\/v2\/comments?post=12144"}],"version-history":[{"count":1,"href":"https:\/\/opinionpublica.com.ar\/index\/wp-json\/wp\/v2\/posts\/12144\/revisions"}],"predecessor-version":[{"id":12145,"href":"https:\/\/opinionpublica.com.ar\/index\/wp-json\/wp\/v2\/posts\/12144\/revisions\/12145"}],"wp:featuredmedia":[{"embeddable":true,"href":"https:\/\/opinionpublica.com.ar\/index\/wp-json\/wp\/v2\/media\/3415"}],"wp:attachment":[{"href":"https:\/\/opinionpublica.com.ar\/index\/wp-json\/wp\/v2\/media?parent=12144"}],"wp:term":[{"taxonomy":"category","embeddable":true,"href":"https:\/\/opinionpublica.com.ar\/index\/wp-json\/wp\/v2\/categories?post=12144"},{"taxonomy":"post_tag","embeddable":true,"href":"https:\/\/opinionpublica.com.ar\/index\/wp-json\/wp\/v2\/tags?post=12144"}],"curies":[{"name":"wp","href":"https:\/\/api.w.org\/{rel}","templated":true}]}}