{"id":12146,"date":"2026-01-13T12:42:24","date_gmt":"2026-01-13T15:42:24","guid":{"rendered":"https:\/\/opinionpublica.com.ar\/index\/?p=12146"},"modified":"2026-01-13T12:42:24","modified_gmt":"2026-01-13T15:42:24","slug":"prefectura-llega-desde-bs-as-para-revisar-el-puerto-de-ushuaia","status":"publish","type":"post","link":"https:\/\/opinionpublica.com.ar\/index\/prefectura-llega-desde-bs-as-para-revisar-el-puerto-de-ushuaia\/","title":{"rendered":"Prefectura llega desde Bs. As. para revisar el puerto de Ushuaia"},"content":{"rendered":"<h3>Prefectura llega desde Bs. As. para revisar el puerto de Ushuaia<\/h3>\n<p>Una comitiva t\u00e9cnica de Prefectura Naval Argentina desembarcar\u00e1 en la capital fueguina para auditar las instalaciones del muelle local. Tras los informes que detectaron fallas estructurales y operativas, la administraci\u00f3n de la terminal se juega la vigencia de su habilitaci\u00f3n internacional en un examen que genera m\u00e1xima expectativa.<\/p>\n<p><a href=\"https:\/\/opinionpublica.com.ar\/index\/wp-content\/uploads\/2025\/01\/puertto-1-720x340-ushuaia-crucero.jpg\"><img fetchpriority=\"high\" decoding=\"async\" class=\"alignnone size-full wp-image-8160\" src=\"https:\/\/opinionpublica.com.ar\/index\/wp-content\/uploads\/2025\/01\/puertto-1-720x340-ushuaia-crucero.jpg\" alt=\"\" width=\"720\" height=\"340\" srcset=\"https:\/\/opinionpublica.com.ar\/index\/wp-content\/uploads\/2025\/01\/puertto-1-720x340-ushuaia-crucero.jpg 720w, https:\/\/opinionpublica.com.ar\/index\/wp-content\/uploads\/2025\/01\/puertto-1-720x340-ushuaia-crucero-300x142.jpg 300w\" sizes=\"(max-width: 720px) 100vw, 720px\" \/><\/a><\/p>\n<p>El puerto de Ushuaia afronta una semana clave. Autoridades de la Prefectura Naval Argentina arribar\u00e1n este martes desde Buenos Aires para realizar una revisi\u00f3n t\u00e9cnica y operativa de la terminal, en un contexto atravesado por antecedentes de auditor\u00edas que ya hab\u00edan se\u00f1alado deficiencias en el muelle. La inspecci\u00f3n encuentra a la Direcci\u00f3n Provincial de Puertos, a cargo de Roberto Murcia, frente a una instancia decisiva para sostener la habilitaci\u00f3n.<\/p>\n<p>&nbsp;<\/p>\n<p>No se trata de una visita de rutina. La intervenci\u00f3n de Prefectura se apoya en informes previos que dejaron constancia de falencias en distintos frentes, desde la infraestructura hasta los sistemas de seguridad y los procedimientos operativos. Esos antecedentes colocaron al muelle bajo seguimiento y explican el car\u00e1cter sensible de la inspecci\u00f3n que se desarrollar\u00e1 en las pr\u00f3ximas horas.<\/p>\n<p>&nbsp;<\/p>\n<p>Durante la evaluaci\u00f3n se analizar\u00e1 si el puerto re\u00fane las condiciones exigidas para operar como puerto internacional. El foco estar\u00e1 puesto en el estado estructural del muelle, los dispositivos de seguridad, los protocolos de funcionamiento y el grado de adecuaci\u00f3n a los est\u00e1ndares vigentes para este tipo de terminales.<\/p>\n<p>&nbsp;<\/p>\n<p>El desembarco de autoridades nacionales eleva la presi\u00f3n sobre la gesti\u00f3n de Roberto Murcia. De la revisi\u00f3n podr\u00edan surgir observaciones formales y eventuales exigencias de correcci\u00f3n, con impacto directo sobre la operatoria diaria del puerto y su proyecci\u00f3n inmediata.<\/p>\n<p>&nbsp;<\/p>\n<p>El resultado de la inspecci\u00f3n ser\u00e1 determinante. De ese examen depender\u00e1 no solo la continuidad de la habilitaci\u00f3n del muelle, sino tambi\u00e9n el lugar que el puerto de Ushuaia ocupe en el esquema portuario y log\u00edstico de la regi\u00f3n en el corto plazo<\/p>\n","protected":false},"excerpt":{"rendered":"<p>Prefectura llega desde Bs. As. para revisar el puerto de Ushuaia Una comitiva t\u00e9cnica de Prefectura Naval Argentina<\/p>\n","protected":false},"author":5,"featured_media":8358,"comment_status":"open","ping_status":"open","sticky":false,"template":"","format":"standard","meta":{"footnotes":""},"categories":[21],"tags":[2606,3931],"class_list":["post-12146","post","type-post","status-publish","format-standard","has-post-thumbnail","hentry","category-ushuaia","tag-prefectura-naval-argentina","tag-puerto-ushuaia"],"featured_image_urls":{"full":["https:\/\/opinionpublica.com.ar\/index\/wp-content\/uploads\/2025\/01\/cruceros1-ushuaia.jpg",1366,910,false],"thumbnail":["https:\/\/opinionpublica.com.ar\/index\/wp-content\/uploads\/2025\/01\/cruceros1-ushuaia-150x150.jpg",150,150,true],"medium":["https:\/\/opinionpublica.com.ar\/index\/wp-content\/uploads\/2025\/01\/cruceros1-ushuaia-300x200.jpg",300,200,true],"medium_large":["https:\/\/opinionpublica.com.ar\/index\/wp-content\/uploads\/2025\/01\/cruceros1-ushuaia-768x512.jpg",640,427,true],"large":["https:\/\/opinionpublica.com.ar\/index\/wp-content\/uploads\/2025\/01\/cruceros1-ushuaia-1024x682.jpg",640,426,true],"1536x1536":["https:\/\/opinionpublica.com.ar\/index\/wp-content\/uploads\/2025\/01\/cruceros1-ushuaia.jpg",1366,910,false],"2048x2048":["https:\/\/opinionpublica.com.ar\/index\/wp-content\/uploads\/2025\/01\/cruceros1-ushuaia.jpg",1366,910,false],"morenews-large":["https:\/\/opinionpublica.com.ar\/index\/wp-content\/uploads\/2025\/01\/cruceros1-ushuaia-825x575.jpg",825,575,true],"morenews-medium":["https:\/\/opinionpublica.com.ar\/index\/wp-content\/uploads\/2025\/01\/cruceros1-ushuaia-590x410.jpg",590,410,true]},"author_info":{"display_name":"Hal","author_link":"https:\/\/opinionpublica.com.ar\/index\/author\/hal\/"},"category_info":"<a href=\"https:\/\/opinionpublica.com.ar\/index\/category\/ushuaia\/\" rel=\"category tag\">Ushuaia<\/a>","tag_info":"Ushuaia","comment_count":"0","_links":{"self":[{"href":"https:\/\/opinionpublica.com.ar\/index\/wp-json\/wp\/v2\/posts\/12146","targetHints":{"allow":["GET"]}}],"collection":[{"href":"https:\/\/opinionpublica.com.ar\/index\/wp-json\/wp\/v2\/posts"}],"about":[{"href":"https:\/\/opinionpublica.com.ar\/index\/wp-json\/wp\/v2\/types\/post"}],"author":[{"embeddable":true,"href":"https:\/\/opinionpublica.com.ar\/index\/wp-json\/wp\/v2\/users\/5"}],"replies":[{"embeddable":true,"href":"https:\/\/opinionpublica.com.ar\/index\/wp-json\/wp\/v2\/comments?post=12146"}],"version-history":[{"count":1,"href":"https:\/\/opinionpublica.com.ar\/index\/wp-json\/wp\/v2\/posts\/12146\/revisions"}],"predecessor-version":[{"id":12147,"href":"https:\/\/opinionpublica.com.ar\/index\/wp-json\/wp\/v2\/posts\/12146\/revisions\/12147"}],"wp:featuredmedia":[{"embeddable":true,"href":"https:\/\/opinionpublica.com.ar\/index\/wp-json\/wp\/v2\/media\/8358"}],"wp:attachment":[{"href":"https:\/\/opinionpublica.com.ar\/index\/wp-json\/wp\/v2\/media?parent=12146"}],"wp:term":[{"taxonomy":"category","embeddable":true,"href":"https:\/\/opinionpublica.com.ar\/index\/wp-json\/wp\/v2\/categories?post=12146"},{"taxonomy":"post_tag","embeddable":true,"href":"https:\/\/opinionpublica.com.ar\/index\/wp-json\/wp\/v2\/tags?post=12146"}],"curies":[{"name":"wp","href":"https:\/\/api.w.org\/{rel}","templated":true}]}}