{"id":12148,"date":"2026-01-13T12:53:51","date_gmt":"2026-01-13T15:53:51","guid":{"rendered":"https:\/\/opinionpublica.com.ar\/index\/?p=12148"},"modified":"2026-01-13T12:53:51","modified_gmt":"2026-01-13T15:53:51","slug":"chofer-vip-con-fondos-publicos-11-millones-para-el-traslado-del-intendente","status":"publish","type":"post","link":"https:\/\/opinionpublica.com.ar\/index\/chofer-vip-con-fondos-publicos-11-millones-para-el-traslado-del-intendente\/","title":{"rendered":"Chofer VIP con fondos p\u00fablicos: $11 millones para el traslado del intendente"},"content":{"rendered":"<h3>Chofer VIP con fondos p\u00fablicos: $11 millones para el traslado del intendente<\/h3>\n<p><a href=\"https:\/\/opinionpublica.com.ar\/index\/wp-content\/uploads\/2024\/06\/walter-vuoto.jpg\"><img fetchpriority=\"high\" decoding=\"async\" class=\"alignnone size-full wp-image-4161\" src=\"https:\/\/opinionpublica.com.ar\/index\/wp-content\/uploads\/2024\/06\/walter-vuoto.jpg\" alt=\"\" width=\"1200\" height=\"800\" srcset=\"https:\/\/opinionpublica.com.ar\/index\/wp-content\/uploads\/2024\/06\/walter-vuoto.jpg 1200w, https:\/\/opinionpublica.com.ar\/index\/wp-content\/uploads\/2024\/06\/walter-vuoto-300x200.jpg 300w, https:\/\/opinionpublica.com.ar\/index\/wp-content\/uploads\/2024\/06\/walter-vuoto-1024x683.jpg 1024w, https:\/\/opinionpublica.com.ar\/index\/wp-content\/uploads\/2024\/06\/walter-vuoto-768x512.jpg 768w\" sizes=\"(max-width: 1200px) 100vw, 1200px\" \/><\/a><\/p>\n<p>La publicaci\u00f3n en el Bolet\u00edn Oficial de la Municipalidad de Ushuaia volvi\u00f3 a encender la discusi\u00f3n sobre el destino de los recursos p\u00fablicos. En la edici\u00f3n correspondiente al 6 de enero de 2026 qued\u00f3 formalizada una nueva contrataci\u00f3n por $11.000.000 para la prestaci\u00f3n de servicios de chofer y asistente privado del intendente municipal, por un per\u00edodo de cinco meses.<\/p>\n<p>&nbsp;<\/p>\n<p>Seg\u00fan el contrato, el servicio contempla una carga m\u00ednima de 45 horas semanales, de lunes a domingo, adem\u00e1s del pago de vi\u00e1ticos, traslados y estad\u00edas cuando las tareas se desarrollen fuera de la ciudad. El monto ser\u00e1 abonado en cinco cuotas mensuales consecutivas de $2.200.000 cada una, con fondos del presupuesto municipal.<\/p>\n<p>&nbsp;<\/p>\n<p>M\u00e1s all\u00e1 de la legalidad administrativa del procedimiento, la contrataci\u00f3n genera interrogantes pol\u00edticos y sociales en un contexto econ\u00f3mico complejo, donde amplios sectores de la comunidad enfrentan dificultades crecientes. Ushuaia atraviesa demandas urgentes vinculadas a la infraestructura barrial, el mantenimiento urbano, la asistencia social, el acceso a la vivienda y el fortalecimiento de servicios b\u00e1sicos que impactan directamente en la calidad de vida de los vecinos.<\/p>\n<p>&nbsp;<\/p>\n<p>En ese escenario, la asignaci\u00f3n de recursos para garantizar la comodidad, el traslado y el estatus del jefe comunal aparece, cuanto menos, como una decisi\u00f3n controversial. No se trata \u00fanicamente de un n\u00famero en el presupuesto, sino de una se\u00f1al pol\u00edtica sobre cu\u00e1les son las prioridades del gobierno municipal en un momento donde se pide esfuerzo, paciencia y comprensi\u00f3n a la ciudadan\u00eda.<\/p>\n<p>&nbsp;<\/p>\n<p>La figura del chofer privado exclusivo, con una retribuci\u00f3n millonaria, contrasta con la realidad de trabajadores municipales que reclaman mejoras salariales, \u00e1reas operativas que funcionan con recursos limitados y barrios que siguen esperando soluciones estructurales. En tiempos de ajuste, inflaci\u00f3n y p\u00e9rdida de poder adquisitivo, cada peso del Estado adquiere un valor simb\u00f3lico y concreto.<\/p>\n<p>&nbsp;<\/p>\n<p>El debate, entonces, trasciende el contrato en s\u00ed. Pone sobre la mesa una pregunta central: \u00bfqu\u00e9 necesidades deben atenderse primero cuando los recursos son finitos? La respuesta no es t\u00e9cnica ni contable; es profundamente pol\u00edtica.<\/p>\n<p>&nbsp;<\/p>\n<p>La publicaci\u00f3n oficial del contrato abre una oportunidad para discutir con transparencia el modelo de gesti\u00f3n, el uso del dinero p\u00fablico y la distancia \u2014cada vez m\u00e1s visible\u2014 entre las urgencias cotidianas de la comunidad y las decisiones que se toman desde los despachos del poder.<\/p>\n<p>&nbsp;<\/p>\n<p>En definitiva, mientras muchos vecinos ajustan gastos para llegar a fin de mes, el Estado municipal vuelve a quedar bajo la lupa por inversiones que parecen responder m\u00e1s a la l\u00f3gica del confort institucional que a las prioridades sociales de la ciudad m\u00e1s austral del pa\u00eds.<\/p>\n<p>&nbsp;<\/p>\n","protected":false},"excerpt":{"rendered":"<p>Chofer VIP con fondos p\u00fablicos: $11 millones para el traslado del intendente La publicaci\u00f3n en el Bolet\u00edn Oficial<\/p>\n","protected":false},"author":5,"featured_media":4161,"comment_status":"open","ping_status":"open","sticky":false,"template":"","format":"standard","meta":{"footnotes":""},"categories":[21],"tags":[4084,4083,538],"class_list":["post-12148","post","type-post","status-publish","format-standard","has-post-thumbnail","hentry","category-ushuaia","tag-chofer","tag-municipalidad-ushuaia","tag-walter-vuoto"],"featured_image_urls":{"full":["https:\/\/opinionpublica.com.ar\/index\/wp-content\/uploads\/2024\/06\/walter-vuoto.jpg",1200,800,false],"thumbnail":["https:\/\/opinionpublica.com.ar\/index\/wp-content\/uploads\/2024\/06\/walter-vuoto-150x150.jpg",150,150,true],"medium":["https:\/\/opinionpublica.com.ar\/index\/wp-content\/uploads\/2024\/06\/walter-vuoto-300x200.jpg",300,200,true],"medium_large":["https:\/\/opinionpublica.com.ar\/index\/wp-content\/uploads\/2024\/06\/walter-vuoto-768x512.jpg",640,427,true],"large":["https:\/\/opinionpublica.com.ar\/index\/wp-content\/uploads\/2024\/06\/walter-vuoto-1024x683.jpg",640,427,true],"1536x1536":["https:\/\/opinionpublica.com.ar\/index\/wp-content\/uploads\/2024\/06\/walter-vuoto.jpg",1200,800,false],"2048x2048":["https:\/\/opinionpublica.com.ar\/index\/wp-content\/uploads\/2024\/06\/walter-vuoto.jpg",1200,800,false],"morenews-large":["https:\/\/opinionpublica.com.ar\/index\/wp-content\/uploads\/2024\/06\/walter-vuoto-825x575.jpg",825,575,true],"morenews-medium":["https:\/\/opinionpublica.com.ar\/index\/wp-content\/uploads\/2024\/06\/walter-vuoto-590x410.jpg",590,410,true]},"author_info":{"display_name":"Hal","author_link":"https:\/\/opinionpublica.com.ar\/index\/author\/hal\/"},"category_info":"<a href=\"https:\/\/opinionpublica.com.ar\/index\/category\/ushuaia\/\" rel=\"category tag\">Ushuaia<\/a>","tag_info":"Ushuaia","comment_count":"0","_links":{"self":[{"href":"https:\/\/opinionpublica.com.ar\/index\/wp-json\/wp\/v2\/posts\/12148","targetHints":{"allow":["GET"]}}],"collection":[{"href":"https:\/\/opinionpublica.com.ar\/index\/wp-json\/wp\/v2\/posts"}],"about":[{"href":"https:\/\/opinionpublica.com.ar\/index\/wp-json\/wp\/v2\/types\/post"}],"author":[{"embeddable":true,"href":"https:\/\/opinionpublica.com.ar\/index\/wp-json\/wp\/v2\/users\/5"}],"replies":[{"embeddable":true,"href":"https:\/\/opinionpublica.com.ar\/index\/wp-json\/wp\/v2\/comments?post=12148"}],"version-history":[{"count":1,"href":"https:\/\/opinionpublica.com.ar\/index\/wp-json\/wp\/v2\/posts\/12148\/revisions"}],"predecessor-version":[{"id":12149,"href":"https:\/\/opinionpublica.com.ar\/index\/wp-json\/wp\/v2\/posts\/12148\/revisions\/12149"}],"wp:featuredmedia":[{"embeddable":true,"href":"https:\/\/opinionpublica.com.ar\/index\/wp-json\/wp\/v2\/media\/4161"}],"wp:attachment":[{"href":"https:\/\/opinionpublica.com.ar\/index\/wp-json\/wp\/v2\/media?parent=12148"}],"wp:term":[{"taxonomy":"category","embeddable":true,"href":"https:\/\/opinionpublica.com.ar\/index\/wp-json\/wp\/v2\/categories?post=12148"},{"taxonomy":"post_tag","embeddable":true,"href":"https:\/\/opinionpublica.com.ar\/index\/wp-json\/wp\/v2\/tags?post=12148"}],"curies":[{"name":"wp","href":"https:\/\/api.w.org\/{rel}","templated":true}]}}