{"id":12150,"date":"2026-01-13T13:08:49","date_gmt":"2026-01-13T16:08:49","guid":{"rendered":"https:\/\/opinionpublica.com.ar\/index\/?p=12150"},"modified":"2026-01-13T13:08:49","modified_gmt":"2026-01-13T16:08:49","slug":"el-costo-de-los-rescates-en-la-montana-lo-terminan-pagando-los-fueguinos","status":"publish","type":"post","link":"https:\/\/opinionpublica.com.ar\/index\/el-costo-de-los-rescates-en-la-montana-lo-terminan-pagando-los-fueguinos\/","title":{"rendered":"El costo de los rescates en la monta\u00f1a lo terminan pagando los fueguinos"},"content":{"rendered":"<h3>El costo de los rescates en la monta\u00f1a lo terminan pagando los fueguinos<\/h3>\n<h3><a href=\"https:\/\/opinionpublica.com.ar\/index\/wp-content\/uploads\/2026\/01\/rescate-ushuaia-1536x1152-1.jpg\"><img fetchpriority=\"high\" decoding=\"async\" class=\"size-full wp-image-12151 alignleft\" src=\"https:\/\/opinionpublica.com.ar\/index\/wp-content\/uploads\/2026\/01\/rescate-ushuaia-1536x1152-1.jpg\" alt=\"\" width=\"1536\" height=\"1152\" srcset=\"https:\/\/opinionpublica.com.ar\/index\/wp-content\/uploads\/2026\/01\/rescate-ushuaia-1536x1152-1.jpg 1536w, https:\/\/opinionpublica.com.ar\/index\/wp-content\/uploads\/2026\/01\/rescate-ushuaia-1536x1152-1-300x225.jpg 300w, https:\/\/opinionpublica.com.ar\/index\/wp-content\/uploads\/2026\/01\/rescate-ushuaia-1536x1152-1-1024x768.jpg 1024w, https:\/\/opinionpublica.com.ar\/index\/wp-content\/uploads\/2026\/01\/rescate-ushuaia-1536x1152-1-768x576.jpg 768w\" sizes=\"(max-width: 1536px) 100vw, 1536px\" \/><\/a><\/h3>\n<p>El erario p\u00fablico provincial y municipal debi\u00f3 afrontar gastos por encima de los 600 mil d\u00f3lares para costear operativos de b\u00fasqueda en senderos locales durante los \u00faltimos tres a\u00f1os. Ante el aumento exponencial de auxilios y la falta de seguros privados por parte de los caminantes, crece el debate sobre la necesidad de transparentar el valor de estas intervenciones para generar conciencia sobre el riesgo y el uso de los recursos de la comunidad.<\/p>\n<p>Un informe indica que entre 2023 y 2025, con operativos que contin\u00faan registr\u00e1ndose en el inicio de 2026, el Estado fueguino, tanto municipal como provincial, destin\u00f3 m\u00e1s de 600.000 d\u00f3lares a tareas de b\u00fasqueda y rescate en zonas de monta\u00f1a.<\/p>\n<p>&nbsp;<\/p>\n<p>En un contexto de creciente afluencia de personas a los senderos, senderistas habituales plantean que, del mismo modo que se informa el nivel de dificultad de cada recorrido, tambi\u00e9n deber\u00eda indicarse el costo estimado de un rescate, como una forma de dimensionar el esfuerzo que implica cada intervenci\u00f3n y el impacto que finalmente se cubre con fondos p\u00fablicos.<\/p>\n<p>&nbsp;<\/p>\n<p>El senderismo en Tierra del Fuego mantiene un crecimiento sostenido en los \u00faltimos a\u00f1os. Recorridos que hasta hace poco eran transitados mayormente por personas con experiencia hoy reciben a un p\u00fablico m\u00e1s amplio, con distintos niveles de preparaci\u00f3n f\u00edsica y conocimiento del terreno. Ese fen\u00f3meno se refleja en un aumento constante de pedidos de auxilio, tanto en temporada estival como durante el invierno.<\/p>\n<p>&nbsp;<\/p>\n<p>Los registros disponibles indican que durante la temporada 2023\u20132024 se asisti\u00f3 a 117 personas en zonas de monta\u00f1a. En 2025, la cifra volvi\u00f3 a ubicarse por encima del centenar y, en las primeras semanas de 2026, ya se registraron nuevas intervenciones. No todos los episodios implican el mismo despliegue, pero para una estimaci\u00f3n prudente se consideran alrededor de 80 rescates anuales que requirieron una movilizaci\u00f3n efectiva de recursos humanos y materiales.<\/p>\n<p>&nbsp;<\/p>\n<p>Cada uno de esos operativos tiene un costo concreto. Informes t\u00e9cnicos utilizados como referencia establecen que una intervenci\u00f3n est\u00e1ndar insume alrededor de 8.650 d\u00f3lares, contemplando la participaci\u00f3n de rescatistas, el uso de veh\u00edculos, combustible, sistemas de comunicaci\u00f3n y el desgaste del equipamiento. Para el c\u00e1lculo global, se adopta un promedio conservador de 8.500 d\u00f3lares por salida.<\/p>\n<p>&nbsp;<\/p>\n<p>Con esos valores, el gasto acumulado en tareas de b\u00fasqueda y rescate entre 2023 y 2025, sumado a las intervenciones ya realizadas en lo que va de 2026, supera los 600.000 d\u00f3lares. La cifra no incluye la atenci\u00f3n m\u00e9dica posterior ni otros costos indirectos que se generan a partir de cada emergencia.<\/p>\n<p>&nbsp;<\/p>\n<p>Especialistas explican que la complejidad del rescate var\u00eda de acuerdo con el sector y las condiciones clim\u00e1ticas. En zonas como Estancia T\u00fanel, la asistencia suele resolverse con equipos terrestres y un despliegue log\u00edstico acotado.<\/p>\n<p>&nbsp;<\/p>\n<p>En cambio, emergencias en \u00e1reas como el Glaciar Ojo del Albino, lagunas de altura o sectores expuestos durante el invierno demandan m\u00e1s personal, mayor cantidad de horas de trabajo y, en algunos casos, apoyo a\u00e9reo mediante helic\u00f3ptero, lo que eleva de manera significativa el costo final.<\/p>\n<p>&nbsp;<\/p>\n<p>Un aspecto central es la falta de cobertura. En la mayor\u00eda de los casos, las personas asistidas no cuentan con seguros de accidentes personales ni con coberturas espec\u00edficas para actividades de riesgo. Esto implica que el costo del operativo es absorbido por el Estado, es decir, por el conjunto de los fueguinos. Si adem\u00e1s no poseen obra social, la atenci\u00f3n posterior se realiza en el sistema p\u00fablico de salud, sumando presi\u00f3n sobre hospitales y recursos sanitarios.<\/p>\n<p>&nbsp;<\/p>\n<p>Mientras los operativos contin\u00faan activ\u00e1ndose ante cada emergencia, los datos muestran que la asistencia en la monta\u00f1a fueguina tiene un costo elevado y sostenido en el tiempo, financiado con fondos p\u00fablicos. En ese escenario, la creciente circulaci\u00f3n por los senderos vuelve a poner en discusi\u00f3n la necesidad de mayor informaci\u00f3n, planificaci\u00f3n y conciencia al momento de transitar uno de los entornos naturales m\u00e1s exigentes del pa\u00eds.<\/p>\n","protected":false},"excerpt":{"rendered":"<p>El costo de los rescates en la monta\u00f1a lo terminan pagando los fueguinos El erario p\u00fablico provincial y<\/p>\n","protected":false},"author":5,"featured_media":12151,"comment_status":"open","ping_status":"open","sticky":false,"template":"","format":"standard","meta":{"footnotes":""},"categories":[29,2],"tags":[],"class_list":["post-12150","post","type-post","status-publish","format-standard","has-post-thumbnail","hentry","category-interes-general","category-tierra-del-fuego"],"featured_image_urls":{"full":["https:\/\/opinionpublica.com.ar\/index\/wp-content\/uploads\/2026\/01\/rescate-ushuaia-1536x1152-1.jpg",1536,1152,false],"thumbnail":["https:\/\/opinionpublica.com.ar\/index\/wp-content\/uploads\/2026\/01\/rescate-ushuaia-1536x1152-1-150x150.jpg",150,150,true],"medium":["https:\/\/opinionpublica.com.ar\/index\/wp-content\/uploads\/2026\/01\/rescate-ushuaia-1536x1152-1-300x225.jpg",300,225,true],"medium_large":["https:\/\/opinionpublica.com.ar\/index\/wp-content\/uploads\/2026\/01\/rescate-ushuaia-1536x1152-1-768x576.jpg",640,480,true],"large":["https:\/\/opinionpublica.com.ar\/index\/wp-content\/uploads\/2026\/01\/rescate-ushuaia-1536x1152-1-1024x768.jpg",640,480,true],"1536x1536":["https:\/\/opinionpublica.com.ar\/index\/wp-content\/uploads\/2026\/01\/rescate-ushuaia-1536x1152-1.jpg",1536,1152,false],"2048x2048":["https:\/\/opinionpublica.com.ar\/index\/wp-content\/uploads\/2026\/01\/rescate-ushuaia-1536x1152-1.jpg",1536,1152,false],"morenews-large":["https:\/\/opinionpublica.com.ar\/index\/wp-content\/uploads\/2026\/01\/rescate-ushuaia-1536x1152-1-825x575.jpg",825,575,true],"morenews-medium":["https:\/\/opinionpublica.com.ar\/index\/wp-content\/uploads\/2026\/01\/rescate-ushuaia-1536x1152-1-590x410.jpg",590,410,true]},"author_info":{"display_name":"Hal","author_link":"https:\/\/opinionpublica.com.ar\/index\/author\/hal\/"},"category_info":"<a href=\"https:\/\/opinionpublica.com.ar\/index\/category\/interes-general\/\" rel=\"category tag\">Interes General<\/a> <a href=\"https:\/\/opinionpublica.com.ar\/index\/category\/tierra-del-fuego\/\" rel=\"category tag\">Tierra del Fuego<\/a>","tag_info":"Tierra del Fuego","comment_count":"0","_links":{"self":[{"href":"https:\/\/opinionpublica.com.ar\/index\/wp-json\/wp\/v2\/posts\/12150","targetHints":{"allow":["GET"]}}],"collection":[{"href":"https:\/\/opinionpublica.com.ar\/index\/wp-json\/wp\/v2\/posts"}],"about":[{"href":"https:\/\/opinionpublica.com.ar\/index\/wp-json\/wp\/v2\/types\/post"}],"author":[{"embeddable":true,"href":"https:\/\/opinionpublica.com.ar\/index\/wp-json\/wp\/v2\/users\/5"}],"replies":[{"embeddable":true,"href":"https:\/\/opinionpublica.com.ar\/index\/wp-json\/wp\/v2\/comments?post=12150"}],"version-history":[{"count":1,"href":"https:\/\/opinionpublica.com.ar\/index\/wp-json\/wp\/v2\/posts\/12150\/revisions"}],"predecessor-version":[{"id":12152,"href":"https:\/\/opinionpublica.com.ar\/index\/wp-json\/wp\/v2\/posts\/12150\/revisions\/12152"}],"wp:featuredmedia":[{"embeddable":true,"href":"https:\/\/opinionpublica.com.ar\/index\/wp-json\/wp\/v2\/media\/12151"}],"wp:attachment":[{"href":"https:\/\/opinionpublica.com.ar\/index\/wp-json\/wp\/v2\/media?parent=12150"}],"wp:term":[{"taxonomy":"category","embeddable":true,"href":"https:\/\/opinionpublica.com.ar\/index\/wp-json\/wp\/v2\/categories?post=12150"},{"taxonomy":"post_tag","embeddable":true,"href":"https:\/\/opinionpublica.com.ar\/index\/wp-json\/wp\/v2\/tags?post=12150"}],"curies":[{"name":"wp","href":"https:\/\/api.w.org\/{rel}","templated":true}]}}