{"id":12153,"date":"2026-01-13T13:18:03","date_gmt":"2026-01-13T16:18:03","guid":{"rendered":"https:\/\/opinionpublica.com.ar\/index\/?p=12153"},"modified":"2026-01-13T13:18:03","modified_gmt":"2026-01-13T16:18:03","slug":"uno-de-cada-seis-fueguinos-se-fue-de-vacaciones-por-tierra","status":"publish","type":"post","link":"https:\/\/opinionpublica.com.ar\/index\/uno-de-cada-seis-fueguinos-se-fue-de-vacaciones-por-tierra\/","title":{"rendered":"Uno de cada seis fueguinos se fue de vacaciones por tierra"},"content":{"rendered":"<h3>Uno de cada seis fueguinos se fue de vacaciones por tierra<\/h3>\n<p>M\u00e1s de 32 mil residentes de las tres ciudades de la provincia salieron rumbo al continente entre el 1ero de diciembre y el 11 de enero.<\/p>\n<p><a href=\"https:\/\/opinionpublica.com.ar\/index\/wp-content\/uploads\/2025\/02\/20250224201609_20250106130710_20241229161203_20241222160651_20221228065522_paso_san_sebastian_1.jpg\"><img fetchpriority=\"high\" decoding=\"async\" class=\"alignnone size-full wp-image-8747\" src=\"https:\/\/opinionpublica.com.ar\/index\/wp-content\/uploads\/2025\/02\/20250224201609_20250106130710_20241229161203_20241222160651_20221228065522_paso_san_sebastian_1.jpg\" alt=\"\" width=\"880\" height=\"586\" srcset=\"https:\/\/opinionpublica.com.ar\/index\/wp-content\/uploads\/2025\/02\/20250224201609_20250106130710_20241229161203_20241222160651_20221228065522_paso_san_sebastian_1.jpg 880w, https:\/\/opinionpublica.com.ar\/index\/wp-content\/uploads\/2025\/02\/20250224201609_20250106130710_20241229161203_20241222160651_20221228065522_paso_san_sebastian_1-300x200.jpg 300w, https:\/\/opinionpublica.com.ar\/index\/wp-content\/uploads\/2025\/02\/20250224201609_20250106130710_20241229161203_20241222160651_20221228065522_paso_san_sebastian_1-768x511.jpg 768w\" sizes=\"(max-width: 880px) 100vw, 880px\" \/><\/a><\/p>\n<p>Seg\u00fan datos oficiales, el movimiento representa alrededor del 17% de la poblaci\u00f3n provincial. Las cifras muestran que los egresos por la frontera superaron ampliamente al ingreso de turistas por la misma v\u00eda.<\/p>\n<p>&nbsp;<\/p>\n<p>Pese a los vaivenes econ\u00f3micos, m\u00e1s de 32 mil residentes de Tierra del Fuego emprendieron sus vacaciones por v\u00eda terrestre rumbo al continente, en busca del sol, las playas, las sierras y otros destinos tur\u00edsticos tradicionales de la temporada estival. As\u00ed lo confirm\u00f3 el Gobierno de la provincia a trav\u00e9s de los responsables del \u201cOperativo Verano Seguro\u201d, quienes difundieron un balance parcial del movimiento registrado en los pasos fronterizos.<\/p>\n<p>&nbsp;<\/p>\n<p>De acuerdo a los datos oficiales, entre el 1 de diciembre de 2025 y el 11 de enero de 2026 se contabiliz\u00f3 la salida de 11.766 veh\u00edculos, en los que se trasladaron 32.086 personas. En contrapartida, el ingreso de turistas y retornantes a la provincia fue sensiblemente menor, con el registro de 7.615 veh\u00edculos y 19.381 personas que ingresaron al territorio fueguino durante el mismo per\u00edodo.<\/p>\n<p>&nbsp;<\/p>\n<p>El mayor nivel de actividad se produjo el viernes 19 de diciembre, jornada que marc\u00f3 el inicio del receso por las fiestas de fin de a\u00f1o. Ese d\u00eda se registr\u00f3 el pico m\u00e1ximo de egresos, con 577 veh\u00edculos y 1.647 personas que cruzaron la frontera en un solo d\u00eda.<\/p>\n<p>&nbsp;<\/p>\n<p>Si se tiene en cuenta que Ushuaia cuenta con una poblaci\u00f3n aproximada de 80 mil habitantes, R\u00edo Grande con unos 99 mil y Tolhuin con alrededor de 6 mil, la provincia alcanza una poblaci\u00f3n total estimada en 185 mil personas. En ese contexto, la salida de m\u00e1s de 32 mil residentes durante el primer tramo de la temporada estival representa cerca del 17 por ciento del total de habitantes de Tierra del Fuego.<\/p>\n<p>&nbsp;<\/p>\n","protected":false},"excerpt":{"rendered":"<p>Uno de cada seis fueguinos se fue de vacaciones por tierra M\u00e1s de 32 mil residentes de las<\/p>\n","protected":false},"author":5,"featured_media":8747,"comment_status":"open","ping_status":"open","sticky":false,"template":"","format":"standard","meta":{"footnotes":""},"categories":[2],"tags":[3234,1913],"class_list":["post-12153","post","type-post","status-publish","format-standard","has-post-thumbnail","hentry","category-tierra-del-fuego","tag-operativo-verano-seguro","tag-vacaciones"],"featured_image_urls":{"full":["https:\/\/opinionpublica.com.ar\/index\/wp-content\/uploads\/2025\/02\/20250224201609_20250106130710_20241229161203_20241222160651_20221228065522_paso_san_sebastian_1.jpg",880,586,false],"thumbnail":["https:\/\/opinionpublica.com.ar\/index\/wp-content\/uploads\/2025\/02\/20250224201609_20250106130710_20241229161203_20241222160651_20221228065522_paso_san_sebastian_1-150x150.jpg",150,150,true],"medium":["https:\/\/opinionpublica.com.ar\/index\/wp-content\/uploads\/2025\/02\/20250224201609_20250106130710_20241229161203_20241222160651_20221228065522_paso_san_sebastian_1-300x200.jpg",300,200,true],"medium_large":["https:\/\/opinionpublica.com.ar\/index\/wp-content\/uploads\/2025\/02\/20250224201609_20250106130710_20241229161203_20241222160651_20221228065522_paso_san_sebastian_1-768x511.jpg",640,426,true],"large":["https:\/\/opinionpublica.com.ar\/index\/wp-content\/uploads\/2025\/02\/20250224201609_20250106130710_20241229161203_20241222160651_20221228065522_paso_san_sebastian_1.jpg",640,426,false],"1536x1536":["https:\/\/opinionpublica.com.ar\/index\/wp-content\/uploads\/2025\/02\/20250224201609_20250106130710_20241229161203_20241222160651_20221228065522_paso_san_sebastian_1.jpg",880,586,false],"2048x2048":["https:\/\/opinionpublica.com.ar\/index\/wp-content\/uploads\/2025\/02\/20250224201609_20250106130710_20241229161203_20241222160651_20221228065522_paso_san_sebastian_1.jpg",880,586,false],"morenews-large":["https:\/\/opinionpublica.com.ar\/index\/wp-content\/uploads\/2025\/02\/20250224201609_20250106130710_20241229161203_20241222160651_20221228065522_paso_san_sebastian_1-825x575.jpg",825,575,true],"morenews-medium":["https:\/\/opinionpublica.com.ar\/index\/wp-content\/uploads\/2025\/02\/20250224201609_20250106130710_20241229161203_20241222160651_20221228065522_paso_san_sebastian_1-590x410.jpg",590,410,true]},"author_info":{"display_name":"Hal","author_link":"https:\/\/opinionpublica.com.ar\/index\/author\/hal\/"},"category_info":"<a href=\"https:\/\/opinionpublica.com.ar\/index\/category\/tierra-del-fuego\/\" rel=\"category tag\">Tierra del Fuego<\/a>","tag_info":"Tierra del Fuego","comment_count":"0","_links":{"self":[{"href":"https:\/\/opinionpublica.com.ar\/index\/wp-json\/wp\/v2\/posts\/12153","targetHints":{"allow":["GET"]}}],"collection":[{"href":"https:\/\/opinionpublica.com.ar\/index\/wp-json\/wp\/v2\/posts"}],"about":[{"href":"https:\/\/opinionpublica.com.ar\/index\/wp-json\/wp\/v2\/types\/post"}],"author":[{"embeddable":true,"href":"https:\/\/opinionpublica.com.ar\/index\/wp-json\/wp\/v2\/users\/5"}],"replies":[{"embeddable":true,"href":"https:\/\/opinionpublica.com.ar\/index\/wp-json\/wp\/v2\/comments?post=12153"}],"version-history":[{"count":1,"href":"https:\/\/opinionpublica.com.ar\/index\/wp-json\/wp\/v2\/posts\/12153\/revisions"}],"predecessor-version":[{"id":12154,"href":"https:\/\/opinionpublica.com.ar\/index\/wp-json\/wp\/v2\/posts\/12153\/revisions\/12154"}],"wp:featuredmedia":[{"embeddable":true,"href":"https:\/\/opinionpublica.com.ar\/index\/wp-json\/wp\/v2\/media\/8747"}],"wp:attachment":[{"href":"https:\/\/opinionpublica.com.ar\/index\/wp-json\/wp\/v2\/media?parent=12153"}],"wp:term":[{"taxonomy":"category","embeddable":true,"href":"https:\/\/opinionpublica.com.ar\/index\/wp-json\/wp\/v2\/categories?post=12153"},{"taxonomy":"post_tag","embeddable":true,"href":"https:\/\/opinionpublica.com.ar\/index\/wp-json\/wp\/v2\/tags?post=12153"}],"curies":[{"name":"wp","href":"https:\/\/api.w.org\/{rel}","templated":true}]}}