{"id":12155,"date":"2026-01-13T13:26:01","date_gmt":"2026-01-13T16:26:01","guid":{"rendered":"https:\/\/opinionpublica.com.ar\/index\/?p=12155"},"modified":"2026-01-13T13:26:01","modified_gmt":"2026-01-13T16:26:01","slug":"autofarma-avisa-que-esta-al-borde-de-la-quiebra-inminente","status":"publish","type":"post","link":"https:\/\/opinionpublica.com.ar\/index\/autofarma-avisa-que-esta-al-borde-de-la-quiebra-inminente\/","title":{"rendered":"Autofarma avisa que est\u00e1 al borde de la quiebra inminente"},"content":{"rendered":"<div id=\"menu_header_fixed\" class=\"w100p z9999 db dn-md fixed\">\n<div class=\"barra_muestra_menu bgwhite \">\n<h3 class=\"row middle-xs\">Autofarma avisa que est\u00e1 al borde de la quiebra inminente<\/h3>\n<p><a href=\"https:\/\/opinionpublica.com.ar\/index\/wp-content\/uploads\/2026\/01\/Puerto-Santa-Cruz.jpg\"><img fetchpriority=\"high\" decoding=\"async\" class=\"alignnone size-full wp-image-12156\" src=\"https:\/\/opinionpublica.com.ar\/index\/wp-content\/uploads\/2026\/01\/Puerto-Santa-Cruz.jpg\" alt=\"\" width=\"1000\" height=\"1000\" srcset=\"https:\/\/opinionpublica.com.ar\/index\/wp-content\/uploads\/2026\/01\/Puerto-Santa-Cruz.jpg 1000w, https:\/\/opinionpublica.com.ar\/index\/wp-content\/uploads\/2026\/01\/Puerto-Santa-Cruz-300x300.jpg 300w, https:\/\/opinionpublica.com.ar\/index\/wp-content\/uploads\/2026\/01\/Puerto-Santa-Cruz-150x150.jpg 150w, https:\/\/opinionpublica.com.ar\/index\/wp-content\/uploads\/2026\/01\/Puerto-Santa-Cruz-768x768.jpg 768w\" sizes=\"(max-width: 1000px) 100vw, 1000px\" \/><\/a><\/p>\n<\/div>\n<\/div>\n<div class=\"bgcaja boxed auto\">\n<section id=\"main\" class=\"pb20\">\n<div class=\"row\">\n<div id=\"columna-noticia-1\" class=\"col-12 col-md-9\">\n<div class=\"row pb3p\">\n<div class=\"pt3p pb3p col-offset-0 col-md-offset-1 col-12 col-md-11 nota-encabezado\">\n<p class=\"fparrafo ctext fz18 lh25\">La principal red de farmacias de la provincia advirti\u00f3 mediante una carta a la presidencia de la obra social que la deuda de 8.000 millones de pesos acumulada desde agosto asfixia su operatividad. Aseguran que, de no mediar pagos urgentes, el cierre definitivo podr\u00eda ocurrir en cuesti\u00f3n de d\u00edas, afectando la entrega de medicamentos de alto costo.<\/p>\n<\/div>\n<div class=\"col-offset-0 col-md-offset-1 col-12 col-md-11\">\n<div class=\"owl-carousel owl-theme carousel-nota owl-loaded owl-drag\">\n<div class=\"owl-stage-outer\">\n<div class=\"owl-stage\">\n<div class=\"owl-item cloned\">\n<div class=\"item\"><\/div>\n<\/div>\n<\/div>\n<\/div>\n<\/div>\n<\/div>\n<div class=\"col-12 col-md-10 col-md-offset-2 fz10 lh12\">\n<div class=\"bdb bdtextlight tar mb8 pt8 pb8\">\n<div id=\"st-1\" class=\"sharethis-inline-share-buttons st-left st-lang-es  st-inline-share-buttons st-animated\">\n<div class=\"st-btn\" data-network=\"twitter\"><img decoding=\"async\" src=\"https:\/\/platform-cdn.sharethis.com\/img\/twitter.svg\" alt=\"twitter sharing button\" \/><\/div>\n<div class=\"st-btn\" data-network=\"email\">La red de farmacias Autofarma, principal prestadora de la Obra Social del Estado Fueguino (OSEF), envi\u00f3 una desesperada misiva a la presidencia del organismo advirtiendo que se encuentra al borde de la quiebra. Seg\u00fan el documento, la deuda acumulada entre agosto y diciembre supera los 8.000 millones de pesos, una cifra que ha asfixiado financieramente a la empresa.<\/div>\n<\/div>\n<\/div>\n<\/div>\n<\/div>\n<div class=\"row\">\n<div class=\"col-12 col-md-10 fparrafo ctext fz16 lh28 mb20\">\n<div class=\"wysiwyg mb15 texto_nota\">\n<p>En la nota, firmada por Carlos Cortez en representaci\u00f3n de la firma y dirigida a Mariana Silvina Hruby, presidenta de la OSEF, se califica la situaci\u00f3n como \u00abgrave\u00bb y de extrema urgencia. La red de farmacias no solo es el mayor proveedor de medicamentos ambulatorios de la provincia, sino que desde junio de 2024 asumi\u00f3 tambi\u00e9n el abastecimiento de medicamentos de alto costo, un compromiso que hoy pone en jaque su continuidad.<\/p>\n<p><strong>Una deuda que \u00abasfixia\u00bb<\/strong><\/p>\n<p><em><strong>\u00abLa mora actual no solo nos ha provocado el rechazo de cheques y la interrupci\u00f3n de servicios por parte de nuestros proveedores, sino que tambi\u00e9n pone en riesgo nuestra continuidad comercial\u00bb,<\/strong><\/em>\u00a0expresa el texto con crudeza. Desde la empresa aseguran que el escenario de quiebra no es una posibilidad lejana: \u00abNo hablamos de semanas, sino de d\u00edas\u00bb.<\/p>\n<p>El esfuerzo financiero realizado por Autofarma para sostener el sistema sanitario de los afiliados estatales parece haber llegado a su l\u00edmite.\u00a0<strong>El cr\u00e9dito otorgado a la obra social, que ya alcanz\u00f3 los $8.000.000.000,00, ha generado un efecto domin\u00f3 que afecta la relaci\u00f3n de la farmacia con sus propios proveedores de insumos y medicamentos.<\/strong><\/p>\n<p><strong>El pedido a la gesti\u00f3n<\/strong><\/p>\n<p>A pesar de reconocer los problemas financieros que atraviesa la administraci\u00f3n provincial, desde la red de farmacias solicitaron una\u00a0<em><strong>\u00abintervenci\u00f3n urgente\u00bb<\/strong><\/em>\u00a0de la presidencia de OSEF para priorizar los pagos adeudados.<\/p>\n<p>El reclamo pone el foco en la necesidad de garantizar un<em><strong>\u00a0\u00abnormal funcionamiento como empresa\u00bb,<\/strong><\/em>\u00a0pero sobre todo en el impacto social que tendr\u00eda el cierre de la red para los miles de afiliados que dependen de Autofarma para acceder a sus tratamientos, tanto ambulatorios como los cr\u00edticos de alto costo.<\/p>\n<p>Hasta el momento, las autoridades de la obra social estatal no han emitido una respuesta oficial ante la advertencia de que la principal red de farmacias de la provincia podr\u00eda dejar de operar de manera definitiva en los pr\u00f3ximos d\u00edas.<\/p>\n<\/div>\n<\/div>\n<\/div>\n<\/div>\n<\/div>\n<\/section>\n<\/div>\n","protected":false},"excerpt":{"rendered":"<p>Autofarma avisa que est\u00e1 al borde de la quiebra inminente La principal red de farmacias de la provincia<\/p>\n","protected":false},"author":5,"featured_media":12156,"comment_status":"open","ping_status":"open","sticky":false,"template":"","format":"standard","meta":{"footnotes":""},"categories":[2],"tags":[4085,4087,113,317,4086],"class_list":["post-12155","post","type-post","status-publish","format-standard","has-post-thumbnail","hentry","category-tierra-del-fuego","tag-autofarma","tag-desesperacion","tag-deuda","tag-osef","tag-quiebre"],"featured_image_urls":{"full":["https:\/\/opinionpublica.com.ar\/index\/wp-content\/uploads\/2026\/01\/Puerto-Santa-Cruz.jpg",1000,1000,false],"thumbnail":["https:\/\/opinionpublica.com.ar\/index\/wp-content\/uploads\/2026\/01\/Puerto-Santa-Cruz-150x150.jpg",150,150,true],"medium":["https:\/\/opinionpublica.com.ar\/index\/wp-content\/uploads\/2026\/01\/Puerto-Santa-Cruz-300x300.jpg",300,300,true],"medium_large":["https:\/\/opinionpublica.com.ar\/index\/wp-content\/uploads\/2026\/01\/Puerto-Santa-Cruz-768x768.jpg",640,640,true],"large":["https:\/\/opinionpublica.com.ar\/index\/wp-content\/uploads\/2026\/01\/Puerto-Santa-Cruz.jpg",640,640,false],"1536x1536":["https:\/\/opinionpublica.com.ar\/index\/wp-content\/uploads\/2026\/01\/Puerto-Santa-Cruz.jpg",1000,1000,false],"2048x2048":["https:\/\/opinionpublica.com.ar\/index\/wp-content\/uploads\/2026\/01\/Puerto-Santa-Cruz.jpg",1000,1000,false],"morenews-large":["https:\/\/opinionpublica.com.ar\/index\/wp-content\/uploads\/2026\/01\/Puerto-Santa-Cruz-825x575.jpg",825,575,true],"morenews-medium":["https:\/\/opinionpublica.com.ar\/index\/wp-content\/uploads\/2026\/01\/Puerto-Santa-Cruz-590x410.jpg",590,410,true]},"author_info":{"display_name":"Hal","author_link":"https:\/\/opinionpublica.com.ar\/index\/author\/hal\/"},"category_info":"<a href=\"https:\/\/opinionpublica.com.ar\/index\/category\/tierra-del-fuego\/\" rel=\"category tag\">Tierra del Fuego<\/a>","tag_info":"Tierra del Fuego","comment_count":"0","_links":{"self":[{"href":"https:\/\/opinionpublica.com.ar\/index\/wp-json\/wp\/v2\/posts\/12155","targetHints":{"allow":["GET"]}}],"collection":[{"href":"https:\/\/opinionpublica.com.ar\/index\/wp-json\/wp\/v2\/posts"}],"about":[{"href":"https:\/\/opinionpublica.com.ar\/index\/wp-json\/wp\/v2\/types\/post"}],"author":[{"embeddable":true,"href":"https:\/\/opinionpublica.com.ar\/index\/wp-json\/wp\/v2\/users\/5"}],"replies":[{"embeddable":true,"href":"https:\/\/opinionpublica.com.ar\/index\/wp-json\/wp\/v2\/comments?post=12155"}],"version-history":[{"count":1,"href":"https:\/\/opinionpublica.com.ar\/index\/wp-json\/wp\/v2\/posts\/12155\/revisions"}],"predecessor-version":[{"id":12157,"href":"https:\/\/opinionpublica.com.ar\/index\/wp-json\/wp\/v2\/posts\/12155\/revisions\/12157"}],"wp:featuredmedia":[{"embeddable":true,"href":"https:\/\/opinionpublica.com.ar\/index\/wp-json\/wp\/v2\/media\/12156"}],"wp:attachment":[{"href":"https:\/\/opinionpublica.com.ar\/index\/wp-json\/wp\/v2\/media?parent=12155"}],"wp:term":[{"taxonomy":"category","embeddable":true,"href":"https:\/\/opinionpublica.com.ar\/index\/wp-json\/wp\/v2\/categories?post=12155"},{"taxonomy":"post_tag","embeddable":true,"href":"https:\/\/opinionpublica.com.ar\/index\/wp-json\/wp\/v2\/tags?post=12155"}],"curies":[{"name":"wp","href":"https:\/\/api.w.org\/{rel}","templated":true}]}}