{"id":12160,"date":"2026-01-14T11:10:23","date_gmt":"2026-01-14T14:10:23","guid":{"rendered":"https:\/\/opinionpublica.com.ar\/index\/?p=12160"},"modified":"2026-01-14T11:10:23","modified_gmt":"2026-01-14T14:10:23","slug":"la-cgt-prepara-una-gira-por-las-provincias-para-frenar-la-reforma-laboral","status":"publish","type":"post","link":"https:\/\/opinionpublica.com.ar\/index\/la-cgt-prepara-una-gira-por-las-provincias-para-frenar-la-reforma-laboral\/","title":{"rendered":"La CGT prepara una gira por las provincias para frenar la reforma laboral"},"content":{"rendered":"<h3>La CGT prepara una gira por las provincias para frenar la reforma laboral<\/h3>\n<p>Los titulares de la central obrera esperan reunirse con los gobernadores para manifestarles su posici\u00f3n en torno al proyecto del Gobierno que se tratar\u00e1 en febrero.<\/p>\n<p><a href=\"https:\/\/opinionpublica.com.ar\/index\/wp-content\/uploads\/2024\/06\/facundo-moyano-cgt.jpg\"><img fetchpriority=\"high\" decoding=\"async\" class=\"alignnone size-full wp-image-4172\" src=\"https:\/\/opinionpublica.com.ar\/index\/wp-content\/uploads\/2024\/06\/facundo-moyano-cgt.jpg\" alt=\"\" width=\"768\" height=\"576\" srcset=\"https:\/\/opinionpublica.com.ar\/index\/wp-content\/uploads\/2024\/06\/facundo-moyano-cgt.jpg 768w, https:\/\/opinionpublica.com.ar\/index\/wp-content\/uploads\/2024\/06\/facundo-moyano-cgt-300x225.jpg 300w\" sizes=\"(max-width: 768px) 100vw, 768px\" \/><\/a><\/p>\n<p>La c\u00fapula de la CGT (Confederaci\u00f3n General del Trabajo) prepara una gira por las provincias para negociar con los gobernadores el rechazo a la reforma laboral que present\u00f3 el Gobierno y que ser\u00e1 tratada a partir de las sesiones extraordinarias en el Senado.<\/p>\n<p>&nbsp;<\/p>\n<p>El di\u00e1logo con los mandatarios provinciales es clave dado que muchos de los senadores responden de forma directa a su voluntad. El recorrido estar\u00e1 en cabeza de dos de los tres cosecretarios generales de la central, Jorge Sola del sindicato de seguros y Cristian Jer\u00f3nimo, del gremio del vidrio.<\/p>\n<p>&nbsp;<\/p>\n<p>\u00abLa idea es ir a cada provincia\u00bb, aseguraron las fuentes de la central obrera a la Agencia NA. Aunque no queda claro si llegar\u00e1n a reunirse con todos los gobernadores o s\u00f3lo algunos.<\/p>\n<p>&nbsp;<\/p>\n<p><strong>Esto no les gusta a los autoritarios<\/strong><\/p>\n<p>El ejercicio del periodismo profesional y cr\u00edtico es un pilar fundamental de la democracia. Por eso molesta a quienes creen ser los due\u00f1os de la verdad.<\/p>\n<p>&nbsp;<\/p>\n<p>Al mismo tiempo, la CGT resolvi\u00f3 enviar a los abogados laboralistas de su equipo de asesores a las reuniones que se iniciar\u00e1n este viernes en el Senado para seguir de cerca y analizar los planteos que all\u00ed se realicen sobre el proyecto presentado por el oficialismo.<\/p>\n<p>&nbsp;<\/p>\n<p>\u201cEsta semana no, solo nuestros equipos t\u00e9cnicos en el Senado. La semana que viene, se retoman reuniones con bloques y quiz\u00e1s vayan algunos dirigentes\u201d, detall\u00f3 un representante de la central obrera.<\/p>\n<p>&nbsp;<\/p>\n<p>Desde el pr\u00f3ximo viernes funcionar\u00e1 una comisi\u00f3n t\u00e9cnica en la C\u00e1mara Alta que analizar\u00e1 los planteos del sindicalismo y del sector empresarial, con la intenci\u00f3n de introducir cambios que luego se llevar\u00e1n al recinto el 10 de febrero, de acuerdo a la agenda que se propone el oficialismo.<\/p>\n<p>&nbsp;<\/p>\n<p>Esta instancia se abri\u00f3 por iniciativa de la jefa del bloque de La Libertad Avanza (LLA) en la C\u00e1mara alta, Patricia Bullrich, quien en diciembre hab\u00eda postergado la idea inicial de debatir la reforma debido la dura resistencia de la CGT, que ese mes hizo una movilizaci\u00f3n masiva a Plaza de Mayo, indic\u00f3 NA.<\/p>\n<p>&nbsp;<\/p>\n<p><strong>La CGT rechaza una reforma laboral regresiva<\/strong><\/p>\n<p>P\u00fablicamente, la central obrera manifest\u00f3 su oposici\u00f3n a una reforma regresiva. En ese sentido, cuestion\u00f3 la creaci\u00f3n del Fondo de Asistencia Laboral con los aportes de la seguridad social que antes iban a los jubilados para financiar despidos. Asimismo, rechaz\u00f3 el abaratamiento de las indemnizaciones con la exclusi\u00f3n de su c\u00e1lculo del aguinaldo y el pago en cuotas. Tambi\u00e9n manifest\u00f3 su descontento con la creaci\u00f3n del banco hasta 12 horas, que permite extender la jornada sin el pago de las horas extras.<\/p>\n<p>&nbsp;<\/p>\n<p><strong>La reforma laboral s\u00f3lo busca consolidar el deterioro actual<\/strong><\/p>\n<p>La CGT adem\u00e1s critic\u00f3 la rebaja de aportes patronales del 6% al 5%, porque \u00abrecorta recursos para la salud\u00bb e \u00abimpacta directamente en las familias y no representa un ahorro real para las empresas\u00bb.<\/p>\n<p>&nbsp;<\/p>\n<p>Por otro lado, la central tambi\u00e9n se resiste a la eliminaci\u00f3n de la ultraactividad los convenios colectivos de trabajo, la limitaci\u00f3n del derecho a huelga con la ampliaci\u00f3n de las actividades esenciales, entre otros puntos.<\/p>\n<p>&nbsp;<\/p>\n<p>La gira de Santilli por las reformas del Gobierno<\/p>\n<p>En paralelo a la gira de la CGT, el ministro del Interior Diego Santilli se viene reuniendo con los gobernadores de diferentes provincias, tambi\u00e9n para negociar la reforma laboral y diferentes iniciativas que el Gobierno espera que sean acompa\u00f1adas.<\/p>\n<p>&nbsp;<\/p>\n<p>Este lunes, el ministro desembarc\u00f3 en Chaco para reunirse con el gobernador Leandro Zdero, uno de los mandatarios provinciales aliados de la Casa Rosada.<\/p>\n<p>&nbsp;<\/p>\n<p>Por otro lado, espera en su despacho al mandatario de La Pampa, Sergio Ziliotto, el pr\u00f3ximo viernes, aunque el tema a tratar ser\u00eda la deuda que Naci\u00f3n mantiene con la provincia dado el rechazo a la reforma laboral del pampeano.<\/p>\n<p>&nbsp;<\/p>\n<p>Hace una semana, Santilli viaj\u00f3 en medio de los incendios a Chubut para conseguir el respaldo de Ignacio Torres al proyecto de reforma del C\u00f3digo Penal y de la Ley de Contratos de Trabajo. El chubutense hizo p\u00fablico su apoyo a los cambios en materia penal pero no as\u00ed laboral dado que no tiene una posici\u00f3n tomada, indic\u00f3 La Naci\u00f3n.<\/p>\n<p>&nbsp;<\/p>\n<p>La gira del ministro sin embargo no incluye a todos los gobernadores, quedaron apartados de su visita Axel Kicillof (Buenos Aires), Ricardo Quintela (La Rioja), Gustavo Melella (Tierra del Fuego) y Gildo Insfr\u00e1n (Formosa).<\/p>\n","protected":false},"excerpt":{"rendered":"<p>La CGT prepara una gira por las provincias para frenar la reforma laboral Los titulares de la central<\/p>\n","protected":false},"author":5,"featured_media":4172,"comment_status":"open","ping_status":"open","sticky":false,"template":"","format":"standard","meta":{"footnotes":""},"categories":[29,3],"tags":[522,631],"class_list":["post-12160","post","type-post","status-publish","format-standard","has-post-thumbnail","hentry","category-interes-general","category-nacionales","tag-cgt","tag-reforma-laboral"],"featured_image_urls":{"full":["https:\/\/opinionpublica.com.ar\/index\/wp-content\/uploads\/2024\/06\/facundo-moyano-cgt.jpg",768,576,false],"thumbnail":["https:\/\/opinionpublica.com.ar\/index\/wp-content\/uploads\/2024\/06\/facundo-moyano-cgt-150x150.jpg",150,150,true],"medium":["https:\/\/opinionpublica.com.ar\/index\/wp-content\/uploads\/2024\/06\/facundo-moyano-cgt-300x225.jpg",300,225,true],"medium_large":["https:\/\/opinionpublica.com.ar\/index\/wp-content\/uploads\/2024\/06\/facundo-moyano-cgt.jpg",640,480,false],"large":["https:\/\/opinionpublica.com.ar\/index\/wp-content\/uploads\/2024\/06\/facundo-moyano-cgt.jpg",640,480,false],"1536x1536":["https:\/\/opinionpublica.com.ar\/index\/wp-content\/uploads\/2024\/06\/facundo-moyano-cgt.jpg",768,576,false],"2048x2048":["https:\/\/opinionpublica.com.ar\/index\/wp-content\/uploads\/2024\/06\/facundo-moyano-cgt.jpg",768,576,false],"morenews-large":["https:\/\/opinionpublica.com.ar\/index\/wp-content\/uploads\/2024\/06\/facundo-moyano-cgt.jpg",767,575,false],"morenews-medium":["https:\/\/opinionpublica.com.ar\/index\/wp-content\/uploads\/2024\/06\/facundo-moyano-cgt-590x410.jpg",590,410,true]},"author_info":{"display_name":"Hal","author_link":"https:\/\/opinionpublica.com.ar\/index\/author\/hal\/"},"category_info":"<a href=\"https:\/\/opinionpublica.com.ar\/index\/category\/interes-general\/\" rel=\"category tag\">Interes General<\/a> <a href=\"https:\/\/opinionpublica.com.ar\/index\/category\/nacionales\/\" rel=\"category tag\">Nacionales<\/a>","tag_info":"Nacionales","comment_count":"0","_links":{"self":[{"href":"https:\/\/opinionpublica.com.ar\/index\/wp-json\/wp\/v2\/posts\/12160","targetHints":{"allow":["GET"]}}],"collection":[{"href":"https:\/\/opinionpublica.com.ar\/index\/wp-json\/wp\/v2\/posts"}],"about":[{"href":"https:\/\/opinionpublica.com.ar\/index\/wp-json\/wp\/v2\/types\/post"}],"author":[{"embeddable":true,"href":"https:\/\/opinionpublica.com.ar\/index\/wp-json\/wp\/v2\/users\/5"}],"replies":[{"embeddable":true,"href":"https:\/\/opinionpublica.com.ar\/index\/wp-json\/wp\/v2\/comments?post=12160"}],"version-history":[{"count":1,"href":"https:\/\/opinionpublica.com.ar\/index\/wp-json\/wp\/v2\/posts\/12160\/revisions"}],"predecessor-version":[{"id":12161,"href":"https:\/\/opinionpublica.com.ar\/index\/wp-json\/wp\/v2\/posts\/12160\/revisions\/12161"}],"wp:featuredmedia":[{"embeddable":true,"href":"https:\/\/opinionpublica.com.ar\/index\/wp-json\/wp\/v2\/media\/4172"}],"wp:attachment":[{"href":"https:\/\/opinionpublica.com.ar\/index\/wp-json\/wp\/v2\/media?parent=12160"}],"wp:term":[{"taxonomy":"category","embeddable":true,"href":"https:\/\/opinionpublica.com.ar\/index\/wp-json\/wp\/v2\/categories?post=12160"},{"taxonomy":"post_tag","embeddable":true,"href":"https:\/\/opinionpublica.com.ar\/index\/wp-json\/wp\/v2\/tags?post=12160"}],"curies":[{"name":"wp","href":"https:\/\/api.w.org\/{rel}","templated":true}]}}