{"id":12162,"date":"2026-01-14T11:15:37","date_gmt":"2026-01-14T14:15:37","guid":{"rendered":"https:\/\/opinionpublica.com.ar\/index\/?p=12162"},"modified":"2026-01-14T11:15:37","modified_gmt":"2026-01-14T14:15:37","slug":"la-inflacion-en-2025-fue-de-315-la-mas-baja-de-los-ultimos-8-anos-segun-el-indec","status":"publish","type":"post","link":"https:\/\/opinionpublica.com.ar\/index\/la-inflacion-en-2025-fue-de-315-la-mas-baja-de-los-ultimos-8-anos-segun-el-indec\/","title":{"rendered":"La inflaci\u00f3n en 2025 fue de 31,5%, la m\u00e1s baja de los \u00faltimos 8 a\u00f1os seg\u00fan el INDEC"},"content":{"rendered":"<h3>La inflaci\u00f3n en 2025 fue de 31,5%, la m\u00e1s baja de los \u00faltimos 8 a\u00f1os seg\u00fan el INDEC<\/h3>\n<p>Se trata del nivel m\u00e1s bajo desde 2017 y los analistas prev\u00e9n que la suba de precios contin\u00fae su proceso de desaceleraci\u00f3n en 2026, aunque a un ritmo m\u00e1s lento.<\/p>\n<p><a href=\"https:\/\/opinionpublica.com.ar\/index\/wp-content\/uploads\/2024\/08\/inflacion-1.jpg\"><img fetchpriority=\"high\" decoding=\"async\" class=\"alignnone size-full wp-image-4991\" src=\"https:\/\/opinionpublica.com.ar\/index\/wp-content\/uploads\/2024\/08\/inflacion-1.jpg\" alt=\"\" width=\"870\" height=\"580\" srcset=\"https:\/\/opinionpublica.com.ar\/index\/wp-content\/uploads\/2024\/08\/inflacion-1.jpg 870w, https:\/\/opinionpublica.com.ar\/index\/wp-content\/uploads\/2024\/08\/inflacion-1-300x200.jpg 300w, https:\/\/opinionpublica.com.ar\/index\/wp-content\/uploads\/2024\/08\/inflacion-1-768x512.jpg 768w\" sizes=\"(max-width: 870px) 100vw, 870px\" \/><\/a><\/p>\n<p>La inflaci\u00f3n anual de 2025 lleg\u00f3 a 31,5%, luego de cerrar diciembre en 2,8%, seg\u00fan inform\u00f3 este martes el Instituto Nacional de Estad\u00edstica y Censos (Indec). Se trata del nivel m\u00e1s bajo desde 2017 y los analistas prev\u00e9n que la suba de precios contin\u00fae su proceso de desaceleraci\u00f3n en 2026, aunque a un ritmo m\u00e1s lento.<\/p>\n<p>&nbsp;<\/p>\n<p>El \u00cdndice de Precios al Consumidor (IPC), con factores estacionales presionando, marc\u00f3 una leve aceleraci\u00f3n en el \u00faltimo mes del a\u00f1o pasado respecto al 2,5% que hab\u00eda arrojado en noviembre. En concreto, a\u00fan no se logra perforar el 2%, en un contexto en que sigue la recomposici\u00f3n de precios relativos en rubros como Energ\u00eda, Transporte, Servicios y Regulados.<\/p>\n<p>&nbsp;<\/p>\n<p>\u201cLa divisi\u00f3n de mayor aumento en el mes fue Transporte (4,0%), seguida de Vivienda, agua, electricidad, gas y otros combustibles (3,4%). La divisi\u00f3n con mayor incidencia en la variaci\u00f3n mensual regional fue Alimentos y bebidas no alcoh\u00f3licas\u201d, reza el informe oficial del Indec.<\/p>\n<p>&nbsp;<\/p>\n<p>Por el contrario, las dos categor\u00edas que registraron las menores variaciones en diciembre de 2025 fueron Prendas de vestir y calzado (1,1%) y Educaci\u00f3n (0,4%). A nivel de las categor\u00edas, los precios Regulados (3,3%) lideraron el incremento, seguidos de IPC n\u00facleo (3,0%) y Estacionales (0,6%).<\/p>\n<p>&nbsp;<\/p>\n<p>Al posar la lupa sobre el comportamiento anual, la inflaci\u00f3n experiment\u00f3 una reducci\u00f3n de 86,3 puntos porcentuales respecto a los 117,8% que se hab\u00eda registrado en 2024. El Presupuesto 2026 contempla un IPC de 10,1% para el a\u00f1o corriente, aunque las mediciones privadas estiman el doble.<\/p>\n<p>&nbsp;<\/p>\n<p>Un informe de GMA Capital resumi\u00f3: \u201cDurante 2024 y 2025, el desplome de la nominalidad fue el objetivo central del programa econ\u00f3mico. La desaceleraci\u00f3n inflacionaria respondi\u00f3 a un proceso m\u00e1s amplio de ordenamiento macroecon\u00f3mico: la reversi\u00f3n de una din\u00e1mica fiscal hist\u00f3ricamente deficitaria, el fin de la asistencia monetaria del BCRA al Tesoro (tras un per\u00edodo en el que, entre 2020 y 2023, la emisi\u00f3n super\u00f3 el 25% del PBI) y un esquema cambiario que oper\u00f3 como ancla nominal, con una apreciaci\u00f3n real de 41% desde diciembre de 2023. Esto permiti\u00f3 llevar la inflaci\u00f3n a la zona del 2% mensual\u201d.<\/p>\n<p>&nbsp;<\/p>\n<p>Vale recordar que el IPC de 2024 ya hab\u00eda marcado una fuerte desaceleraci\u00f3n frente al 211,4% de 2023, \u00faltimo a\u00f1o del gobierno de Alberto Fern\u00e1ndez, a pesar de la herencia e inercia recibida.<\/p>\n<p>&nbsp;<\/p>\n<p>La inflaci\u00f3n prevista en el \u00faltimo Relevamiento de Expectativas de Mercado (REM) para todo 2026 es de 20,5%. En principio, en enero volver\u00eda a superar el 2%. Para que el IPC llegue a un d\u00edgito anual reci\u00e9n habr\u00eda que esperar hasta 2028, estiman las consultoras privadas.<\/p>\n<p>&nbsp;<\/p>\n<p>La evoluci\u00f3n del tipo de cambio tras las modificaciones en el esquema de bandas incidir\u00e1 en el proceso de baja durante los pr\u00f3ximos meses dado que el techo y el piso se actualizar\u00e1n por inflaci\u00f3n con dos meses de rezago. \u201cLa eliminaci\u00f3n de un ancla nominal ex\u00f3gena de 1% por un ritmo m\u00e1s alto provocar\u00e1 menos anclaje en los bienes transables\u201d, se\u00f1ala PPI.<\/p>\n<p>&nbsp;<\/p>\n<p>Seg\u00fan GMA, hacia 2026, el foco se desplazar\u00eda en favor de la acumulaci\u00f3n de reservas, \u201cdemandando ahora otro tipo de sinton\u00eda fina para sostener la desaceleraci\u00f3n de la inflaci\u00f3n\u201d. Una posibilidad es la fijaci\u00f3n de tasas de inter\u00e9s reales positivas.<\/p>\n<p>&nbsp;<\/p>\n<p><strong>Inflaci\u00f3n en CABA<\/strong><\/p>\n<p>Por su parte, el \u00cdndice de Precios al Consumidor de la Ciudad de Buenos Aires (Ipcba) mostr\u00f3 en diciembre de 2025 un aumento mensual de 2,7%, de acuerdo con datos del Instituto de Estad\u00edstica y Censos porte\u00f1o.<\/p>\n<p>&nbsp;<\/p>\n<p>En la comparaci\u00f3n interanual, el indicador acumul\u00f3 una suba de 31,8%, lo que implic\u00f3 una desaceleraci\u00f3n de 0,8 puntos porcentuales frente a noviembre.<\/p>\n<p>&nbsp;<\/p>\n<p>Entre los rubros, transporte encabez\u00f3 los incrementos con una suba de 5,5%, impulsada por los ajustes en combustibles, lubricantes y tarifas de colectivos urbanos, adem\u00e1s de aumentos en autom\u00f3viles y pasajes a\u00e9reos. Restaurantes y hoteles avanzaron 4,3%, principalmente por el encarecimiento de los alimentos consumidos fuera del hogar.<\/p>\n<p>&nbsp;<\/p>\n<p>Alimentos y bebidas no alcoh\u00f3licas registraron un alza de 2,4%, con fuertes subas en carnes y derivados (7,4%) y en pan y cereales (2,0%), parcialmente compensadas por una baja de 5,9% en verduras, tub\u00e9rculos y legumbres.<\/p>\n<p>&nbsp;<\/p>\n<p>En tanto, vivienda, agua, electricidad, gas y otros combustibles aumentaron 2,1%, con incidencia de los ajustes en alquileres y expensas. Estas cuatro divisiones explicaron la mayor parte del incremento general de precios del mes.<\/p>\n<p>&nbsp;<\/p>\n","protected":false},"excerpt":{"rendered":"<p>La inflaci\u00f3n en 2025 fue de 31,5%, la m\u00e1s baja de los \u00faltimos 8 a\u00f1os seg\u00fan el INDEC<\/p>\n","protected":false},"author":5,"featured_media":4991,"comment_status":"open","ping_status":"open","sticky":false,"template":"","format":"standard","meta":{"footnotes":""},"categories":[3],"tags":[123,362],"class_list":["post-12162","post","type-post","status-publish","format-standard","has-post-thumbnail","hentry","category-nacionales","tag-indec","tag-inflacion"],"featured_image_urls":{"full":["https:\/\/opinionpublica.com.ar\/index\/wp-content\/uploads\/2024\/08\/inflacion-1.jpg",870,580,false],"thumbnail":["https:\/\/opinionpublica.com.ar\/index\/wp-content\/uploads\/2024\/08\/inflacion-1-150x150.jpg",150,150,true],"medium":["https:\/\/opinionpublica.com.ar\/index\/wp-content\/uploads\/2024\/08\/inflacion-1-300x200.jpg",300,200,true],"medium_large":["https:\/\/opinionpublica.com.ar\/index\/wp-content\/uploads\/2024\/08\/inflacion-1-768x512.jpg",640,427,true],"large":["https:\/\/opinionpublica.com.ar\/index\/wp-content\/uploads\/2024\/08\/inflacion-1.jpg",640,427,false],"1536x1536":["https:\/\/opinionpublica.com.ar\/index\/wp-content\/uploads\/2024\/08\/inflacion-1.jpg",870,580,false],"2048x2048":["https:\/\/opinionpublica.com.ar\/index\/wp-content\/uploads\/2024\/08\/inflacion-1.jpg",870,580,false],"morenews-large":["https:\/\/opinionpublica.com.ar\/index\/wp-content\/uploads\/2024\/08\/inflacion-1-825x575.jpg",825,575,true],"morenews-medium":["https:\/\/opinionpublica.com.ar\/index\/wp-content\/uploads\/2024\/08\/inflacion-1-590x410.jpg",590,410,true]},"author_info":{"display_name":"Hal","author_link":"https:\/\/opinionpublica.com.ar\/index\/author\/hal\/"},"category_info":"<a href=\"https:\/\/opinionpublica.com.ar\/index\/category\/nacionales\/\" rel=\"category tag\">Nacionales<\/a>","tag_info":"Nacionales","comment_count":"0","_links":{"self":[{"href":"https:\/\/opinionpublica.com.ar\/index\/wp-json\/wp\/v2\/posts\/12162","targetHints":{"allow":["GET"]}}],"collection":[{"href":"https:\/\/opinionpublica.com.ar\/index\/wp-json\/wp\/v2\/posts"}],"about":[{"href":"https:\/\/opinionpublica.com.ar\/index\/wp-json\/wp\/v2\/types\/post"}],"author":[{"embeddable":true,"href":"https:\/\/opinionpublica.com.ar\/index\/wp-json\/wp\/v2\/users\/5"}],"replies":[{"embeddable":true,"href":"https:\/\/opinionpublica.com.ar\/index\/wp-json\/wp\/v2\/comments?post=12162"}],"version-history":[{"count":1,"href":"https:\/\/opinionpublica.com.ar\/index\/wp-json\/wp\/v2\/posts\/12162\/revisions"}],"predecessor-version":[{"id":12163,"href":"https:\/\/opinionpublica.com.ar\/index\/wp-json\/wp\/v2\/posts\/12162\/revisions\/12163"}],"wp:featuredmedia":[{"embeddable":true,"href":"https:\/\/opinionpublica.com.ar\/index\/wp-json\/wp\/v2\/media\/4991"}],"wp:attachment":[{"href":"https:\/\/opinionpublica.com.ar\/index\/wp-json\/wp\/v2\/media?parent=12162"}],"wp:term":[{"taxonomy":"category","embeddable":true,"href":"https:\/\/opinionpublica.com.ar\/index\/wp-json\/wp\/v2\/categories?post=12162"},{"taxonomy":"post_tag","embeddable":true,"href":"https:\/\/opinionpublica.com.ar\/index\/wp-json\/wp\/v2\/tags?post=12162"}],"curies":[{"name":"wp","href":"https:\/\/api.w.org\/{rel}","templated":true}]}}