{"id":12164,"date":"2026-01-14T11:21:29","date_gmt":"2026-01-14T14:21:29","guid":{"rendered":"https:\/\/opinionpublica.com.ar\/index\/?p=12164"},"modified":"2026-01-14T11:21:29","modified_gmt":"2026-01-14T14:21:29","slug":"casi-90-mil-hectareas-fueguinas-estan-en-manos-extranjeras","status":"publish","type":"post","link":"https:\/\/opinionpublica.com.ar\/index\/casi-90-mil-hectareas-fueguinas-estan-en-manos-extranjeras\/","title":{"rendered":"Casi 90 mil hect\u00e1reas fueguinas est\u00e1n en manos extranjeras"},"content":{"rendered":"<h3 style=\"text-align: left;\">\u00a0Casi 90 mil hect\u00e1reas fueguinas est\u00e1n en manos extranjeras<\/h3>\n<p><a href=\"https:\/\/opinionpublica.com.ar\/index\/wp-content\/uploads\/2025\/08\/8a536096-7e89-4cd1-9bfd-02b01dd7e40e-bosques-tierra-del-fuego.jpg\"><img fetchpriority=\"high\" decoding=\"async\" class=\"alignnone size-full wp-image-10878\" src=\"https:\/\/opinionpublica.com.ar\/index\/wp-content\/uploads\/2025\/08\/8a536096-7e89-4cd1-9bfd-02b01dd7e40e-bosques-tierra-del-fuego.jpg\" alt=\"\" width=\"1800\" height=\"1253\" srcset=\"https:\/\/opinionpublica.com.ar\/index\/wp-content\/uploads\/2025\/08\/8a536096-7e89-4cd1-9bfd-02b01dd7e40e-bosques-tierra-del-fuego.jpg 1800w, https:\/\/opinionpublica.com.ar\/index\/wp-content\/uploads\/2025\/08\/8a536096-7e89-4cd1-9bfd-02b01dd7e40e-bosques-tierra-del-fuego-300x209.jpg 300w, https:\/\/opinionpublica.com.ar\/index\/wp-content\/uploads\/2025\/08\/8a536096-7e89-4cd1-9bfd-02b01dd7e40e-bosques-tierra-del-fuego-1024x713.jpg 1024w, https:\/\/opinionpublica.com.ar\/index\/wp-content\/uploads\/2025\/08\/8a536096-7e89-4cd1-9bfd-02b01dd7e40e-bosques-tierra-del-fuego-768x535.jpg 768w, https:\/\/opinionpublica.com.ar\/index\/wp-content\/uploads\/2025\/08\/8a536096-7e89-4cd1-9bfd-02b01dd7e40e-bosques-tierra-del-fuego-1536x1069.jpg 1536w, https:\/\/opinionpublica.com.ar\/index\/wp-content\/uploads\/2025\/08\/8a536096-7e89-4cd1-9bfd-02b01dd7e40e-bosques-tierra-del-fuego-825x575.jpg 825w, https:\/\/opinionpublica.com.ar\/index\/wp-content\/uploads\/2025\/08\/8a536096-7e89-4cd1-9bfd-02b01dd7e40e-bosques-tierra-del-fuego-590x410.jpg 590w\" sizes=\"(max-width: 1800px) 100vw, 1800px\" \/><\/a><\/p>\n<p>Un relevamiento de la UBA y el Conicet revel\u00f3 que alrededor del 5% del territorio fueguino pertenece a propietarios extranjeros. La mayor concentraci\u00f3n se registra en Tolhuin, seguida por R\u00edo Grande, en un escenario que reabre el debate sobre el uso y control de la tierra.<\/p>\n<p>&nbsp;<\/p>\n<p>La discusi\u00f3n sobre la propiedad de la tierra vuelve a instalarse en Tierra del Fuego a partir de un dato concreto: casi 90 mil hect\u00e1reas de la provincia se encuentran en manos extranjeras. As\u00ed lo revela un reciente trabajo del Observatorio de Tierras, integrado por investigadores de la Universidad de Buenos Aires (UBA) y del Conicet, que mape\u00f3 la extranjerizaci\u00f3n del territorio argentino con una herramienta interactiva in\u00e9dita.<\/p>\n<p>&nbsp;<\/p>\n<p>Seg\u00fan el relevamiento, Tierra del Fuego cuenta con una superficie total de 1.926.919 hect\u00e1reas, de las cuales 89.847 hect\u00e1reas pertenecen a propietarios extranjeros. En t\u00e9rminos porcentuales, esto equivale a cerca del 5% del territorio provincial, una cifra que se alinea con el promedio nacional, pero que adquiere particular relevancia por la ubicaci\u00f3n estrat\u00e9gica y ambiental de la provincia m\u00e1s austral del pa\u00eds.<\/p>\n<p>&nbsp;<\/p>\n<p>Al desagregar los datos, el informe muestra una fuerte concentraci\u00f3n territorial. Del total de hect\u00e1reas extranjerizadas, 73.030 se localizan en Tolhuin, mientras que las 16.817 restantes corresponden a R\u00edo Grande. Esta distribuci\u00f3n deja en evidencia que el fen\u00f3meno no es homog\u00e9neo y que impacta de manera diferenciada seg\u00fan las zonas de la provincia.<\/p>\n<p>&nbsp;<\/p>\n<p>El estudio fue elaborado por el mag\u00edster en Estudios Culturales de Am\u00e9rica Latina Mat\u00edas Oberlin y forma parte de un an\u00e1lisis m\u00e1s amplio que indica que, a nivel nacional, m\u00e1s de 13 millones de hect\u00e1reas est\u00e1n en manos extranjeras, lo que representa alrededor del 5% del territorio argentino. En ese marco, Tierra del Fuego se ubica en un rango medio respecto a otras provincias, aunque el dato no deja de ser significativo.<\/p>\n<p>&nbsp;<\/p>\n<p>M\u00e1s all\u00e1 de la comparaci\u00f3n con otras jurisdicciones, el foco en Tierra del Fuego abre interrogantes espec\u00edficos. Se trata de una provincia con recursos naturales sensibles, \u00e1reas de alto valor ambiental y una localizaci\u00f3n geopol\u00edtica clave, factores que vuelven central la discusi\u00f3n sobre qui\u00e9nes poseen la tierra y con qu\u00e9 objetivos.<\/p>\n<p>&nbsp;<\/p>\n<p>El mapa interactivo desarrollado por la UBA y el Conicet no s\u00f3lo permite dimensionar el fen\u00f3meno, sino tambi\u00e9n visualizarlo con precisi\u00f3n territorial. De esta manera, el informe se convierte en una herramienta clave para el debate p\u00fablico, en momentos en que la gesti\u00f3n del suelo, la soberan\u00eda y el desarrollo sostenible ocupan un lugar central en la agenda.<\/p>\n<p>&nbsp;<\/p>\n<p>&nbsp;<\/p>\n","protected":false},"excerpt":{"rendered":"<p>\u00a0Casi 90 mil hect\u00e1reas fueguinas est\u00e1n en manos extranjeras Un relevamiento de la UBA y el Conicet revel\u00f3<\/p>\n","protected":false},"author":5,"featured_media":10878,"comment_status":"open","ping_status":"open","sticky":false,"template":"","format":"standard","meta":{"footnotes":""},"categories":[2],"tags":[4090,2348],"class_list":["post-12164","post","type-post","status-publish","format-standard","has-post-thumbnail","hentry","category-tierra-del-fuego","tag-propietarios-extranjeros","tag-relevamiento"],"featured_image_urls":{"full":["https:\/\/opinionpublica.com.ar\/index\/wp-content\/uploads\/2025\/08\/8a536096-7e89-4cd1-9bfd-02b01dd7e40e-bosques-tierra-del-fuego.jpg",1800,1253,false],"thumbnail":["https:\/\/opinionpublica.com.ar\/index\/wp-content\/uploads\/2025\/08\/8a536096-7e89-4cd1-9bfd-02b01dd7e40e-bosques-tierra-del-fuego-150x150.jpg",150,150,true],"medium":["https:\/\/opinionpublica.com.ar\/index\/wp-content\/uploads\/2025\/08\/8a536096-7e89-4cd1-9bfd-02b01dd7e40e-bosques-tierra-del-fuego-300x209.jpg",300,209,true],"medium_large":["https:\/\/opinionpublica.com.ar\/index\/wp-content\/uploads\/2025\/08\/8a536096-7e89-4cd1-9bfd-02b01dd7e40e-bosques-tierra-del-fuego-768x535.jpg",640,446,true],"large":["https:\/\/opinionpublica.com.ar\/index\/wp-content\/uploads\/2025\/08\/8a536096-7e89-4cd1-9bfd-02b01dd7e40e-bosques-tierra-del-fuego-1024x713.jpg",640,446,true],"1536x1536":["https:\/\/opinionpublica.com.ar\/index\/wp-content\/uploads\/2025\/08\/8a536096-7e89-4cd1-9bfd-02b01dd7e40e-bosques-tierra-del-fuego-1536x1069.jpg",1536,1069,true],"2048x2048":["https:\/\/opinionpublica.com.ar\/index\/wp-content\/uploads\/2025\/08\/8a536096-7e89-4cd1-9bfd-02b01dd7e40e-bosques-tierra-del-fuego.jpg",1800,1253,false],"morenews-large":["https:\/\/opinionpublica.com.ar\/index\/wp-content\/uploads\/2025\/08\/8a536096-7e89-4cd1-9bfd-02b01dd7e40e-bosques-tierra-del-fuego-825x575.jpg",825,575,true],"morenews-medium":["https:\/\/opinionpublica.com.ar\/index\/wp-content\/uploads\/2025\/08\/8a536096-7e89-4cd1-9bfd-02b01dd7e40e-bosques-tierra-del-fuego-590x410.jpg",590,410,true]},"author_info":{"display_name":"Hal","author_link":"https:\/\/opinionpublica.com.ar\/index\/author\/hal\/"},"category_info":"<a href=\"https:\/\/opinionpublica.com.ar\/index\/category\/tierra-del-fuego\/\" rel=\"category tag\">Tierra del Fuego<\/a>","tag_info":"Tierra del Fuego","comment_count":"0","_links":{"self":[{"href":"https:\/\/opinionpublica.com.ar\/index\/wp-json\/wp\/v2\/posts\/12164","targetHints":{"allow":["GET"]}}],"collection":[{"href":"https:\/\/opinionpublica.com.ar\/index\/wp-json\/wp\/v2\/posts"}],"about":[{"href":"https:\/\/opinionpublica.com.ar\/index\/wp-json\/wp\/v2\/types\/post"}],"author":[{"embeddable":true,"href":"https:\/\/opinionpublica.com.ar\/index\/wp-json\/wp\/v2\/users\/5"}],"replies":[{"embeddable":true,"href":"https:\/\/opinionpublica.com.ar\/index\/wp-json\/wp\/v2\/comments?post=12164"}],"version-history":[{"count":1,"href":"https:\/\/opinionpublica.com.ar\/index\/wp-json\/wp\/v2\/posts\/12164\/revisions"}],"predecessor-version":[{"id":12165,"href":"https:\/\/opinionpublica.com.ar\/index\/wp-json\/wp\/v2\/posts\/12164\/revisions\/12165"}],"wp:featuredmedia":[{"embeddable":true,"href":"https:\/\/opinionpublica.com.ar\/index\/wp-json\/wp\/v2\/media\/10878"}],"wp:attachment":[{"href":"https:\/\/opinionpublica.com.ar\/index\/wp-json\/wp\/v2\/media?parent=12164"}],"wp:term":[{"taxonomy":"category","embeddable":true,"href":"https:\/\/opinionpublica.com.ar\/index\/wp-json\/wp\/v2\/categories?post=12164"},{"taxonomy":"post_tag","embeddable":true,"href":"https:\/\/opinionpublica.com.ar\/index\/wp-json\/wp\/v2\/tags?post=12164"}],"curies":[{"name":"wp","href":"https:\/\/api.w.org\/{rel}","templated":true}]}}