{"id":12166,"date":"2026-01-14T11:29:34","date_gmt":"2026-01-14T14:29:34","guid":{"rendered":"https:\/\/opinionpublica.com.ar\/index\/?p=12166"},"modified":"2026-01-14T11:29:34","modified_gmt":"2026-01-14T14:29:34","slug":"avanzan-en-acuerdo-clave-para-proteger-las-turberas-patagonicas","status":"publish","type":"post","link":"https:\/\/opinionpublica.com.ar\/index\/avanzan-en-acuerdo-clave-para-proteger-las-turberas-patagonicas\/","title":{"rendered":"Avanzan en acuerdo clave para proteger las turberas patag\u00f3nicas"},"content":{"rendered":"<h3>Avanzan en acuerdo clave para proteger las turberas patag\u00f3nicas<\/h3>\n<p>Cooperaci\u00f3n ambiental binacional<\/p>\n<p><a href=\"https:\/\/opinionpublica.com.ar\/index\/wp-content\/uploads\/2026\/01\/DSC_4723.jpg\"><img fetchpriority=\"high\" decoding=\"async\" class=\"alignnone size-full wp-image-12167\" src=\"https:\/\/opinionpublica.com.ar\/index\/wp-content\/uploads\/2026\/01\/DSC_4723.jpg\" alt=\"\" width=\"2048\" height=\"1362\" srcset=\"https:\/\/opinionpublica.com.ar\/index\/wp-content\/uploads\/2026\/01\/DSC_4723.jpg 2048w, https:\/\/opinionpublica.com.ar\/index\/wp-content\/uploads\/2026\/01\/DSC_4723-300x200.jpg 300w, https:\/\/opinionpublica.com.ar\/index\/wp-content\/uploads\/2026\/01\/DSC_4723-1024x681.jpg 1024w, https:\/\/opinionpublica.com.ar\/index\/wp-content\/uploads\/2026\/01\/DSC_4723-768x511.jpg 768w, https:\/\/opinionpublica.com.ar\/index\/wp-content\/uploads\/2026\/01\/DSC_4723-1536x1022.jpg 1536w\" sizes=\"(max-width: 2048px) 100vw, 2048px\" \/><\/a><\/p>\n<p>Organizaciones ambientales, universidades y organismos p\u00fablicos de Argentina y Chile elaboraron un borrador de gobernanza para la conservaci\u00f3n y restauraci\u00f3n de las turberas patag\u00f3nicas. El documento ser\u00e1 debatido en los pr\u00f3ximos meses con los actores involucrados.<\/p>\n<p>&nbsp;<\/p>\n<p>La propuesta se gest\u00f3 a partir del trabajo conjunto entre instituciones y organizaciones de ambos pa\u00edses. Por Argentina participaron la Asociaci\u00f3n Manekenk y la Universidad Nacional de Tierra del Fuego (UNTDF), mientras que desde Chile se sumaron la Fundaci\u00f3n Hach Saye, la Fundaci\u00f3n Ciudadanos y Clima, la Universidad de Magallanes, el Ministerio del Medio Ambiente y la organizaci\u00f3n WCS.<\/p>\n<p>&nbsp;<\/p>\n<p>Especialistas de ambos pa\u00edses se reunieron en Magallanes para elaborar un borrador de gobernanza que define los componentes estructurales, los mecanismos de toma de decisiones y la organizaci\u00f3n de la iniciativa. Este documento busca consolidar un sistema de gobernanza ambiental compartida que permita asegurar la conservaci\u00f3n de las turberas patag\u00f3nicas a largo plazo y dar continuidad a la visi\u00f3n y misi\u00f3n establecidas de manera participativa en 2022.<\/p>\n<p>&nbsp;<\/p>\n<p>El borrador ser\u00e1 sometido a discusi\u00f3n en los pr\u00f3ximos meses con todos los actores involucrados, con el objetivo de consensuar un marco que establezca lineamientos m\u00ednimos para un funcionamiento estructurado y peri\u00f3dico de la iniciativa.<\/p>\n<p>&nbsp;<\/p>\n<p>Autoridades y especialistas enfatizaron la importancia de la cooperaci\u00f3n binacional para proteger estos humedales, considerados un ecosistema com\u00fan y ecol\u00f3gicamente continuo entre Argentina y Chile. Paula Otth, profesional del Departamento de Ecosistemas Acu\u00e1ticos del Ministerio del Medio Ambiente de Chile, afirm\u00f3 que el espacio de colaboraci\u00f3n y cooperaci\u00f3n es fundamental para la conservaci\u00f3n de las turberas patag\u00f3nicas.<\/p>\n<p>&nbsp;<\/p>\n<p>La ingeniera Adriana Urciuolo, docente e investigadora de la Universidad Nacional de Tierra del Fuego, sostuvo que el documento elaborado \u201crefleja la visi\u00f3n de todos sobre la Iniciativa Turberas Patag\u00f3nicas\u201d y que responde a un anhelo compartido desde la conformaci\u00f3n de la iniciativa en 2021.<\/p>\n<p>&nbsp;<\/p>\n<p>La iniciativa articula ciencia, pol\u00edtica y sociedad para garantizar la protecci\u00f3n y, en algunos casos, la restauraci\u00f3n de las turberas patag\u00f3nicas. Entre los objetivos principales se encuentran promover la conservaci\u00f3n y restauraci\u00f3n de estos humedales, fortalecer la red de trabajo binacional, generar conocimiento cient\u00edfico compartido, impulsar pol\u00edticas p\u00fablicas coordinadas e inspirar a la sociedad en el cuidado de estos ecosistemas.<\/p>\n<p>&nbsp;<\/p>\n<p>Especialistas destacaron el papel de las turberas como grandes reservorios naturales de carbono, factor que las hace relevantes tanto para la mitigaci\u00f3n como para la adaptaci\u00f3n al cambio clim\u00e1tico. Por ello, la propuesta binacional de colaboraci\u00f3n se inscribe tambi\u00e9n en la necesidad de enfrentar amenazas ambientales que podr\u00edan afectar la capacidad de estos ecosistemas para cumplir con sus funciones ecol\u00f3gicas.<\/p>\n<p>&nbsp;<\/p>\n<p>El plan se present\u00f3 en el marco del proyecto liderado por WCS Chile, denominado \u201cPotenciando la conservaci\u00f3n de las turberas en la Patagonia mediante la investigaci\u00f3n cient\u00edfica y la colaboraci\u00f3n entre actores\u201d, que busca mejorar la gesti\u00f3n y manejo de los ecosistemas en \u00e1reas como el Parque Karukinka, con un enfoque que incluye la investigaci\u00f3n cient\u00edfica y la participaci\u00f3n coordinada entre distintos sectores.<\/p>\n<p>&nbsp;<\/p>\n<p>&nbsp;<\/p>\n","protected":false},"excerpt":{"rendered":"<p>Avanzan en acuerdo clave para proteger las turberas patag\u00f3nicas Cooperaci\u00f3n ambiental binacional Organizaciones ambientales, universidades y organismos p\u00fablicos<\/p>\n","protected":false},"author":5,"featured_media":12167,"comment_status":"open","ping_status":"open","sticky":false,"template":"","format":"standard","meta":{"footnotes":""},"categories":[2],"tags":[4092,4091],"class_list":["post-12166","post","type-post","status-publish","format-standard","has-post-thumbnail","hentry","category-tierra-del-fuego","tag-proteccion","tag-turberas-patagonicas"],"featured_image_urls":{"full":["https:\/\/opinionpublica.com.ar\/index\/wp-content\/uploads\/2026\/01\/DSC_4723.jpg",2048,1362,false],"thumbnail":["https:\/\/opinionpublica.com.ar\/index\/wp-content\/uploads\/2026\/01\/DSC_4723-150x150.jpg",150,150,true],"medium":["https:\/\/opinionpublica.com.ar\/index\/wp-content\/uploads\/2026\/01\/DSC_4723-300x200.jpg",300,200,true],"medium_large":["https:\/\/opinionpublica.com.ar\/index\/wp-content\/uploads\/2026\/01\/DSC_4723-768x511.jpg",640,426,true],"large":["https:\/\/opinionpublica.com.ar\/index\/wp-content\/uploads\/2026\/01\/DSC_4723-1024x681.jpg",640,426,true],"1536x1536":["https:\/\/opinionpublica.com.ar\/index\/wp-content\/uploads\/2026\/01\/DSC_4723-1536x1022.jpg",1536,1022,true],"2048x2048":["https:\/\/opinionpublica.com.ar\/index\/wp-content\/uploads\/2026\/01\/DSC_4723.jpg",2048,1362,false],"morenews-large":["https:\/\/opinionpublica.com.ar\/index\/wp-content\/uploads\/2026\/01\/DSC_4723-825x575.jpg",825,575,true],"morenews-medium":["https:\/\/opinionpublica.com.ar\/index\/wp-content\/uploads\/2026\/01\/DSC_4723-590x410.jpg",590,410,true]},"author_info":{"display_name":"Hal","author_link":"https:\/\/opinionpublica.com.ar\/index\/author\/hal\/"},"category_info":"<a href=\"https:\/\/opinionpublica.com.ar\/index\/category\/tierra-del-fuego\/\" rel=\"category tag\">Tierra del Fuego<\/a>","tag_info":"Tierra del Fuego","comment_count":"0","_links":{"self":[{"href":"https:\/\/opinionpublica.com.ar\/index\/wp-json\/wp\/v2\/posts\/12166","targetHints":{"allow":["GET"]}}],"collection":[{"href":"https:\/\/opinionpublica.com.ar\/index\/wp-json\/wp\/v2\/posts"}],"about":[{"href":"https:\/\/opinionpublica.com.ar\/index\/wp-json\/wp\/v2\/types\/post"}],"author":[{"embeddable":true,"href":"https:\/\/opinionpublica.com.ar\/index\/wp-json\/wp\/v2\/users\/5"}],"replies":[{"embeddable":true,"href":"https:\/\/opinionpublica.com.ar\/index\/wp-json\/wp\/v2\/comments?post=12166"}],"version-history":[{"count":1,"href":"https:\/\/opinionpublica.com.ar\/index\/wp-json\/wp\/v2\/posts\/12166\/revisions"}],"predecessor-version":[{"id":12168,"href":"https:\/\/opinionpublica.com.ar\/index\/wp-json\/wp\/v2\/posts\/12166\/revisions\/12168"}],"wp:featuredmedia":[{"embeddable":true,"href":"https:\/\/opinionpublica.com.ar\/index\/wp-json\/wp\/v2\/media\/12167"}],"wp:attachment":[{"href":"https:\/\/opinionpublica.com.ar\/index\/wp-json\/wp\/v2\/media?parent=12166"}],"wp:term":[{"taxonomy":"category","embeddable":true,"href":"https:\/\/opinionpublica.com.ar\/index\/wp-json\/wp\/v2\/categories?post=12166"},{"taxonomy":"post_tag","embeddable":true,"href":"https:\/\/opinionpublica.com.ar\/index\/wp-json\/wp\/v2\/tags?post=12166"}],"curies":[{"name":"wp","href":"https:\/\/api.w.org\/{rel}","templated":true}]}}