{"id":12169,"date":"2026-01-14T11:33:55","date_gmt":"2026-01-14T14:33:55","guid":{"rendered":"https:\/\/opinionpublica.com.ar\/index\/?p=12169"},"modified":"2026-01-14T11:33:55","modified_gmt":"2026-01-14T14:33:55","slug":"municipalidad-de-ushuaia-congela-su-propia-administracion","status":"publish","type":"post","link":"https:\/\/opinionpublica.com.ar\/index\/municipalidad-de-ushuaia-congela-su-propia-administracion\/","title":{"rendered":"Municipalidad de Ushuaia congela su propia administraci\u00f3n"},"content":{"rendered":"<h3>Municipalidad de Ushuaia congela su propia administraci\u00f3n: el Ejecutivo frena contrataciones y movimientos internos<\/h3>\n<p>La Municipalidad de Ushuaia dispuso la suspensi\u00f3n de las contrataciones bajo el r\u00e9gimen de locaci\u00f3n de servicios y de los contratos administrativos en todo el \u00e1mbito del Ejecutivo local. La medida qued\u00f3 formalizada a trav\u00e9s de la circular 002\/2026 de la Jefatura de Gabinete y alcanza a la totalidad de las secretar\u00edas municipales.<\/p>\n<p><a href=\"https:\/\/opinionpublica.com.ar\/index\/wp-content\/uploads\/2024\/11\/f1280x720-119251_250926_5050-municipalidad-ushuaia.jpg\"><img fetchpriority=\"high\" decoding=\"async\" class=\"alignnone size-full wp-image-7537\" src=\"https:\/\/opinionpublica.com.ar\/index\/wp-content\/uploads\/2024\/11\/f1280x720-119251_250926_5050-municipalidad-ushuaia.jpg\" alt=\"\" width=\"1280\" height=\"720\" srcset=\"https:\/\/opinionpublica.com.ar\/index\/wp-content\/uploads\/2024\/11\/f1280x720-119251_250926_5050-municipalidad-ushuaia.jpg 1280w, https:\/\/opinionpublica.com.ar\/index\/wp-content\/uploads\/2024\/11\/f1280x720-119251_250926_5050-municipalidad-ushuaia-300x169.jpg 300w, https:\/\/opinionpublica.com.ar\/index\/wp-content\/uploads\/2024\/11\/f1280x720-119251_250926_5050-municipalidad-ushuaia-1024x576.jpg 1024w, https:\/\/opinionpublica.com.ar\/index\/wp-content\/uploads\/2024\/11\/f1280x720-119251_250926_5050-municipalidad-ushuaia-768x432.jpg 768w\" sizes=\"(max-width: 1280px) 100vw, 1280px\" \/><\/a><\/p>\n<p>&nbsp;<\/p>\n<p>El alcance de la decisi\u00f3n es amplio. Adem\u00e1s de frenar nuevas incorporaciones bajo esas modalidades, la circular establece la suspensi\u00f3n de recategorizaciones, cambios de grado, comisiones de servicio y adscripciones, lo que implica un congelamiento general de los movimientos internos dentro de la estructura administrativa.<\/p>\n<p>&nbsp;<\/p>\n<p>Desde el Municipio, la disposici\u00f3n se inscribe en un proceso de ordenamiento y revisi\u00f3n de la planta de personal. El texto de la circular fija un criterio uniforme para todas las \u00e1reas y no contempla excepciones, por lo que cualquier modificaci\u00f3n en la situaci\u00f3n de revista del personal deber\u00e1 quedar en suspenso hasta que se emitan nuevas instrucciones.<\/p>\n<p>&nbsp;<\/p>\n<p>En la pr\u00e1ctica, la medida impacta tanto en las \u00e1reas que utilizaban contratos temporales para reforzar su funcionamiento como en los trabajadores que aguardaban definiciones vinculadas a su carrera administrativa. Las recategorizaciones y cambios de grado, habitualmente asociados a procesos de reconocimiento y reorganizaci\u00f3n interna, quedan moment\u00e1neamente fuera de agenda.<\/p>\n<p>&nbsp;<\/p>\n","protected":false},"excerpt":{"rendered":"<p>Municipalidad de Ushuaia congela su propia administraci\u00f3n: el Ejecutivo frena contrataciones y movimientos internos La Municipalidad de Ushuaia<\/p>\n","protected":false},"author":5,"featured_media":7537,"comment_status":"open","ping_status":"open","sticky":false,"template":"","format":"standard","meta":{"footnotes":""},"categories":[21],"tags":[1296],"class_list":["post-12169","post","type-post","status-publish","format-standard","has-post-thumbnail","hentry","category-ushuaia","tag-municipalidad-de-ushuaia"],"featured_image_urls":{"full":["https:\/\/opinionpublica.com.ar\/index\/wp-content\/uploads\/2024\/11\/f1280x720-119251_250926_5050-municipalidad-ushuaia.jpg",1280,720,false],"thumbnail":["https:\/\/opinionpublica.com.ar\/index\/wp-content\/uploads\/2024\/11\/f1280x720-119251_250926_5050-municipalidad-ushuaia-150x150.jpg",150,150,true],"medium":["https:\/\/opinionpublica.com.ar\/index\/wp-content\/uploads\/2024\/11\/f1280x720-119251_250926_5050-municipalidad-ushuaia-300x169.jpg",300,169,true],"medium_large":["https:\/\/opinionpublica.com.ar\/index\/wp-content\/uploads\/2024\/11\/f1280x720-119251_250926_5050-municipalidad-ushuaia-768x432.jpg",640,360,true],"large":["https:\/\/opinionpublica.com.ar\/index\/wp-content\/uploads\/2024\/11\/f1280x720-119251_250926_5050-municipalidad-ushuaia-1024x576.jpg",640,360,true],"1536x1536":["https:\/\/opinionpublica.com.ar\/index\/wp-content\/uploads\/2024\/11\/f1280x720-119251_250926_5050-municipalidad-ushuaia.jpg",1280,720,false],"2048x2048":["https:\/\/opinionpublica.com.ar\/index\/wp-content\/uploads\/2024\/11\/f1280x720-119251_250926_5050-municipalidad-ushuaia.jpg",1280,720,false],"morenews-large":["https:\/\/opinionpublica.com.ar\/index\/wp-content\/uploads\/2024\/11\/f1280x720-119251_250926_5050-municipalidad-ushuaia-825x575.jpg",825,575,true],"morenews-medium":["https:\/\/opinionpublica.com.ar\/index\/wp-content\/uploads\/2024\/11\/f1280x720-119251_250926_5050-municipalidad-ushuaia-590x410.jpg",590,410,true]},"author_info":{"display_name":"Hal","author_link":"https:\/\/opinionpublica.com.ar\/index\/author\/hal\/"},"category_info":"<a href=\"https:\/\/opinionpublica.com.ar\/index\/category\/ushuaia\/\" rel=\"category tag\">Ushuaia<\/a>","tag_info":"Ushuaia","comment_count":"0","_links":{"self":[{"href":"https:\/\/opinionpublica.com.ar\/index\/wp-json\/wp\/v2\/posts\/12169","targetHints":{"allow":["GET"]}}],"collection":[{"href":"https:\/\/opinionpublica.com.ar\/index\/wp-json\/wp\/v2\/posts"}],"about":[{"href":"https:\/\/opinionpublica.com.ar\/index\/wp-json\/wp\/v2\/types\/post"}],"author":[{"embeddable":true,"href":"https:\/\/opinionpublica.com.ar\/index\/wp-json\/wp\/v2\/users\/5"}],"replies":[{"embeddable":true,"href":"https:\/\/opinionpublica.com.ar\/index\/wp-json\/wp\/v2\/comments?post=12169"}],"version-history":[{"count":1,"href":"https:\/\/opinionpublica.com.ar\/index\/wp-json\/wp\/v2\/posts\/12169\/revisions"}],"predecessor-version":[{"id":12170,"href":"https:\/\/opinionpublica.com.ar\/index\/wp-json\/wp\/v2\/posts\/12169\/revisions\/12170"}],"wp:featuredmedia":[{"embeddable":true,"href":"https:\/\/opinionpublica.com.ar\/index\/wp-json\/wp\/v2\/media\/7537"}],"wp:attachment":[{"href":"https:\/\/opinionpublica.com.ar\/index\/wp-json\/wp\/v2\/media?parent=12169"}],"wp:term":[{"taxonomy":"category","embeddable":true,"href":"https:\/\/opinionpublica.com.ar\/index\/wp-json\/wp\/v2\/categories?post=12169"},{"taxonomy":"post_tag","embeddable":true,"href":"https:\/\/opinionpublica.com.ar\/index\/wp-json\/wp\/v2\/tags?post=12169"}],"curies":[{"name":"wp","href":"https:\/\/api.w.org\/{rel}","templated":true}]}}