{"id":12171,"date":"2026-01-16T11:03:13","date_gmt":"2026-01-16T14:03:13","guid":{"rendered":"https:\/\/opinionpublica.com.ar\/index\/?p=12171"},"modified":"2026-01-16T11:03:13","modified_gmt":"2026-01-16T14:03:13","slug":"tierra-del-fuego-la-deuda-con-proveedores-aumenta","status":"publish","type":"post","link":"https:\/\/opinionpublica.com.ar\/index\/tierra-del-fuego-la-deuda-con-proveedores-aumenta\/","title":{"rendered":"Tierra del Fuego: La deuda con proveedores aumenta"},"content":{"rendered":"<h3>Tierra del Fuego: La deuda con proveedores aumenta y ya suma 5 meses, no se prev\u00e9n pagos.<\/h3>\n<p><a href=\"https:\/\/opinionpublica.com.ar\/index\/wp-content\/uploads\/2024\/05\/casa-de-gobierno.jpg\"><img fetchpriority=\"high\" decoding=\"async\" class=\"alignnone size-full wp-image-3121\" src=\"https:\/\/opinionpublica.com.ar\/index\/wp-content\/uploads\/2024\/05\/casa-de-gobierno.jpg\" alt=\"\" width=\"800\" height=\"600\" srcset=\"https:\/\/opinionpublica.com.ar\/index\/wp-content\/uploads\/2024\/05\/casa-de-gobierno.jpg 800w, https:\/\/opinionpublica.com.ar\/index\/wp-content\/uploads\/2024\/05\/casa-de-gobierno-300x225.jpg 300w, https:\/\/opinionpublica.com.ar\/index\/wp-content\/uploads\/2024\/05\/casa-de-gobierno-768x576.jpg 768w\" sizes=\"(max-width: 800px) 100vw, 800px\" \/><\/a><\/p>\n<p>&nbsp;<\/p>\n<p>La provincia atraviesa una crisis muy seria, y aun en medio del silencio abrumador, comienzan a verse situaciones muy preocupantes como la deuda con proveedores que en algunos casos llegan a 5 meses de atraso. Entre el d\u00e9ficit acumulado, una deuda de 6 millones de d\u00f3lares que debe pagarse en enero y el recorte de fondos nacionales, los proveedores deber\u00e1n seguir esperando, mientras la prioridad son los 60 mil millones mensuales destinados a salarios. Mientras el gasto pol\u00edtico se mantiene sin retoques de ning\u00fan tipo.<\/p>\n<p>&nbsp;<\/p>\n<p>A inicios de 2026, la tendencia respecto a la deuda del gobierno de Tierra del Fuego con sus proveedores se mantiene cr\u00edtica y bajo una fuerte presi\u00f3n fiscal, marcada por cambios en el gabinete econ\u00f3mico y la falta de un presupuesto aprobado para el ejercicio vigente.<\/p>\n<p><strong>Situaci\u00f3n actual y tendencia para 2026<\/strong><\/p>\n<p>Falta de Presupuesto: Al no haberse sancionado la ley de presupuesto para 2026, el gobierno provincial emiti\u00f3 el Decreto 32\/26 para reconducir las partidas del a\u00f1o anterior, fijando ingresos por $2,4 billones. Esta medida limita la flexibilidad para saldar deudas acumuladas, ya que se opera con recursos proyectados que pueden no cubrir el d\u00e9ficit de arrastre.<\/p>\n<p>D\u00e9ficit Proyectado: El proyecto de presupuesto original para 2026 preve\u00eda un d\u00e9ficit de aproximadamente $49.192 millones. Esta brecha financiera sugiere que la regularizaci\u00f3n total de los pagos a proveedores seguir\u00e1 postergada mientras se priorizan salarios y servicios esenciales.<\/p>\n<p>Crisis en el Gabinete Econ\u00f3mico: En enero de 2026 se produjo la renuncia masiva de funcionarios del Ministerio de Econom\u00eda, incluyendo al ministro Francisco Devita. El nuevo ministro, Alejandro Barrozo (proveniente de la AREF), enfrenta el desaf\u00edo de reordenar las cuentas en un contexto de \u00abfragilidad financiera\u00bb y deuda externa.<\/p>\n<p>Priorizaci\u00f3n de Pagos: La tendencia indica que el gobierno continuar\u00e1 priorizando la masa salarial (estimada en $60.000 millones mensuales) y el pago de intereses de deuda en d\u00f3lares, lo que deja a los proveedores comerciales en una posici\u00f3n de espera secundaria.<\/p>\n<p><strong>Factores que afectan la regularizaci\u00f3n<\/strong><\/p>\n<p>Deuda Externa: Tierra del Fuego es una de las primeras provincias con vencimientos de deuda en d\u00f3lares en 2026 (aproximadamente US$ 6 millones en enero), lo que drena divisas que podr\u00edan destinarse a proveedores locales.<\/p>\n<p>Relaci\u00f3n con Naci\u00f3n: Aunque se reporta un di\u00e1logo m\u00e1s fluido, la provincia no ha recibido Aportes del Tesoro Nacional (ATN) en los \u00faltimos dos a\u00f1os y depende de adelantos de coparticipaci\u00f3n para cubrir gastos corrientes inmediatos.<\/p>\n<p>Falta de Insumos: La morosidad ya afecta servicios cr\u00edticos, report\u00e1ndose a inicios de 2026 la falta de insumos m\u00e9dicos como insulina debido a las deudas acumuladas con proveedores del sector salud.<\/p>\n<p>El debate sobre el gasto pol\u00edtico en Tierra del Fuego cobra relevancia en 2026 debido a que la provincia inici\u00f3 el a\u00f1o con un presupuesto reconducido (al no aprobarse el proyecto original en 2025) y una deuda acumulada con proveedores en sectores cr\u00edticos.<\/p>\n<p>Gastos de la Legislatura en 2026<\/p>\n<p>A pesar de la crisis de pagos, la Legislatura fueguina (compuesta por solo 15 legisladores) aprob\u00f3 para 2026 un presupuesto propio de $27.000 millones.<\/p>\n<p>Costo por Legislador: Se estima que cada legislador le cuesta a la provincia aproximadamente $5 millones diarios, posicionando a la legislatura local entre las m\u00e1s costosas del pa\u00eds en t\u00e9rminos de gasto por representante.<\/p>\n<p>Estructura de Personal: El cuerpo legislativo mantiene una planta de 482 cargos, de los cuales 206 son permanentes y 276 temporarios (colaboradores directos).<\/p>\n<p>\u00bfDeber\u00edan recortarse?<\/p>\n<p>La postura sobre si estos gastos \u00abdeber\u00edan\u00bb recortarse var\u00eda seg\u00fan el enfoque pol\u00edtico y econ\u00f3mico, pero los indicadores actuales muestran una tensi\u00f3n creciente:<\/p>\n<p>Desfase Presupuestario: Mientras la Legislatura dispone de recursos para su estructura, el Ejecutivo provincial enfrenta un d\u00e9ficit proyectado de $49.192 millones para 2026 y deudas que han provocado la falta de insumos esenciales (como insulina) en los hospitales p\u00fablicos.<\/p>\n<p>Presi\u00f3n Ciudadana y del Sector Privado: La tendencia en 2026 est\u00e1 marcada por el reclamo de proveedores locales que exigen un \u00abajuste en la pol\u00edtica\u00bb antes que en los servicios p\u00fablicos o la cadena de pagos comerciales.<\/p>\n<p>&nbsp;<\/p>\n","protected":false},"excerpt":{"rendered":"<p>Tierra del Fuego: La deuda con proveedores aumenta y ya suma 5 meses, no se prev\u00e9n pagos. &nbsp;<\/p>\n","protected":false},"author":5,"featured_media":3121,"comment_status":"open","ping_status":"open","sticky":false,"template":"","format":"standard","meta":{"footnotes":""},"categories":[2],"tags":[113,12,4093],"class_list":["post-12171","post","type-post","status-publish","format-standard","has-post-thumbnail","hentry","category-tierra-del-fuego","tag-deuda","tag-economia","tag-proveedores"],"featured_image_urls":{"full":["https:\/\/opinionpublica.com.ar\/index\/wp-content\/uploads\/2024\/05\/casa-de-gobierno.jpg",800,600,false],"thumbnail":["https:\/\/opinionpublica.com.ar\/index\/wp-content\/uploads\/2024\/05\/casa-de-gobierno-150x150.jpg",150,150,true],"medium":["https:\/\/opinionpublica.com.ar\/index\/wp-content\/uploads\/2024\/05\/casa-de-gobierno-300x225.jpg",300,225,true],"medium_large":["https:\/\/opinionpublica.com.ar\/index\/wp-content\/uploads\/2024\/05\/casa-de-gobierno-768x576.jpg",640,480,true],"large":["https:\/\/opinionpublica.com.ar\/index\/wp-content\/uploads\/2024\/05\/casa-de-gobierno.jpg",640,480,false],"1536x1536":["https:\/\/opinionpublica.com.ar\/index\/wp-content\/uploads\/2024\/05\/casa-de-gobierno.jpg",800,600,false],"2048x2048":["https:\/\/opinionpublica.com.ar\/index\/wp-content\/uploads\/2024\/05\/casa-de-gobierno.jpg",800,600,false],"morenews-large":["https:\/\/opinionpublica.com.ar\/index\/wp-content\/uploads\/2024\/05\/casa-de-gobierno-800x575.jpg",800,575,true],"morenews-medium":["https:\/\/opinionpublica.com.ar\/index\/wp-content\/uploads\/2024\/05\/casa-de-gobierno-590x410.jpg",590,410,true]},"author_info":{"display_name":"Hal","author_link":"https:\/\/opinionpublica.com.ar\/index\/author\/hal\/"},"category_info":"<a href=\"https:\/\/opinionpublica.com.ar\/index\/category\/tierra-del-fuego\/\" rel=\"category tag\">Tierra del Fuego<\/a>","tag_info":"Tierra del Fuego","comment_count":"0","_links":{"self":[{"href":"https:\/\/opinionpublica.com.ar\/index\/wp-json\/wp\/v2\/posts\/12171","targetHints":{"allow":["GET"]}}],"collection":[{"href":"https:\/\/opinionpublica.com.ar\/index\/wp-json\/wp\/v2\/posts"}],"about":[{"href":"https:\/\/opinionpublica.com.ar\/index\/wp-json\/wp\/v2\/types\/post"}],"author":[{"embeddable":true,"href":"https:\/\/opinionpublica.com.ar\/index\/wp-json\/wp\/v2\/users\/5"}],"replies":[{"embeddable":true,"href":"https:\/\/opinionpublica.com.ar\/index\/wp-json\/wp\/v2\/comments?post=12171"}],"version-history":[{"count":1,"href":"https:\/\/opinionpublica.com.ar\/index\/wp-json\/wp\/v2\/posts\/12171\/revisions"}],"predecessor-version":[{"id":12172,"href":"https:\/\/opinionpublica.com.ar\/index\/wp-json\/wp\/v2\/posts\/12171\/revisions\/12172"}],"wp:featuredmedia":[{"embeddable":true,"href":"https:\/\/opinionpublica.com.ar\/index\/wp-json\/wp\/v2\/media\/3121"}],"wp:attachment":[{"href":"https:\/\/opinionpublica.com.ar\/index\/wp-json\/wp\/v2\/media?parent=12171"}],"wp:term":[{"taxonomy":"category","embeddable":true,"href":"https:\/\/opinionpublica.com.ar\/index\/wp-json\/wp\/v2\/categories?post=12171"},{"taxonomy":"post_tag","embeddable":true,"href":"https:\/\/opinionpublica.com.ar\/index\/wp-json\/wp\/v2\/tags?post=12171"}],"curies":[{"name":"wp","href":"https:\/\/api.w.org\/{rel}","templated":true}]}}