{"id":12173,"date":"2026-01-16T11:08:55","date_gmt":"2026-01-16T14:08:55","guid":{"rendered":"https:\/\/opinionpublica.com.ar\/index\/?p=12173"},"modified":"2026-01-16T11:08:55","modified_gmt":"2026-01-16T14:08:55","slug":"tibia-postura-de-melella-frente-al-ataque-a-la-industria-fueguina","status":"publish","type":"post","link":"https:\/\/opinionpublica.com.ar\/index\/tibia-postura-de-melella-frente-al-ataque-a-la-industria-fueguina\/","title":{"rendered":"Tibia postura de Melella frente al ataque a la industria fueguina"},"content":{"rendered":"<h3>Tibia postura de Melella frente al ataque a la industria fueguina<\/h3>\n<p>El gobernador Gustavo Melella utiliz\u00f3 sus canales oficiales para referirse a la quita de aranceles para productos importados que entr\u00f3 en vigencia el jueves. Su mensaje fue cuestionado por la falta de profundidad respecto de la soberan\u00eda y de la situaci\u00f3n que deber\u00e1 enfrentar la provincia ante un futuro incierto.<\/p>\n<p><a href=\"https:\/\/opinionpublica.com.ar\/index\/wp-content\/uploads\/2024\/06\/industria-tierra-del-fuego.jpg\"><img fetchpriority=\"high\" decoding=\"async\" class=\"alignnone size-full wp-image-3996\" src=\"https:\/\/opinionpublica.com.ar\/index\/wp-content\/uploads\/2024\/06\/industria-tierra-del-fuego.jpg\" alt=\"\" width=\"750\" height=\"500\" srcset=\"https:\/\/opinionpublica.com.ar\/index\/wp-content\/uploads\/2024\/06\/industria-tierra-del-fuego.jpg 750w, https:\/\/opinionpublica.com.ar\/index\/wp-content\/uploads\/2024\/06\/industria-tierra-del-fuego-300x200.jpg 300w\" sizes=\"(max-width: 750px) 100vw, 750px\" \/><\/a><\/p>\n<p>A trav\u00e9s de los canales oficiales, el mandatario provincial Gustavo Melella fij\u00f3 posici\u00f3n respecto de la entrada en vigencia del decreto 333\/25, que implica la quita de aranceles a las importaciones y sumerge en una crisis muy profunda al sector fabril provincial.<\/p>\n<p>&nbsp;<\/p>\n<p>Lo que llam\u00f3 la atenci\u00f3n es que la defensa del Gobernador se caracteriz\u00f3 por una ret\u00f3rica que result\u00f3 insuficiente para diversos sectores. En su publicaci\u00f3n, el titular del Ejecutivo evit\u00f3 profundizar en la magnitud del riesgo que corren miles de empleos directos, como as\u00ed tambi\u00e9n omiti\u00f3 mencionar el impacto colateral que esta medida tendr\u00e1 sobre la actividad mercantil en todo el territorio fueguino.<\/p>\n<p>&nbsp;<\/p>\n<p>La intervenci\u00f3n del Mandatario tampoco hizo hincapi\u00e9 en el trasfondo de la Ley 19.640 que dio origen al r\u00e9gimen industrial, la cual se sustenta en una estrategia de soberan\u00eda nacional que trasciende los intereses locales. El pronunciamiento de Melella fue interpretado como una exposici\u00f3n superficial y carente de peso hist\u00f3rico, percibida m\u00e1s como una formalidad institucional que como una defensa f\u00e9rrea de los habitantes de la isla ante el nuevo escenario econ\u00f3mico.<\/p>\n<p>&nbsp;<\/p>\n<p>&nbsp;<\/p>\n<p>En su descargo oficial, el Gobernador se\u00f1al\u00f3 que \u201choy entra en vigencia el decreto nacional 333\/25 que elimina aranceles a la importaci\u00f3n de celulares. Tras cada aumento de importaciones, hay un trabajo argentino menos. Mejor dicho: un trabajador argentino menos. Una familia m\u00e1s en problemas\u201d. Bajo esa misma l\u00ednea, manifest\u00f3 que mientras en algunos sectores se festeja un eventual abaratamiento de los equipos, en la provincia no existe motivo de celebraci\u00f3n.<\/p>\n<p>&nbsp;<\/p>\n<p>Melella fundament\u00f3 su preocupaci\u00f3n citando datos oficiales de la Encuesta de Indicadores Laborales (EIL), la cual indica que ya se perdieron 176.908 empleos en todo el pa\u00eds. El mandatario advirti\u00f3 que este retroceso ocurre en un contexto donde el acompa\u00f1amiento social es cada vez m\u00e1s escaso para quienes quedan fuera del sistema formal.<\/p>\n<p>&nbsp;<\/p>\n<p>Respecto de las estad\u00edsticas espec\u00edficas del sector, el posteo detall\u00f3 que el empleo total, a nivel nacional, cay\u00f3 un 2,8% desde finales de 2023, pero remarc\u00f3 que la situaci\u00f3n en Tierra del Fuego es mucho m\u00e1s grave, debido a que la baja all\u00ed alcanza el 9,6%. Frente a este panorama, Melella asegur\u00f3 que su gesti\u00f3n se encuentra activa buscando alternativas para revertir la tendencia, algo que ha repetido de manera sistem\u00e1tica pero sin resultados.<\/p>\n<p>&nbsp;<\/p>\n<p>Sobre el cierre de su mensaje, el Gobernador afirm\u00f3 que se encuentran modificando leyes y buscando atraer nuevas inversiones para sostener a los afectados. \u201cLa Patria se construye desde abajo, protegiendo el empleo argentino\u201d, concluy\u00f3 Melella, ratificando su intenci\u00f3n de trabajar junto a los municipios y los trabajadores para enfrentar los desaf\u00edos que impone la nueva normativa nacional.<\/p>\n","protected":false},"excerpt":{"rendered":"<p>Tibia postura de Melella frente al ataque a la industria fueguina El gobernador Gustavo Melella utiliz\u00f3 sus canales<\/p>\n","protected":false},"author":5,"featured_media":3996,"comment_status":"open","ping_status":"open","sticky":false,"template":"","format":"standard","meta":{"footnotes":""},"categories":[2],"tags":[839,38],"class_list":["post-12173","post","type-post","status-publish","format-standard","has-post-thumbnail","hentry","category-tierra-del-fuego","tag-aranceles","tag-industria"],"featured_image_urls":{"full":["https:\/\/opinionpublica.com.ar\/index\/wp-content\/uploads\/2024\/06\/industria-tierra-del-fuego.jpg",750,500,false],"thumbnail":["https:\/\/opinionpublica.com.ar\/index\/wp-content\/uploads\/2024\/06\/industria-tierra-del-fuego-150x150.jpg",150,150,true],"medium":["https:\/\/opinionpublica.com.ar\/index\/wp-content\/uploads\/2024\/06\/industria-tierra-del-fuego-300x200.jpg",300,200,true],"medium_large":["https:\/\/opinionpublica.com.ar\/index\/wp-content\/uploads\/2024\/06\/industria-tierra-del-fuego.jpg",640,427,false],"large":["https:\/\/opinionpublica.com.ar\/index\/wp-content\/uploads\/2024\/06\/industria-tierra-del-fuego.jpg",640,427,false],"1536x1536":["https:\/\/opinionpublica.com.ar\/index\/wp-content\/uploads\/2024\/06\/industria-tierra-del-fuego.jpg",750,500,false],"2048x2048":["https:\/\/opinionpublica.com.ar\/index\/wp-content\/uploads\/2024\/06\/industria-tierra-del-fuego.jpg",750,500,false],"morenews-large":["https:\/\/opinionpublica.com.ar\/index\/wp-content\/uploads\/2024\/06\/industria-tierra-del-fuego.jpg",750,500,false],"morenews-medium":["https:\/\/opinionpublica.com.ar\/index\/wp-content\/uploads\/2024\/06\/industria-tierra-del-fuego-590x410.jpg",590,410,true]},"author_info":{"display_name":"Hal","author_link":"https:\/\/opinionpublica.com.ar\/index\/author\/hal\/"},"category_info":"<a href=\"https:\/\/opinionpublica.com.ar\/index\/category\/tierra-del-fuego\/\" rel=\"category tag\">Tierra del Fuego<\/a>","tag_info":"Tierra del Fuego","comment_count":"0","_links":{"self":[{"href":"https:\/\/opinionpublica.com.ar\/index\/wp-json\/wp\/v2\/posts\/12173","targetHints":{"allow":["GET"]}}],"collection":[{"href":"https:\/\/opinionpublica.com.ar\/index\/wp-json\/wp\/v2\/posts"}],"about":[{"href":"https:\/\/opinionpublica.com.ar\/index\/wp-json\/wp\/v2\/types\/post"}],"author":[{"embeddable":true,"href":"https:\/\/opinionpublica.com.ar\/index\/wp-json\/wp\/v2\/users\/5"}],"replies":[{"embeddable":true,"href":"https:\/\/opinionpublica.com.ar\/index\/wp-json\/wp\/v2\/comments?post=12173"}],"version-history":[{"count":1,"href":"https:\/\/opinionpublica.com.ar\/index\/wp-json\/wp\/v2\/posts\/12173\/revisions"}],"predecessor-version":[{"id":12174,"href":"https:\/\/opinionpublica.com.ar\/index\/wp-json\/wp\/v2\/posts\/12173\/revisions\/12174"}],"wp:featuredmedia":[{"embeddable":true,"href":"https:\/\/opinionpublica.com.ar\/index\/wp-json\/wp\/v2\/media\/3996"}],"wp:attachment":[{"href":"https:\/\/opinionpublica.com.ar\/index\/wp-json\/wp\/v2\/media?parent=12173"}],"wp:term":[{"taxonomy":"category","embeddable":true,"href":"https:\/\/opinionpublica.com.ar\/index\/wp-json\/wp\/v2\/categories?post=12173"},{"taxonomy":"post_tag","embeddable":true,"href":"https:\/\/opinionpublica.com.ar\/index\/wp-json\/wp\/v2\/tags?post=12173"}],"curies":[{"name":"wp","href":"https:\/\/api.w.org\/{rel}","templated":true}]}}