{"id":12175,"date":"2026-01-16T11:16:44","date_gmt":"2026-01-16T14:16:44","guid":{"rendered":"https:\/\/opinionpublica.com.ar\/index\/?p=12175"},"modified":"2026-01-16T11:16:44","modified_gmt":"2026-01-16T14:16:44","slug":"gobernar-en-emergencia-permanente","status":"publish","type":"post","link":"https:\/\/opinionpublica.com.ar\/index\/gobernar-en-emergencia-permanente\/","title":{"rendered":"Gobernar en emergencia permanente"},"content":{"rendered":"<h3>Gobernar en emergencia permanente: cuando se administra la crisis pero se evita la causa<\/h3>\n<p><a href=\"https:\/\/opinionpublica.com.ar\/index\/wp-content\/uploads\/2024\/04\/gustavo-melella.jpg\"><img fetchpriority=\"high\" decoding=\"async\" class=\"alignnone size-full wp-image-1927\" src=\"https:\/\/opinionpublica.com.ar\/index\/wp-content\/uploads\/2024\/04\/gustavo-melella.jpg\" alt=\"\" width=\"1040\" height=\"780\" srcset=\"https:\/\/opinionpublica.com.ar\/index\/wp-content\/uploads\/2024\/04\/gustavo-melella.jpg 1040w, https:\/\/opinionpublica.com.ar\/index\/wp-content\/uploads\/2024\/04\/gustavo-melella-300x225.jpg 300w, https:\/\/opinionpublica.com.ar\/index\/wp-content\/uploads\/2024\/04\/gustavo-melella-1024x768.jpg 1024w, https:\/\/opinionpublica.com.ar\/index\/wp-content\/uploads\/2024\/04\/gustavo-melella-768x576.jpg 768w\" sizes=\"(max-width: 1040px) 100vw, 1040px\" \/><\/a><\/p>\n<p>Las declaraciones del gobernador Gustavo Melella frente a la eliminaci\u00f3n de aranceles a la importaci\u00f3n de celulares vuelven a poner en primer plano una l\u00f3gica que atraviesa su gesti\u00f3n: un Estado que reacciona frente a cada golpe externo, administra la urgencia y apela a la contenci\u00f3n social, pero evita discutir en profundidad las causas estructurales que explican la fragilidad del modelo productivo fueguino.<\/p>\n<p>&nbsp;<\/p>\n<p>La entrada en vigencia del decreto nacional 333\/25 encontr\u00f3 al gobernador en un registro conocido. Con tono grave, Melella advirti\u00f3 que \u201ctras cada aumento de importaciones hay un trabajo argentino menos\u201d y traz\u00f3 un v\u00ednculo directo entre la medida nacional y la p\u00e9rdida de empleo en Tierra del Fuego. El mensaje como siempre emocional y tratando que sea eficaz para ordenar el relato. Que tambi\u00e9n fue incompleto.<\/p>\n<p>&nbsp;<\/p>\n<p>La provincia no lleg\u00f3 a esta situaci\u00f3n por un decreto. La ca\u00edda del empleo, que el propio mandatario reconoce como m\u00e1s profunda que en el promedio nacional, no puede explicarse solo por decisiones tomadas en Buenos Aires. Cuando Tierra del Fuego pierde m\u00e1s puestos de trabajo que el resto del pa\u00eds, el problema deja de ser exclusivamente externo y pasa a interpelar de lleno a la gesti\u00f3n local.<\/p>\n<p>&nbsp;<\/p>\n<p>Durante a\u00f1os, la econom\u00eda fueguina funcion\u00f3 bajo un esquema de protecci\u00f3n excepcional. Ese r\u00e9gimen ten\u00eda un objetivo impl\u00edcito: ganar tiempo para diversificar, innovar y construir una matriz productiva m\u00e1s robusta. El tiempo pas\u00f3. Los beneficios tambi\u00e9n. Y el resultado es una estructura que sigue dependiendo de que nada cambie para no entrar en crisis.<\/p>\n<p>&nbsp;<\/p>\n<p>Cada modificaci\u00f3n en las reglas expone la misma debilidad. La reacci\u00f3n pol\u00edtica es inmediata: alarma, advertencias, llamados a defender el empleo. Pero rara vez aparece una autocr\u00edtica sobre lo que no se hizo mientras el modelo estuvo protegido. La emergencia se explica, se comunica y se administra. La causa, en cambio, permanece intacta.<\/p>\n<p>&nbsp;<\/p>\n<p>Melella sostiene que su gobierno no se queda de brazos cruzados. Habla de reformas, de inversiones y de nuevos polos productivos. Sin embargo, esos anuncios todav\u00eda no logran traducirse en una econom\u00eda menos vulnerable ni en un mercado laboral capaz de resistir cambios de contexto. La contenci\u00f3n social avanza, pero como respuesta tard\u00eda, no como consecuencia de un desarrollo sostenido.<\/p>\n<p>&nbsp;<\/p>\n<p>Administrar la emergencia puede ser inevitable en ciertos momentos. El problema aparece cuando se convierte en el modo habitual de gobernar. Cuando la pol\u00edtica se organiza alrededor de la urgencia, pierde capacidad de anticipaci\u00f3n y renuncia a transformar lo que no funciona. La crisis deja de ser un accidente y pasa a ser el escenario permanente.<\/p>\n<p>&nbsp;<\/p>\n<p>Con altura pol\u00edtica, el debate que deber\u00eda abrirse va m\u00e1s all\u00e1 de un decreto puntual. Tiene que ver con revisar un modelo que muestra se\u00f1ales de agotamiento y con asumir que se\u00f1alar siempre hacia afuera no alcanza. Defender el trabajo fueguino exige algo m\u00e1s que resistencia discursiva: exige decisiones de fondo, planificaci\u00f3n real y la voluntad de desactivar las causas, no solo de administrar sus consecuencias.<\/p>\n","protected":false},"excerpt":{"rendered":"<p>Gobernar en emergencia permanente: cuando se administra la crisis pero se evita la causa Las declaraciones del gobernador<\/p>\n","protected":false},"author":5,"featured_media":1927,"comment_status":"open","ping_status":"open","sticky":false,"template":"","format":"standard","meta":{"footnotes":""},"categories":[2],"tags":[134],"class_list":["post-12175","post","type-post","status-publish","format-standard","has-post-thumbnail","hentry","category-tierra-del-fuego","tag-gustavo-melella"],"featured_image_urls":{"full":["https:\/\/opinionpublica.com.ar\/index\/wp-content\/uploads\/2024\/04\/gustavo-melella.jpg",1040,780,false],"thumbnail":["https:\/\/opinionpublica.com.ar\/index\/wp-content\/uploads\/2024\/04\/gustavo-melella-150x150.jpg",150,150,true],"medium":["https:\/\/opinionpublica.com.ar\/index\/wp-content\/uploads\/2024\/04\/gustavo-melella-300x225.jpg",300,225,true],"medium_large":["https:\/\/opinionpublica.com.ar\/index\/wp-content\/uploads\/2024\/04\/gustavo-melella-768x576.jpg",640,480,true],"large":["https:\/\/opinionpublica.com.ar\/index\/wp-content\/uploads\/2024\/04\/gustavo-melella-1024x768.jpg",640,480,true],"1536x1536":["https:\/\/opinionpublica.com.ar\/index\/wp-content\/uploads\/2024\/04\/gustavo-melella.jpg",1040,780,false],"2048x2048":["https:\/\/opinionpublica.com.ar\/index\/wp-content\/uploads\/2024\/04\/gustavo-melella.jpg",1040,780,false],"morenews-large":["https:\/\/opinionpublica.com.ar\/index\/wp-content\/uploads\/2024\/04\/gustavo-melella-825x575.jpg",825,575,true],"morenews-medium":["https:\/\/opinionpublica.com.ar\/index\/wp-content\/uploads\/2024\/04\/gustavo-melella-590x410.jpg",590,410,true]},"author_info":{"display_name":"Hal","author_link":"https:\/\/opinionpublica.com.ar\/index\/author\/hal\/"},"category_info":"<a href=\"https:\/\/opinionpublica.com.ar\/index\/category\/tierra-del-fuego\/\" rel=\"category tag\">Tierra del Fuego<\/a>","tag_info":"Tierra del Fuego","comment_count":"0","_links":{"self":[{"href":"https:\/\/opinionpublica.com.ar\/index\/wp-json\/wp\/v2\/posts\/12175","targetHints":{"allow":["GET"]}}],"collection":[{"href":"https:\/\/opinionpublica.com.ar\/index\/wp-json\/wp\/v2\/posts"}],"about":[{"href":"https:\/\/opinionpublica.com.ar\/index\/wp-json\/wp\/v2\/types\/post"}],"author":[{"embeddable":true,"href":"https:\/\/opinionpublica.com.ar\/index\/wp-json\/wp\/v2\/users\/5"}],"replies":[{"embeddable":true,"href":"https:\/\/opinionpublica.com.ar\/index\/wp-json\/wp\/v2\/comments?post=12175"}],"version-history":[{"count":1,"href":"https:\/\/opinionpublica.com.ar\/index\/wp-json\/wp\/v2\/posts\/12175\/revisions"}],"predecessor-version":[{"id":12176,"href":"https:\/\/opinionpublica.com.ar\/index\/wp-json\/wp\/v2\/posts\/12175\/revisions\/12176"}],"wp:featuredmedia":[{"embeddable":true,"href":"https:\/\/opinionpublica.com.ar\/index\/wp-json\/wp\/v2\/media\/1927"}],"wp:attachment":[{"href":"https:\/\/opinionpublica.com.ar\/index\/wp-json\/wp\/v2\/media?parent=12175"}],"wp:term":[{"taxonomy":"category","embeddable":true,"href":"https:\/\/opinionpublica.com.ar\/index\/wp-json\/wp\/v2\/categories?post=12175"},{"taxonomy":"post_tag","embeddable":true,"href":"https:\/\/opinionpublica.com.ar\/index\/wp-json\/wp\/v2\/tags?post=12175"}],"curies":[{"name":"wp","href":"https:\/\/api.w.org\/{rel}","templated":true}]}}