{"id":12180,"date":"2026-01-19T09:52:34","date_gmt":"2026-01-19T12:52:34","guid":{"rendered":"https:\/\/opinionpublica.com.ar\/index\/?p=12180"},"modified":"2026-01-19T09:52:34","modified_gmt":"2026-01-19T12:52:34","slug":"el-relato-de-la-fabrica-de-talentos","status":"publish","type":"post","link":"https:\/\/opinionpublica.com.ar\/index\/el-relato-de-la-fabrica-de-talentos\/","title":{"rendered":"El relato de la \u201cF\u00e1brica de Talentos\u201d"},"content":{"rendered":"<h3>El relato de la \u201cF\u00e1brica de Talentos\u201d<\/h3>\n<p>La Agencia que se convirti\u00f3 en un refugio de militantes pagos con fondos p\u00fablicos<\/p>\n<p><a href=\"https:\/\/opinionpublica.com.ar\/index\/wp-content\/uploads\/2026\/01\/ed5c92d7de8cd13bf04afc72ea5d3edb4df00058.jpg\"><img fetchpriority=\"high\" decoding=\"async\" class=\"alignnone size-full wp-image-12181\" src=\"https:\/\/opinionpublica.com.ar\/index\/wp-content\/uploads\/2026\/01\/ed5c92d7de8cd13bf04afc72ea5d3edb4df00058.jpg\" alt=\"\" width=\"880\" height=\"512\" srcset=\"https:\/\/opinionpublica.com.ar\/index\/wp-content\/uploads\/2026\/01\/ed5c92d7de8cd13bf04afc72ea5d3edb4df00058.jpg 880w, https:\/\/opinionpublica.com.ar\/index\/wp-content\/uploads\/2026\/01\/ed5c92d7de8cd13bf04afc72ea5d3edb4df00058-300x175.jpg 300w, https:\/\/opinionpublica.com.ar\/index\/wp-content\/uploads\/2026\/01\/ed5c92d7de8cd13bf04afc72ea5d3edb4df00058-768x447.jpg 768w\" sizes=\"(max-width: 880px) 100vw, 880px\" \/><\/a><\/p>\n<p>En dos a\u00f1os paso de 87 a mas del doble de empleados. Con un gasto que superar\u00e1 los $11.000 millones en 2026 y una estructura que ya alcanza los 215 empleados, la denominada \u201cF\u00e1brica de Talentos\u201d se transform\u00f3 en una de las agencias m\u00e1s costosas del gobierno de Melella. A m\u00e1s de tres a\u00f1os de su puesta en marcha, no existen resultados concretos en inversi\u00f3n, reconversi\u00f3n productiva ni desarrollo de la industria del conocimiento, mientras el \u00fanico crecimiento visible es el del empleo p\u00fablico y los cargos pol\u00edticos financiados con fondos provinciales.<\/p>\n<p>&nbsp;<\/p>\n<p>Tierra del Fuego apost\u00f3 en los \u00faltimos a\u00f1os a consolidar un nuevo actor en su esquema productivo: la Agencia de Innovaci\u00f3n Fueguina (AIF), popularmente conocida como la \u201cF\u00e1brica de Talentos\u201d, un organismo que promet\u00eda impulsar la econom\u00eda del conocimiento, diversificar la matriz productiva y generar capital humano t\u00e9cnico para enfrentar los desaf\u00edos del futuro.<\/p>\n<p>&nbsp;<\/p>\n<p>Sin embargo, a medida que la estructura creci\u00f3 en presupuesto y personal, tambi\u00e9n lo hicieron las cr\u00edticas sobre su eficacia real, su opacidad y la utilizaci\u00f3n del organismo como un instrumento pol\u00edtico con m\u00e1s empleados p\u00fablicos que resultados tangibles para la comunidad.<\/p>\n<p>&nbsp;<\/p>\n<p>Un crecimiento explosivo: de promesa a gasto p\u00fablico<\/p>\n<p>La AIF fue concebida como una agencia con personalidad jur\u00eddica aut\u00f3noma, destinada a articular acciones entre el Estado, el sector privado y los entornos acad\u00e9micos para fomentar innovaci\u00f3n, tecnolog\u00eda y desarrollo productivo en la provincia. En la teor\u00eda, una iniciativa clave para reducir la hist\u00f3rica dependencia del sector manufacturero tradicional.<\/p>\n<p>&nbsp;<\/p>\n<p>Pero en la pr\u00e1ctica, la realidad presenta otros n\u00fameros. Desde su inicio en 2022 con una estructura modesta, la \u201cF\u00e1brica de Talentos\u201d experiment\u00f3 un crecimiento explosivo en su planta de personal y en su gasto en sueldos, sin que esto se traduzca en resultados palpables de reconversi\u00f3n productiva o atracci\u00f3n de inversiones:<\/p>\n<p>&nbsp;<\/p>\n<p>En 2023, la estructura contaba con 87 empleados entre planta permanente y cargos pol\u00edticos, con un presupuesto cercano a 4 mil millones de pesos.<\/p>\n<p>&nbsp;<\/p>\n<p>Para 2024, ese n\u00famero escal\u00f3 a m\u00e1s de 185 trabajadores y se consumieron 5.4 mil millones de pesos del presupuesto provincial sin informes p\u00fablicos detallados de impacto.<\/p>\n<p>&nbsp;<\/p>\n<p>En 2025, el organismo estim\u00f3 un gasto superior a 8 mil millones de pesos con alrededor de 200 empleados, siendo la mitad cargos pol\u00edticos de confianza.<\/p>\n<p>&nbsp;<\/p>\n<p>Actualmente, la Agencia confirm\u00f3 que cuenta con 215 personas bajo su estructura, y solo en 2025 el gasto en personal ascendi\u00f3 a m\u00e1s de 8.112 millones de pesos. Para 2026, la proyecci\u00f3n presupuestaria total supera los 11 mil millones de pesos.<\/p>\n<p>&nbsp;<\/p>\n<p>En conjunto, desde su creaci\u00f3n hasta la actualidad, la \u201cF\u00e1brica de Talentos\u201d ha drenado m\u00e1s de 20 mil millones de pesos del presupuesto provincial, una cifra comparable al monto que el propio gobernador solicit\u00f3 a empresarios en concepto de adelantos de impuestos y a la negociaci\u00f3n financiera con el Ministerio de Econom\u00eda nacional para sortear el d\u00e9ficit de fin de a\u00f1o.<\/p>\n<p>&nbsp;<\/p>\n<p>M\u00e1s funcionarios que innovaci\u00f3n<\/p>\n<p>La comparaci\u00f3n entre el gasto en salarios y la productividad real arroja un dato inquietante: gran parte del presupuesto se destina a remuneraciones y cargos p\u00fablicos, con escasa evidencia de pol\u00edticas de reconversi\u00f3n efectivas en sectores de econom\u00eda del conocimiento o tecnolog\u00eda avanzada.<\/p>\n<p>&nbsp;<\/p>\n<p>Mientras tanto, otros sectores esenciales del Estado provincial \u2014como servicios de agua, energ\u00eda el\u00e9ctrica, salud y educaci\u00f3n\u2014 atraviesan situaciones deficitarias o cr\u00edticas, lo que plantea preguntas sobre prioridades de gesti\u00f3n y asignaci\u00f3n de recursos.<\/p>\n<p>&nbsp;<\/p>\n<p>Diversos legisladores y analistas locales han se\u00f1alado que la AIF, m\u00e1s que un motor de innovaci\u00f3n, se ha convertido en un \u201cespacio de reclutamiento de militantes pol\u00edticos\u201d, en particular de adherentes a FORJA, el espacio pol\u00edtico del gobernador, con la consecuente expansi\u00f3n de cargos de confianza que no siempre est\u00e1n asociados a funciones claras de servicio p\u00fablico o impacto productivo.<\/p>\n<p>&nbsp;<\/p>\n<p>La sombra de la opacidad y la falta de resultados<\/p>\n<p>M\u00e1s all\u00e1 de los n\u00fameros de empleados y presupuesto, el debate principal gira en torno a la falta de transparencia y rendici\u00f3n de cuentas. Los pedidos de informes legislativos sobre el destino de los recursos recibidos por la Agencia y los resultados concretos en t\u00e9rminos de generaci\u00f3n de inversiones y empleo calificado han sido respondidos con evasivas o respuestas parciales.<\/p>\n<p>&nbsp;<\/p>\n<p>La promesa de una pol\u00edtica p\u00fablica capaz de atraer inversi\u00f3n y consolidar una base tecnol\u00f3gica fueguina queda as\u00ed empa\u00f1ada por la percepci\u00f3n de que el organismo opera m\u00e1s como una estructura pol\u00edtica interna que como una herramienta de transformaci\u00f3n econ\u00f3mica real.<\/p>\n<p>&nbsp;<\/p>\n<p>El rol de Anal\u00eda Cubino y el contexto pol\u00edtico<\/p>\n<p>La figura central de la Agencia es Anal\u00eda Cubino, actual referente del \u00e1rea. Su llegada al cargo sigue a una controvertida salida del Ministerio de Educaci\u00f3n, donde su gesti\u00f3n fue ampliamente cuestionada. La conducci\u00f3n de la \u201cF\u00e1brica de Talentos\u201d por parte de Cubino ha intensificado el debate sobre si la iniciativa es un proyecto t\u00e9cnico con objetivos claros o simplemente una extensi\u00f3n del aparato pol\u00edtico del gobierno provincial.<\/p>\n<p>&nbsp;<\/p>\n<p>Desde la gesti\u00f3n se sostiene una narrativa de futuro: \u201cCon esta iniciativa buscamos demostrar que desde el Estado se pueden generar espacios de calidad para darle igualdad de oportunidades\u2026\u201d \u2014 declaraciones que contrastan con la escasez de datos verificables sobre impacto econ\u00f3mico, atracci\u00f3n de inversiones o generaci\u00f3n de empleo en sectores tecnol\u00f3gicos competitivos.<\/p>\n<p>&nbsp;<\/p>\n<p>Un desaf\u00edo pendiente para la provincia<\/p>\n<p>En un contexto donde la provincia cerr\u00f3 2025 con un d\u00e9ficit superior a los 70 mil millones de pesos, decisiones como la expansi\u00f3n presupuestaria de la Agencia de Innovaci\u00f3n plantean un debate profundo sobre prioridades fiscales, eficiencia estatal y modelo de desarrollo regional.<\/p>\n<p>&nbsp;<\/p>\n<p>La \u201cF\u00e1brica de Talentos\u201d fue una promesa de modernizaci\u00f3n. Hoy, sus resultados reales siguen siendo un terreno de disputa pol\u00edtica y an\u00e1lisis riguroso. El desaf\u00edo para Tierra del Fuego no es solo invertir recursos, sino demostrar con cifras claras que esos recursos generan valor agregado, crecimiento productivo y bienestar social, y no \u00fanicamente una estructura de empleo p\u00fablico costosa y pol\u00edticamente funcional.<\/p>\n","protected":false},"excerpt":{"rendered":"<p>El relato de la \u201cF\u00e1brica de Talentos\u201d La Agencia que se convirti\u00f3 en un refugio de militantes pagos<\/p>\n","protected":false},"author":5,"featured_media":12181,"comment_status":"open","ping_status":"open","sticky":false,"template":"","format":"standard","meta":{"footnotes":""},"categories":[29],"tags":[],"class_list":["post-12180","post","type-post","status-publish","format-standard","has-post-thumbnail","hentry","category-interes-general"],"featured_image_urls":{"full":["https:\/\/opinionpublica.com.ar\/index\/wp-content\/uploads\/2026\/01\/ed5c92d7de8cd13bf04afc72ea5d3edb4df00058.jpg",880,512,false],"thumbnail":["https:\/\/opinionpublica.com.ar\/index\/wp-content\/uploads\/2026\/01\/ed5c92d7de8cd13bf04afc72ea5d3edb4df00058-150x150.jpg",150,150,true],"medium":["https:\/\/opinionpublica.com.ar\/index\/wp-content\/uploads\/2026\/01\/ed5c92d7de8cd13bf04afc72ea5d3edb4df00058-300x175.jpg",300,175,true],"medium_large":["https:\/\/opinionpublica.com.ar\/index\/wp-content\/uploads\/2026\/01\/ed5c92d7de8cd13bf04afc72ea5d3edb4df00058-768x447.jpg",640,373,true],"large":["https:\/\/opinionpublica.com.ar\/index\/wp-content\/uploads\/2026\/01\/ed5c92d7de8cd13bf04afc72ea5d3edb4df00058.jpg",640,372,false],"1536x1536":["https:\/\/opinionpublica.com.ar\/index\/wp-content\/uploads\/2026\/01\/ed5c92d7de8cd13bf04afc72ea5d3edb4df00058.jpg",880,512,false],"2048x2048":["https:\/\/opinionpublica.com.ar\/index\/wp-content\/uploads\/2026\/01\/ed5c92d7de8cd13bf04afc72ea5d3edb4df00058.jpg",880,512,false],"morenews-large":["https:\/\/opinionpublica.com.ar\/index\/wp-content\/uploads\/2026\/01\/ed5c92d7de8cd13bf04afc72ea5d3edb4df00058-825x512.jpg",825,512,true],"morenews-medium":["https:\/\/opinionpublica.com.ar\/index\/wp-content\/uploads\/2026\/01\/ed5c92d7de8cd13bf04afc72ea5d3edb4df00058-590x410.jpg",590,410,true]},"author_info":{"display_name":"Hal","author_link":"https:\/\/opinionpublica.com.ar\/index\/author\/hal\/"},"category_info":"<a href=\"https:\/\/opinionpublica.com.ar\/index\/category\/interes-general\/\" rel=\"category tag\">Interes General<\/a>","tag_info":"Interes General","comment_count":"0","_links":{"self":[{"href":"https:\/\/opinionpublica.com.ar\/index\/wp-json\/wp\/v2\/posts\/12180","targetHints":{"allow":["GET"]}}],"collection":[{"href":"https:\/\/opinionpublica.com.ar\/index\/wp-json\/wp\/v2\/posts"}],"about":[{"href":"https:\/\/opinionpublica.com.ar\/index\/wp-json\/wp\/v2\/types\/post"}],"author":[{"embeddable":true,"href":"https:\/\/opinionpublica.com.ar\/index\/wp-json\/wp\/v2\/users\/5"}],"replies":[{"embeddable":true,"href":"https:\/\/opinionpublica.com.ar\/index\/wp-json\/wp\/v2\/comments?post=12180"}],"version-history":[{"count":1,"href":"https:\/\/opinionpublica.com.ar\/index\/wp-json\/wp\/v2\/posts\/12180\/revisions"}],"predecessor-version":[{"id":12182,"href":"https:\/\/opinionpublica.com.ar\/index\/wp-json\/wp\/v2\/posts\/12180\/revisions\/12182"}],"wp:featuredmedia":[{"embeddable":true,"href":"https:\/\/opinionpublica.com.ar\/index\/wp-json\/wp\/v2\/media\/12181"}],"wp:attachment":[{"href":"https:\/\/opinionpublica.com.ar\/index\/wp-json\/wp\/v2\/media?parent=12180"}],"wp:term":[{"taxonomy":"category","embeddable":true,"href":"https:\/\/opinionpublica.com.ar\/index\/wp-json\/wp\/v2\/categories?post=12180"},{"taxonomy":"post_tag","embeddable":true,"href":"https:\/\/opinionpublica.com.ar\/index\/wp-json\/wp\/v2\/tags?post=12180"}],"curies":[{"name":"wp","href":"https:\/\/api.w.org\/{rel}","templated":true}]}}