{"id":12183,"date":"2026-01-19T10:06:32","date_gmt":"2026-01-19T13:06:32","guid":{"rendered":"https:\/\/opinionpublica.com.ar\/index\/?p=12183"},"modified":"2026-01-19T10:06:32","modified_gmt":"2026-01-19T13:06:32","slug":"fin-del-arancel-a-celulares-por-que-los-precios-en-la-argentina-seguiran-duplicando-a-los-de-estados-unidos","status":"publish","type":"post","link":"https:\/\/opinionpublica.com.ar\/index\/fin-del-arancel-a-celulares-por-que-los-precios-en-la-argentina-seguiran-duplicando-a-los-de-estados-unidos\/","title":{"rendered":"Fin del arancel a celulares: por qu\u00e9 los precios en la Argentina seguir\u00e1n duplicando a los de Estados Unidos"},"content":{"rendered":"<h3>Fin del arancel a celulares: por qu\u00e9 los precios en la Argentina seguir\u00e1n duplicando a los de Estados Unidos<\/h3>\n<p>A pesar de la eliminaci\u00f3n del impuesto a la importaci\u00f3n que rige desde este jueves, la brecha de precios con el exterior se mantiene elevada. La versi\u00f3n de los distribuidores.<\/p>\n<p><a href=\"https:\/\/opinionpublica.com.ar\/index\/wp-content\/uploads\/2026\/01\/adorni-celular.jpg\"><img fetchpriority=\"high\" decoding=\"async\" class=\"alignnone size-full wp-image-12184\" src=\"https:\/\/opinionpublica.com.ar\/index\/wp-content\/uploads\/2026\/01\/adorni-celular.jpg\" alt=\"\" width=\"610\" height=\"406\" srcset=\"https:\/\/opinionpublica.com.ar\/index\/wp-content\/uploads\/2026\/01\/adorni-celular.jpg 610w, https:\/\/opinionpublica.com.ar\/index\/wp-content\/uploads\/2026\/01\/adorni-celular-300x200.jpg 300w\" sizes=\"(max-width: 610px) 100vw, 610px\" \/><\/a><\/p>\n<p>La quita de aranceles para la importaci\u00f3n de tel\u00e9fonos celulares en la Argentina no se traducir\u00e1 en un alivio inmediato para el bolsillo de los consumidores, incluso pese a la declaraci\u00f3n del jefe de Gabinete, Manuel Adorni, que prometi\u00f3 \u00abmejores precios para todos\u00bb.<\/p>\n<p>&nbsp;<\/p>\n<p>Seg\u00fan los valores de mercado actuales, un dispositivo en el pa\u00eds sigue costando hasta el doble que en los Estados Unidos y un 60% m\u00e1s que en Chile. Esta persistente diferencia de precios responde a una estructura de costos que va m\u00e1s all\u00e1 del arancel aduanero, incluyendo el tipo de cambio, la compleja log\u00edstica nacional y el peso de los impuestos internos, de acuerdo con los vendedores.<\/p>\n<p>&nbsp;<\/p>\n<p>Desde el sector de los distribuidores oficiales explicaron que la medida no provocar\u00e1 nuevos recortes en las vidrieras porque el ajuste ya hab\u00eda sido aplicado de manera preventiva, de acuerdo con Clar\u00edn.<\/p>\n<p>&nbsp;<\/p>\n<p>Voceros de MacStation, distribuidor de Apple en el pa\u00eds, se\u00f1alaron que la eliminaci\u00f3n del impuesto ya fue contemplada al momento de fijar los precios de lanzamiento del iPhone 17 y de toda la l\u00ednea actual. Seg\u00fan indicaron, no consideran necesario realizar reducciones adicionales en esta instancia, dado que el valor de venta ya se hab\u00eda ajustado para intentar ganar competitividad frente al mercado externo.<\/p>\n<p>&nbsp;<\/p>\n<p>Por su parte, referentes de Maximstore analizaron el comportamiento de la demanda y coincidieron en que la baja de aranceles tiene un impacto m\u00e1s significativo en las compras corporativas que en el consumidor final. Adem\u00e1s, destacaron que el mercado del iPhone 17 se vio condicionado por una fuerte demanda global combinada con una oferta limitada, lo que mantuvo los precios firmes a nivel mundial.<\/p>\n<p>&nbsp;<\/p>\n<p>En algunas categor\u00edas de productos, la firma tambi\u00e9n opt\u00f3 por adelantarse a la normativa oficial, reduciendo precios meses atr\u00e1s al prever un costo de reposici\u00f3n menor.<\/p>\n<p>&nbsp;<\/p>\n<p>En definitiva, aunque la eliminaci\u00f3n del arancel es un paso hacia la apertura comercial, Argentina contin\u00faa siendo uno de los pa\u00edses m\u00e1s caros de la regi\u00f3n para adquirir tecnolog\u00eda. Los expertos sugieren que, mientras persistan los otros componentes de la carga impositiva y los altos costos de distribuci\u00f3n local, comprar equipos en el exterior seguir\u00e1 siendo la opci\u00f3n preferida para quienes buscan ahorrar, a pesar de las facilidades de financiaci\u00f3n que intentan ofrecer las tiendas locales.<\/p>\n<p>&nbsp;<\/p>\n<p>Precios de los celulares en la Argentina y el exterior<\/p>\n<p>iPhone 17 Pro Max 256 GB<\/p>\n<p>Argentina: US$ 2.229 (\u2248 $3,3 millones)<\/p>\n<p>Chile: US$ 1.757 (\u2248 $2,6 millones)<\/p>\n<p>Samsung Galaxy S25 FE<\/p>\n<p>Argentina: US$ 1.216 ($1.799.999)<\/p>\n<p>Chile: US$ 736,92 ($1.090.612)<\/p>\n<p>Motorola Moto G35 5G 256 GB<\/p>\n<p>Argentina: $399.999 (US$ 270)<\/p>\n<p>Chile: $380.910 (US$ 256)<\/p>\n<p>&nbsp;<\/p>\n<p>&nbsp;<\/p>\n","protected":false},"excerpt":{"rendered":"<p>Fin del arancel a celulares: por qu\u00e9 los precios en la Argentina seguir\u00e1n duplicando a los de Estados<\/p>\n","protected":false},"author":5,"featured_media":12184,"comment_status":"open","ping_status":"open","sticky":false,"template":"","format":"standard","meta":{"footnotes":""},"categories":[2],"tags":[976,539,357,2513,212],"class_list":["post-12183","post","type-post","status-publish","format-standard","has-post-thumbnail","hentry","category-tierra-del-fuego","tag-celulares","tag-estados-unidos","tag-impuestos","tag-manuel-adorni","tag-precios"],"featured_image_urls":{"full":["https:\/\/opinionpublica.com.ar\/index\/wp-content\/uploads\/2026\/01\/adorni-celular.jpg",610,406,false],"thumbnail":["https:\/\/opinionpublica.com.ar\/index\/wp-content\/uploads\/2026\/01\/adorni-celular-150x150.jpg",150,150,true],"medium":["https:\/\/opinionpublica.com.ar\/index\/wp-content\/uploads\/2026\/01\/adorni-celular-300x200.jpg",300,200,true],"medium_large":["https:\/\/opinionpublica.com.ar\/index\/wp-content\/uploads\/2026\/01\/adorni-celular.jpg",610,406,false],"large":["https:\/\/opinionpublica.com.ar\/index\/wp-content\/uploads\/2026\/01\/adorni-celular.jpg",610,406,false],"1536x1536":["https:\/\/opinionpublica.com.ar\/index\/wp-content\/uploads\/2026\/01\/adorni-celular.jpg",610,406,false],"2048x2048":["https:\/\/opinionpublica.com.ar\/index\/wp-content\/uploads\/2026\/01\/adorni-celular.jpg",610,406,false],"morenews-large":["https:\/\/opinionpublica.com.ar\/index\/wp-content\/uploads\/2026\/01\/adorni-celular.jpg",610,406,false],"morenews-medium":["https:\/\/opinionpublica.com.ar\/index\/wp-content\/uploads\/2026\/01\/adorni-celular-590x406.jpg",590,406,true]},"author_info":{"display_name":"Hal","author_link":"https:\/\/opinionpublica.com.ar\/index\/author\/hal\/"},"category_info":"<a href=\"https:\/\/opinionpublica.com.ar\/index\/category\/tierra-del-fuego\/\" rel=\"category tag\">Tierra del Fuego<\/a>","tag_info":"Tierra del Fuego","comment_count":"0","_links":{"self":[{"href":"https:\/\/opinionpublica.com.ar\/index\/wp-json\/wp\/v2\/posts\/12183","targetHints":{"allow":["GET"]}}],"collection":[{"href":"https:\/\/opinionpublica.com.ar\/index\/wp-json\/wp\/v2\/posts"}],"about":[{"href":"https:\/\/opinionpublica.com.ar\/index\/wp-json\/wp\/v2\/types\/post"}],"author":[{"embeddable":true,"href":"https:\/\/opinionpublica.com.ar\/index\/wp-json\/wp\/v2\/users\/5"}],"replies":[{"embeddable":true,"href":"https:\/\/opinionpublica.com.ar\/index\/wp-json\/wp\/v2\/comments?post=12183"}],"version-history":[{"count":1,"href":"https:\/\/opinionpublica.com.ar\/index\/wp-json\/wp\/v2\/posts\/12183\/revisions"}],"predecessor-version":[{"id":12185,"href":"https:\/\/opinionpublica.com.ar\/index\/wp-json\/wp\/v2\/posts\/12183\/revisions\/12185"}],"wp:featuredmedia":[{"embeddable":true,"href":"https:\/\/opinionpublica.com.ar\/index\/wp-json\/wp\/v2\/media\/12184"}],"wp:attachment":[{"href":"https:\/\/opinionpublica.com.ar\/index\/wp-json\/wp\/v2\/media?parent=12183"}],"wp:term":[{"taxonomy":"category","embeddable":true,"href":"https:\/\/opinionpublica.com.ar\/index\/wp-json\/wp\/v2\/categories?post=12183"},{"taxonomy":"post_tag","embeddable":true,"href":"https:\/\/opinionpublica.com.ar\/index\/wp-json\/wp\/v2\/tags?post=12183"}],"curies":[{"name":"wp","href":"https:\/\/api.w.org\/{rel}","templated":true}]}}